{"id":48732,"date":"2022-05-10T22:30:02","date_gmt":"2022-05-11T01:30:02","guid":{"rendered":"https:\/\/vocesparalelas.com.ar\/sitio\/?p=48732"},"modified":"2023-07-14T12:47:44","modified_gmt":"2023-07-14T15:47:44","slug":"asumieron-las-autoridades-del-gremio-apunsj","status":"publish","type":"post","link":"https:\/\/vocesparalelas.com.ar\/sitio\/asumieron-las-autoridades-del-gremio-apunsj\/","title":{"rendered":"Asumieron las autoridades del Gremio APUNSJ"},"content":{"rendered":"<p>La Junta Electoral de la Asociaci\u00f3n del Personal No Docente de la Universidad Nacional de San Juan &#8211; APUNSJ &#8211; proclam\u00f3 las autoridades electas el 06 de Mayo de 2022.<\/p>\n<p>Por ello, se puso en sus funciones las autoridades electas por el periodo de 3 a\u00f1os a partir del 10 de Mayo de 2022 que son los responsables de regir los destinos de APUNSJ.<\/p>\n<ul>\n<li>Secretario General: Daniel Dur\u00e1n<\/li>\n<li>Secretario Adjunto: Miguel \u00c1ngel Ortega<\/li>\n<li>Secretario Gremial: Mauro Castro<\/li>\n<li>Pro Secretario Gremial: Laura Quiroga<\/li>\n<li>Secretario de Hacienda y Finanzas: Carlos Contreras<\/li>\n<li>Pro Secretario de Hacienda y Finanzas: Daniela \u00c1vila<\/li>\n<li>Secretario de Actas: Ver\u00f3nica G\u00f3mez<\/li>\n<li>Pro Secretario de Actas: Teresa Andino<\/li>\n<li>Secretario de Acci\u00f3n Social: Ver\u00f3nica Pe\u00f1aloza<\/li>\n<li>Pro Secretario de Acci\u00f3n Social: Domingo Carmona<\/li>\n<li>Secretario de Organizaci\u00f3n y Administraci\u00f3n: Alexis Cachi<\/li>\n<li>Pro Secretario de Organizaci\u00f3n y Administraci\u00f3n: Laura Narvaez<\/li>\n<li>Secretario de Prensa y Difusi\u00f3n: Pablo Garay<\/li>\n<li>Pro Secretario de Prensa y Difusi\u00f3n: Marta Castro<\/li>\n<li>Congresales Nacionales Titulares: Jorge Rivero; Florencia Est\u00e9vez y Roberto Aguirr\u00e9s<\/li>\n<li>Congresales Nacionales Suplentes: Eduardo Olivares; Delia Diaz; Roberto Tulco y Jos\u00e9 Cafani<\/li>\n<li>Revisores de Cuentas Titulares: Hugo C\u00edcero; Agostina Rocchetti y Jorger Reartes<\/li>\n<li>Revisores de Cuentas Suplentes: Pedro Ferreyra; Mar\u00eda Luisa Botto y Noelia Recio<\/li>\n<\/ul>\n<p>Durante el acto, la mesa acad\u00e9mica se conform\u00f3 con el Rector de la UNSJ, Ing. Tadeo Berenguer, el Secretario General de APUNSJ,\u00a0 Daniel Dur\u00e1n; Secretario Gremial, Mauro Castro; Revisora de Cuentas Titulares, Agostina Rocchetti; Secretario de Hacienda y Finanzas, Carlos Contreras;\u00a0Pro Secretario Gremial, Laura Quiroga, representante de DAMSU, Ver\u00f3nica Reinoso.<\/p>\n<p><img loading=\"lazy\" decoding=\"async\" class=\"alignnone size-full wp-image-48734\" src=\"https:\/\/vocesparalelas.com.ar\/sitio\/wp-content\/uploads\/2022\/05\/APUNSJ-01.jpg\" alt=\"\" width=\"800\" height=\"533\" srcset=\"https:\/\/vocesparalelas.com.ar\/sitio\/wp-content\/uploads\/2022\/05\/APUNSJ-01.jpg 800w, https:\/\/vocesparalelas.com.ar\/sitio\/wp-content\/uploads\/2022\/05\/APUNSJ-01-300x200.jpg 300w, https:\/\/vocesparalelas.com.ar\/sitio\/wp-content\/uploads\/2022\/05\/APUNSJ-01-768x512.jpg 768w\" sizes=\"auto, (max-width: 800px) 100vw, 800px\" \/><\/p>\n<p>Por ello, Voces Paralelas desarroll\u00f3 la entrevista period\u00edstica al Secretario General de APUNSJ,\u00a0 Daniel Dur\u00e1n quien destac\u00f3 lo que se viene en la gesti\u00f3n comprometida.<\/p>\n<p><iframe loading=\"lazy\" title=\"APUNSJ DANIEL DUR\u00c1N\" width=\"800\" height=\"450\" src=\"https:\/\/www.youtube.com\/embed\/pOEcShXNgXw?feature=oembed\" frameborder=\"0\" allow=\"accelerometer; autoplay; clipboard-write; encrypted-media; gyroscope; picture-in-picture; web-share\" allowfullscreen><\/iframe><\/p>\n<p>Posteriormente, al Rector de la UNSJ, Ing. Tadeo Berenguer, quien remarc\u00f3 la importancia de la renovaci\u00f3n de las autoridades del gremio APUNSJ y la necesidad de reforzar los lazos por un trabajo conjunto para el bien es la Universidad nacional de San Juan.<\/p>\n<p><iframe loading=\"lazy\" title=\"APUNSJ RECTOR ING TADEO BERENGUER\" width=\"800\" height=\"450\" src=\"https:\/\/www.youtube.com\/embed\/6V7lDLI537c?feature=oembed\" frameborder=\"0\" allow=\"accelerometer; autoplay; clipboard-write; encrypted-media; gyroscope; picture-in-picture; web-share\" allowfullscreen><\/iframe><\/p>\n<p>Los mejores \u00e9xitos de la gesti\u00f3n por parte de la Comisi\u00f3n Directiva de APUNSJ.<\/p>\n","protected":false},"excerpt":{"rendered":"<p>La Junta Electoral de la Asociaci\u00f3n del Personal No Docente de la Universidad Nacional de San Juan &#8211; APUNSJ &#8211;<\/p>\n","protected":false},"author":3,"featured_media":48735,"comment_status":"closed","ping_status":"closed","sticky":false,"template":"","format":"standard","meta":{"_acf_changed":false,"_seopress_robots_primary_cat":"none","_seopress_titles_title":"","_seopress_titles_desc":"","_seopress_robots_index":"","colormag_page_container_layout":"default_layout","colormag_page_sidebar_layout":"default_layout","footnotes":""},"categories":[11,7],"tags":[],"class_list":["post-48732","post","type-post","status-publish","format-standard","has-post-thumbnail","hentry","category-sociales","category-videos"],"acf":[],"_links":{"self":[{"href":"https:\/\/vocesparalelas.com.ar\/sitio\/wp-json\/wp\/v2\/posts\/48732","targetHints":{"allow":["GET"]}}],"collection":[{"href":"https:\/\/vocesparalelas.com.ar\/sitio\/wp-json\/wp\/v2\/posts"}],"about":[{"href":"https:\/\/vocesparalelas.com.ar\/sitio\/wp-json\/wp\/v2\/types\/post"}],"author":[{"embeddable":true,"href":"https:\/\/vocesparalelas.com.ar\/sitio\/wp-json\/wp\/v2\/users\/3"}],"replies":[{"embeddable":true,"href":"https:\/\/vocesparalelas.com.ar\/sitio\/wp-json\/wp\/v2\/comments?post=48732"}],"version-history":[{"count":1,"href":"https:\/\/vocesparalelas.com.ar\/sitio\/wp-json\/wp\/v2\/posts\/48732\/revisions"}],"predecessor-version":[{"id":48736,"href":"https:\/\/vocesparalelas.com.ar\/sitio\/wp-json\/wp\/v2\/posts\/48732\/revisions\/48736"}],"wp:featuredmedia":[{"embeddable":true,"href":"https:\/\/vocesparalelas.com.ar\/sitio\/wp-json\/wp\/v2\/media\/48735"}],"wp:attachment":[{"href":"https:\/\/vocesparalelas.com.ar\/sitio\/wp-json\/wp\/v2\/media?parent=48732"}],"wp:term":[{"taxonomy":"category","embeddable":true,"href":"https:\/\/vocesparalelas.com.ar\/sitio\/wp-json\/wp\/v2\/categories?post=48732"},{"taxonomy":"post_tag","embeddable":true,"href":"https:\/\/vocesparalelas.com.ar\/sitio\/wp-json\/wp\/v2\/tags?post=48732"}],"curies":[{"name":"wp","href":"https:\/\/api.w.org\/{rel}","templated":true}]}}