{"id":48729,"date":"2022-05-10T22:13:00","date_gmt":"2022-05-11T01:13:00","guid":{"rendered":"https:\/\/vocesparalelas.com.ar\/sitio\/?p=48729"},"modified":"2022-05-14T00:09:45","modified_gmt":"2022-05-14T03:09:45","slug":"las-instituciones-educativas-deportivas-sociales-culturales-y-ong-para-pedir-la-donacion-de-arboles-en-el-plan-forestal-de-san-juan-2022","status":"publish","type":"post","link":"https:\/\/vocesparalelas.com.ar\/sitio\/las-instituciones-educativas-deportivas-sociales-culturales-y-ong-para-pedir-la-donacion-de-arboles-en-el-plan-forestal-de-san-juan-2022\/","title":{"rendered":"Las instituciones educativas, deportivas, sociales, culturales y ONG para pedir la donaci\u00f3n de \u00e1rboles en el Plan Forestal de San Juan 2022"},"content":{"rendered":"<p>La Secretar\u00eda de Estado de Ambiente y Desarrollo Sustentable del Gobierno de San Juan\u00a0 informa, a trav\u00e9s de la Direcci\u00f3n de Arbolado P\u00fablico que, las instituciones educativas, deportivas, sociales, culturales y ONG que requieran la donaci\u00f3n de \u00e1rboles, tienen plazo de presentaci\u00f3n de solicitud hasta el 27 de Mayo de 2022.<\/p>\n<p>La misma debe ser presentada en la Direcci\u00f3n de Arbolado P\u00fablico, tercer piso del Centro C\u00edvico, n\u00facleo 5, de 08 a 13 hs.<\/p>\n<p>Se destaca que los ejemplares a entregar en el marco del Plan Forestal Provincial 2022, son de especies aut\u00f3ctonas.<\/p>\n<p>Publicado el 10 de Mayo de 2022.<\/p>\n","protected":false},"excerpt":{"rendered":"<p>La Secretar\u00eda de Estado de Ambiente y Desarrollo Sustentable del Gobierno de San Juan\u00a0 informa, a trav\u00e9s de la Direcci\u00f3n<\/p>\n","protected":false},"author":3,"featured_media":25833,"comment_status":"closed","ping_status":"closed","sticky":false,"template":"","format":"standard","meta":{"_acf_changed":false,"_seopress_robots_primary_cat":"none","_seopress_titles_title":"","_seopress_titles_desc":"","_seopress_robots_index":"","colormag_page_container_layout":"default_layout","colormag_page_sidebar_layout":"default_layout","footnotes":""},"categories":[2],"tags":[],"class_list":["post-48729","post","type-post","status-publish","format-standard","has-post-thumbnail","hentry","category-convocatorias"],"acf":[],"_links":{"self":[{"href":"https:\/\/vocesparalelas.com.ar\/sitio\/wp-json\/wp\/v2\/posts\/48729","targetHints":{"allow":["GET"]}}],"collection":[{"href":"https:\/\/vocesparalelas.com.ar\/sitio\/wp-json\/wp\/v2\/posts"}],"about":[{"href":"https:\/\/vocesparalelas.com.ar\/sitio\/wp-json\/wp\/v2\/types\/post"}],"author":[{"embeddable":true,"href":"https:\/\/vocesparalelas.com.ar\/sitio\/wp-json\/wp\/v2\/users\/3"}],"replies":[{"embeddable":true,"href":"https:\/\/vocesparalelas.com.ar\/sitio\/wp-json\/wp\/v2\/comments?post=48729"}],"version-history":[{"count":1,"href":"https:\/\/vocesparalelas.com.ar\/sitio\/wp-json\/wp\/v2\/posts\/48729\/revisions"}],"predecessor-version":[{"id":48731,"href":"https:\/\/vocesparalelas.com.ar\/sitio\/wp-json\/wp\/v2\/posts\/48729\/revisions\/48731"}],"wp:featuredmedia":[{"embeddable":true,"href":"https:\/\/vocesparalelas.com.ar\/sitio\/wp-json\/wp\/v2\/media\/25833"}],"wp:attachment":[{"href":"https:\/\/vocesparalelas.com.ar\/sitio\/wp-json\/wp\/v2\/media?parent=48729"}],"wp:term":[{"taxonomy":"category","embeddable":true,"href":"https:\/\/vocesparalelas.com.ar\/sitio\/wp-json\/wp\/v2\/categories?post=48729"},{"taxonomy":"post_tag","embeddable":true,"href":"https:\/\/vocesparalelas.com.ar\/sitio\/wp-json\/wp\/v2\/tags?post=48729"}],"curies":[{"name":"wp","href":"https:\/\/api.w.org\/{rel}","templated":true}]}}