{"id":48721,"date":"2022-05-10T21:14:02","date_gmt":"2022-05-11T00:14:02","guid":{"rendered":"https:\/\/vocesparalelas.com.ar\/sitio\/?p=48721"},"modified":"2022-05-12T00:44:26","modified_gmt":"2022-05-12T03:44:26","slug":"capacitacion-en-sistemas-de-gestion-de-la-energia-iso-50001-para-empresas-de-san-juan","status":"publish","type":"post","link":"https:\/\/vocesparalelas.com.ar\/sitio\/capacitacion-en-sistemas-de-gestion-de-la-energia-iso-50001-para-empresas-de-san-juan\/","title":{"rendered":"Capacitaci\u00f3n en Sistemas de Gesti\u00f3n de la Energ\u00eda: ISO 50001 para empresas de San Juan"},"content":{"rendered":"<p>La Agencia de Inversiones San Juan realizar\u00e1 una capacitaci\u00f3n para empresas en Sistemas de Gesti\u00f3n de la Energ\u00eda: ISO 50001 a cargo de Daniel Cano, el Martes, 17 de Mayo, a las 16 horas en la Sala Auditorio del Museo Provincial de Bellas Artes Franklin Rawson.<\/p>\n<p>Se trata de una oportunidad exclusiva y sin costo con cupo limitado. Los interesados deben inscribirse previamente en el siguiente formulario de google:<\/p>\n<p><a href=\"https:\/\/bit.ly\/3smmS0v\">https:\/\/bit.ly\/3smmS0v<\/a><\/p>\n<p>Las organizaciones son cada vez m\u00e1s conscientes de la importancia de gestionar la energ\u00eda de manera adecuada para contribuir con el cuidado del ambiente y potenciar, al mismo tiempo, la eficiencia y competitividad.<\/p>\n<p>La certificaci\u00f3n de la norma IRAM-ISO 50001 es una herramienta clave para asegurar el control y seguimiento sistem\u00e1tico del uso y consumo de la energ\u00eda. Te permite establecer un proceso de mejora continua del desempe\u00f1o energ\u00e9tico y alcanzar los objetivos generales de mitigaci\u00f3n del cambio clim\u00e1tico mediante la reducci\u00f3n de emisiones de gases de efecto invernadero. Adem\u00e1s, te brindar\u00e1 lineamientos para poder integrar la gesti\u00f3n de la energ\u00eda a la pr\u00e1ctica de tu negocio, disminuyendo costos.<\/p>\n<p>&nbsp;<\/p>\n","protected":false},"excerpt":{"rendered":"<p>La Agencia de Inversiones San Juan realizar\u00e1 una capacitaci\u00f3n para empresas en Sistemas de Gesti\u00f3n de la Energ\u00eda: ISO 50001<\/p>\n","protected":false},"author":3,"featured_media":35525,"comment_status":"closed","ping_status":"closed","sticky":false,"template":"","format":"standard","meta":{"_acf_changed":false,"_seopress_robots_primary_cat":"none","_seopress_titles_title":"","_seopress_titles_desc":"","_seopress_robots_index":"","colormag_page_container_layout":"default_layout","colormag_page_sidebar_layout":"default_layout","footnotes":""},"categories":[9],"tags":[],"class_list":["post-48721","post","type-post","status-publish","format-standard","has-post-thumbnail","hentry","category-cursos"],"acf":[],"_links":{"self":[{"href":"https:\/\/vocesparalelas.com.ar\/sitio\/wp-json\/wp\/v2\/posts\/48721","targetHints":{"allow":["GET"]}}],"collection":[{"href":"https:\/\/vocesparalelas.com.ar\/sitio\/wp-json\/wp\/v2\/posts"}],"about":[{"href":"https:\/\/vocesparalelas.com.ar\/sitio\/wp-json\/wp\/v2\/types\/post"}],"author":[{"embeddable":true,"href":"https:\/\/vocesparalelas.com.ar\/sitio\/wp-json\/wp\/v2\/users\/3"}],"replies":[{"embeddable":true,"href":"https:\/\/vocesparalelas.com.ar\/sitio\/wp-json\/wp\/v2\/comments?post=48721"}],"version-history":[{"count":1,"href":"https:\/\/vocesparalelas.com.ar\/sitio\/wp-json\/wp\/v2\/posts\/48721\/revisions"}],"predecessor-version":[{"id":48723,"href":"https:\/\/vocesparalelas.com.ar\/sitio\/wp-json\/wp\/v2\/posts\/48721\/revisions\/48723"}],"wp:featuredmedia":[{"embeddable":true,"href":"https:\/\/vocesparalelas.com.ar\/sitio\/wp-json\/wp\/v2\/media\/35525"}],"wp:attachment":[{"href":"https:\/\/vocesparalelas.com.ar\/sitio\/wp-json\/wp\/v2\/media?parent=48721"}],"wp:term":[{"taxonomy":"category","embeddable":true,"href":"https:\/\/vocesparalelas.com.ar\/sitio\/wp-json\/wp\/v2\/categories?post=48721"},{"taxonomy":"post_tag","embeddable":true,"href":"https:\/\/vocesparalelas.com.ar\/sitio\/wp-json\/wp\/v2\/tags?post=48721"}],"curies":[{"name":"wp","href":"https:\/\/api.w.org\/{rel}","templated":true}]}}