{"id":48703,"date":"2022-05-09T23:45:38","date_gmt":"2022-05-10T02:45:38","guid":{"rendered":"https:\/\/vocesparalelas.com.ar\/sitio\/?p=48703"},"modified":"2022-05-14T00:11:49","modified_gmt":"2022-05-14T03:11:49","slug":"comenzo-el-operativo-del-censo-2022-presencial-en-las-zonas-rurales-de-san-juan","status":"publish","type":"post","link":"https:\/\/vocesparalelas.com.ar\/sitio\/comenzo-el-operativo-del-censo-2022-presencial-en-las-zonas-rurales-de-san-juan\/","title":{"rendered":"Comenz\u00f3 el operativo del Censo 2022 presencial en las zonas rurales de San Juan"},"content":{"rendered":"<div class=\"cuerpo-principal\">\n<div class=\"itemBody\">\n<div class=\"itemFullText\">\n<p>Con el objetivo de censar a toda la poblaci\u00f3n de San Juan, el Lunes, 9 de Mayo se inici\u00f3 al operativo censal rural, bajo la coordinaci\u00f3n del Instituto de Investigaciones Econ\u00f3micas y Estad\u00edsticas de San Juan &#8211; IIEE.<\/p>\n<p>Para llevar a cabo este operativo, se necesitaron 1418 censistas rurales y 53 movilidades todo terreno, como as\u00ed tambi\u00e9n mulas para los lugares de m\u00e1s dif\u00edcil acceso. Comenz\u00f3 de forma progresiva en los departamentos de Caucete, Iglesia, Calingasta, Valle F\u00e9rtil, Sarmiento y 25 de Mayo. En la semana se ir\u00e1n sumando todos los departamentos y la modalidad establece que se comience desde el l\u00edmite departamental y se avance hacia las zonas m\u00e1s pobladas, hasta llegar a la zona urbana que se censar\u00e1 el d\u00eda 18.<\/p>\n<p>Cada censista estar\u00e1 vestido con indumentaria claramente identificada con el logo del Instituto Nacional de Estad\u00edsticas y Censo (INDEC) y portar\u00e1 una credencial con sus datos. Visitar\u00e1n de manera presencial cada una de las viviendas ubicadas en zonas rurales y de dif\u00edcil acceso.<\/p>\n<p>En las zonas en las que no se pueden ingresar con movilidades, los censistas ir\u00e1n en mula. Las \u00e1reas en cubrir con esta modalidad son las sierras de Ch\u00e1vez, Elizondo y Riveros, y las ubicadas en el l\u00edmite de Zonda y Calingasta.<\/p>\n<p>Este operativo se extiende hasta el Martes, 17 de Mayo y se realiza en conjunto con cada uno de los municipios involucrados y la colaboraci\u00f3n de Gendarmer\u00eda Nacional.<\/p>\n<\/div>\n<div class=\"clr\"><img loading=\"lazy\" decoding=\"async\" class=\"alignnone size-large wp-image-46642\" src=\"https:\/\/vocesparalelas.com.ar\/sitio\/wp-content\/uploads\/2022\/02\/CENSO-2022-800x518.jpg\" alt=\"\" width=\"800\" height=\"518\" srcset=\"https:\/\/vocesparalelas.com.ar\/sitio\/wp-content\/uploads\/2022\/02\/CENSO-2022-800x518.jpg 800w, https:\/\/vocesparalelas.com.ar\/sitio\/wp-content\/uploads\/2022\/02\/CENSO-2022-300x194.jpg 300w, https:\/\/vocesparalelas.com.ar\/sitio\/wp-content\/uploads\/2022\/02\/CENSO-2022-768x497.jpg 768w, https:\/\/vocesparalelas.com.ar\/sitio\/wp-content\/uploads\/2022\/02\/CENSO-2022.jpg 850w\" sizes=\"auto, (max-width: 800px) 100vw, 800px\" \/><\/div>\n<\/div>\n<div><\/div>\n<div class=\"itemBackToTop\"><\/div>\n<div class=\"clr\"><\/div>\n<\/div>\n","protected":false},"excerpt":{"rendered":"<p>Con el objetivo de censar a toda la poblaci\u00f3n de San Juan, el Lunes, 9 de Mayo se inici\u00f3 al<\/p>\n","protected":false},"author":3,"featured_media":48705,"comment_status":"closed","ping_status":"closed","sticky":false,"template":"","format":"standard","meta":{"_acf_changed":false,"_seopress_robots_primary_cat":"none","_seopress_titles_title":"","_seopress_titles_desc":"","_seopress_robots_index":"","colormag_page_container_layout":"default_layout","colormag_page_sidebar_layout":"default_layout","footnotes":""},"categories":[6],"tags":[],"class_list":["post-48703","post","type-post","status-publish","format-standard","has-post-thumbnail","hentry","category-eventos"],"acf":[],"_links":{"self":[{"href":"https:\/\/vocesparalelas.com.ar\/sitio\/wp-json\/wp\/v2\/posts\/48703","targetHints":{"allow":["GET"]}}],"collection":[{"href":"https:\/\/vocesparalelas.com.ar\/sitio\/wp-json\/wp\/v2\/posts"}],"about":[{"href":"https:\/\/vocesparalelas.com.ar\/sitio\/wp-json\/wp\/v2\/types\/post"}],"author":[{"embeddable":true,"href":"https:\/\/vocesparalelas.com.ar\/sitio\/wp-json\/wp\/v2\/users\/3"}],"replies":[{"embeddable":true,"href":"https:\/\/vocesparalelas.com.ar\/sitio\/wp-json\/wp\/v2\/comments?post=48703"}],"version-history":[{"count":1,"href":"https:\/\/vocesparalelas.com.ar\/sitio\/wp-json\/wp\/v2\/posts\/48703\/revisions"}],"predecessor-version":[{"id":48706,"href":"https:\/\/vocesparalelas.com.ar\/sitio\/wp-json\/wp\/v2\/posts\/48703\/revisions\/48706"}],"wp:featuredmedia":[{"embeddable":true,"href":"https:\/\/vocesparalelas.com.ar\/sitio\/wp-json\/wp\/v2\/media\/48705"}],"wp:attachment":[{"href":"https:\/\/vocesparalelas.com.ar\/sitio\/wp-json\/wp\/v2\/media?parent=48703"}],"wp:term":[{"taxonomy":"category","embeddable":true,"href":"https:\/\/vocesparalelas.com.ar\/sitio\/wp-json\/wp\/v2\/categories?post=48703"},{"taxonomy":"post_tag","embeddable":true,"href":"https:\/\/vocesparalelas.com.ar\/sitio\/wp-json\/wp\/v2\/tags?post=48703"}],"curies":[{"name":"wp","href":"https:\/\/api.w.org\/{rel}","templated":true}]}}