{"id":48697,"date":"2022-05-09T23:39:24","date_gmt":"2022-05-10T02:39:24","guid":{"rendered":"https:\/\/vocesparalelas.com.ar\/sitio\/?p=48697"},"modified":"2022-05-09T23:39:24","modified_gmt":"2022-05-10T02:39:24","slug":"nueva-sede-de-ufi-a-ni-vi-en-san-juan","status":"publish","type":"post","link":"https:\/\/vocesparalelas.com.ar\/sitio\/nueva-sede-de-ufi-a-ni-vi-en-san-juan\/","title":{"rendered":"Nueva sede de UFI A.NI.VI en San Juan"},"content":{"rendered":"<p>El Lunes, 09 de Mayo de 2022, se entreg\u00f3 un espacio f\u00edsico acondicionado para la instalaci\u00f3n de una delegaci\u00f3n de la Direcci\u00f3n de la Ni\u00f1ez, Adolescencia y Familia, en la sede de UFI A.NI.VI, Rivadavia 620 &#8211; E &#8211; Capital. La misma fue asignada por el Ministerio P\u00fablico Fiscal al Ministerio de Desarrollo Humano y funciona con recursos asignados por la Corte de Justicia.<\/p>\n<p>En el mencionado lugar la Corte de Justicia, Fiscal\u00eda General y Ministerio de Desarrollo Humano y Promoci\u00f3n firmaron un importante acta para garantizar el abordaje integral de menores v\u00edctimas de delitos, en situaci\u00f3n de vulnerabilidad familiar.<\/p>\n<p>El vicegobernador a cargo del Poder Ejecutivo, CPN Roberto Gattoni, presidi\u00f3 la firma acompa\u00f1ado por el presidente de la Corte de Justicia, Dr. Juan Victoria; el fiscal General, Dr. Eduardo Quattropani; el ministro de Desarrollo Humano y Promoci\u00f3n Social, Prof. Fabian Aballay; el director de Ni\u00f1ez, Adolescencia y Familia, Dr. Sergio Sep\u00falveda; el jefe de la Polic\u00eda de San Juan, Luis Mart\u00ednez; los fiscales coordinadores de ANIVI, Valentina Bucciarelli y Ra\u00fal Iglesias; los fiscales coordinadores de CAVIG, Dra. Claudia Salica y Dr. Roberto Ginsberg; los fiscales coordinadores de Flagrancia, Dr. Francisco Fern\u00e1ndez y Dra. Virginia Branca; y los fiscales coordinadores de Derechos Especiales, Dra. Ivan Grassi y Dr. Adri\u00e1n Riveros.<\/p>\n<p>El vicegobernador, CPN Roberto Gattoni explic\u00f3 que \u00abponemos en manifiesto que cuando hay un problema de orden p\u00fablico funcionamos como Gobierno aunando esfuerzos entre los distintos poderes del Estado\u00bb.<\/p>\n<p>En ese sentido analiz\u00f3 que \u00abse debe reconocer, visibilizar las problem\u00e1ticas de los ni\u00f1os y adolescentes que son victimas de delitos sexuales en los sectores m\u00e1s vulnerables, para enfrentarlos y brindar una soluci\u00f3n para ellos\u00bb.<\/p>\n<p>Finalmente destac\u00f3 la articulaci\u00f3n de los distintos sectores del Estado \u00abratificamos y ponemos de manifiesto la articulaci\u00f3n entre los distintos sectores del Estado para resolver las problem\u00e1ticas de la sociedad\u00bb.<\/p>\n<p>Por su parte, el Dr. Victoria dijo que \u00abel gobernador U\u00f1ac manifiesta que la independencia del Poder Judicial no significa indiferencia. Estamos interactuando entre los distintos poderes para llevar soluciones a quienes requieren de nuestros servicios y prueba de ello han sido la cantidad de leyes que como iniciativa de la Corte de Justicia fueron remitidos al Poder Legislativo\u00bb.<\/p>\n<p>Luego, destac\u00f3 el trabajo que llev\u00f3 a cabo la Corte de Justicia junto al Ministerio de Desarrollo Humano en el CAVIG y dijo que \u00abseguiremos trabajando juntos con el objetivo com\u00fan de brindar una soluci\u00f3n integral para los m\u00e1s vulnerables como los ni\u00f1os\u00bb.<\/p>\n<p>En primer lugar, el ministro Aballay remarc\u00f3 la interacci\u00f3n de los distintos poderes del Estado que \u00abbusca soluciones a las problem\u00e1ticas de la sociedad\u00bb.<\/p>\n<p>Seguidamente puso en valor el trabajo mancomunado que permitir\u00e1 avanzar en las distintas tem\u00e1ticas que abordan y dijo que \u00abaportaremos al ANIVI un granito de arena con grandes profesionales al igual que lo hicimos en su momento con el CAVIG a esta tarea tan importante para poder desarrollar diferentes abordajes para encontrar soluciones inmediatas que nos solicita la sociedad\u00bb.<\/p>\n<p>A su turno, la Dra. Valentina Bucciarelli puso en valor la apertura de la oficina para la Direcci\u00f3n de Ni\u00f1ez, Adolescencia y Familia. En ese sentido dijo que el trabajo mancomunado que vienen realizando se podr\u00e1 afianzar.<\/p>\n<p>Seguidamente, subray\u00f3 que la oficina se abre con el objetivo de brindar respuesta urgente a situaciones de ni\u00f1os que resultan ser v\u00edctimas de delitos o estar en situaci\u00f3n de vulnerabilidad.<\/p>\n<p>Finalmente, valor\u00f3 el trabajo de manera conjunta entre los diferentes poderes del Estado en pos de garantizar los derechos de los m\u00e1s vulnerables y manifest\u00f3 que \u00ababrir las puertas de nuestro edificio y otorgar un espacio f\u00edsico permitir\u00e1 que este trabajo sea inmediato y cotidiano. Que los abordajes se hagan de manera inmediata\u00bb.<\/p>\n<p><span style=\"color: #ff00ff;\"><strong>Contenido del Acta Firmada<\/strong><\/span><\/p>\n<p>El Ministerio de Desarrollo Humano afectar\u00e1 el equipamiento, los recursos materiales, administrativos, profesionales y t\u00e9cnicos dependientes de la Direcci\u00f3n de la Ni\u00f1ez Adolescencia y familia, buscando garantizar el abordaje territorial para brindar asistencia a ni\u00f1os, ni\u00f1as y adolescentes que directa o indirectamente se vieren afectados por la presunta comisi\u00f3n de delitos investigados por las distintas unidades fiscales del Ministerio P\u00fablico.<\/p>\n<p>De esta forma, la cartera de Desarrollo Humano brindar\u00e1 asistencia econ\u00f3mica, guardas provisorias, traslados, albergues o cualquier otras medidas de protecci\u00f3n a favor de las v\u00edctimas buscando facilitar los actos de investigaci\u00f3n. Adem\u00e1s, la Direcci\u00f3n de la ni\u00f1ez atender\u00e1 la nueva oficina durante los d\u00edas h\u00e1biles en horario matutino y vespertino, de 8 a 13 y de 15 a 20, y una guardia pasiva, permanente, todos los d\u00edas del a\u00f1o para la atenci\u00f3n de casos que por su complejidad o urgencia no admitieren dilaci\u00f3n.<\/p>\n<p>Por su parte, la Corte de Justicia asignar\u00e1 los recursos necesarios para garantizar a la oficina la l\u00ednea telef\u00f3nica, acceso a internet, y el mantenimiento de las instalaciones de la delegaci\u00f3n de la Direcci\u00f3n de Ni\u00f1ez en el flamante domicilio.<\/p>\n<p>&nbsp;<\/p>\n<p><iframe loading=\"lazy\" title=\"El Gobierno abri\u00f3 una oficina para asistir a j\u00f3venes afectados por delitos que investiga A.NI.VI\" width=\"800\" height=\"450\" src=\"https:\/\/www.youtube.com\/embed\/D25CNSJvgWM?feature=oembed\" frameborder=\"0\" allow=\"accelerometer; autoplay; clipboard-write; encrypted-media; gyroscope; picture-in-picture\" allowfullscreen><\/iframe><\/p>\n","protected":false},"excerpt":{"rendered":"<p>El Lunes, 09 de Mayo de 2022, se entreg\u00f3 un espacio f\u00edsico acondicionado para la instalaci\u00f3n de una delegaci\u00f3n de<\/p>\n","protected":false},"author":3,"featured_media":48699,"comment_status":"closed","ping_status":"closed","sticky":false,"template":"","format":"video","meta":{"_acf_changed":false,"_seopress_robots_primary_cat":"none","_seopress_titles_title":"","_seopress_titles_desc":"","_seopress_robots_index":"","colormag_page_container_layout":"default_layout","colormag_page_sidebar_layout":"default_layout","footnotes":""},"categories":[1,7],"tags":[],"class_list":["post-48697","post","type-post","status-publish","format-video","has-post-thumbnail","hentry","category-destacadas","category-videos","post_format-post-format-video"],"acf":[],"_links":{"self":[{"href":"https:\/\/vocesparalelas.com.ar\/sitio\/wp-json\/wp\/v2\/posts\/48697","targetHints":{"allow":["GET"]}}],"collection":[{"href":"https:\/\/vocesparalelas.com.ar\/sitio\/wp-json\/wp\/v2\/posts"}],"about":[{"href":"https:\/\/vocesparalelas.com.ar\/sitio\/wp-json\/wp\/v2\/types\/post"}],"author":[{"embeddable":true,"href":"https:\/\/vocesparalelas.com.ar\/sitio\/wp-json\/wp\/v2\/users\/3"}],"replies":[{"embeddable":true,"href":"https:\/\/vocesparalelas.com.ar\/sitio\/wp-json\/wp\/v2\/comments?post=48697"}],"version-history":[{"count":1,"href":"https:\/\/vocesparalelas.com.ar\/sitio\/wp-json\/wp\/v2\/posts\/48697\/revisions"}],"predecessor-version":[{"id":48701,"href":"https:\/\/vocesparalelas.com.ar\/sitio\/wp-json\/wp\/v2\/posts\/48697\/revisions\/48701"}],"wp:featuredmedia":[{"embeddable":true,"href":"https:\/\/vocesparalelas.com.ar\/sitio\/wp-json\/wp\/v2\/media\/48699"}],"wp:attachment":[{"href":"https:\/\/vocesparalelas.com.ar\/sitio\/wp-json\/wp\/v2\/media?parent=48697"}],"wp:term":[{"taxonomy":"category","embeddable":true,"href":"https:\/\/vocesparalelas.com.ar\/sitio\/wp-json\/wp\/v2\/categories?post=48697"},{"taxonomy":"post_tag","embeddable":true,"href":"https:\/\/vocesparalelas.com.ar\/sitio\/wp-json\/wp\/v2\/tags?post=48697"}],"curies":[{"name":"wp","href":"https:\/\/api.w.org\/{rel}","templated":true}]}}