{"id":48684,"date":"2022-05-09T21:12:51","date_gmt":"2022-05-10T00:12:51","guid":{"rendered":"https:\/\/vocesparalelas.com.ar\/sitio\/?p=48684"},"modified":"2022-05-09T21:57:53","modified_gmt":"2022-05-10T00:57:53","slug":"foro-de-la-confederacion-de-pymes-constructoras-donde-el-decano-de-la-faud-de-la-unsj-expuso","status":"publish","type":"post","link":"https:\/\/vocesparalelas.com.ar\/sitio\/foro-de-la-confederacion-de-pymes-constructoras-donde-el-decano-de-la-faud-de-la-unsj-expuso\/","title":{"rendered":"Foro de la Confederaci\u00f3n de PyMES constructoras donde el Decano de la FAUD de la UNSJ expuso"},"content":{"rendered":"<p>El Decano de la Facultad de Arquitectura, Urbanismo y Dise\u00f1o de la Universidad Nacional de San Juan, Arq. Guillermo Velasco expuso en el Foro de la Confederaci\u00f3n de PyMES constructoras.<\/p>\n<p>Su exposici\u00f3n abord\u00f3 el cambio de paradigma de la Universidad y su relaci\u00f3n con el medio, que ha tomado una envergadura distinta. Para ello la Extensi\u00f3n pasa a tener una importancia fundamental.<\/p>\n<p>En ese sentido, el decano explic\u00f3 lo que desde la gesti\u00f3n actual, sin descuidar lo acad\u00e9mico y la investigaci\u00f3n, se est\u00e1 priorizando, que es la actualizaci\u00f3n de los egresados para que puedan insertarse en el campo laboral. A esa decisi\u00f3n responde la Diplomatura BIM, implementada hace algunas semanas. No obstante, tambi\u00e9n la FAUD est\u00e1 llegando a quienes no tienen educaci\u00f3n formal a trav\u00e9s de la Escuela de Oficios.<\/p>\n<p>Adem\u00e1s, desde la Investigaci\u00f3n se lleva a cabo la vinculaci\u00f3n con el medio, ya que fueron firmados convenios con Municipios y el Gobierno Provincial referidos a la planificaci\u00f3n territorial, la energ\u00eda renovable y el comportamiento energ\u00e9tico de los edificios, entre otros.<\/p>\n<p><img loading=\"lazy\" decoding=\"async\" class=\"alignnone size-full wp-image-48691\" src=\"https:\/\/vocesparalelas.com.ar\/sitio\/wp-content\/uploads\/2022\/05\/FAUD-PYMES-11.jpg\" alt=\"\" width=\"800\" height=\"599\" srcset=\"https:\/\/vocesparalelas.com.ar\/sitio\/wp-content\/uploads\/2022\/05\/FAUD-PYMES-11.jpg 800w, https:\/\/vocesparalelas.com.ar\/sitio\/wp-content\/uploads\/2022\/05\/FAUD-PYMES-11-300x225.jpg 300w, https:\/\/vocesparalelas.com.ar\/sitio\/wp-content\/uploads\/2022\/05\/FAUD-PYMES-11-768x575.jpg 768w\" sizes=\"auto, (max-width: 800px) 100vw, 800px\" \/><\/p>\n<p>&nbsp;<\/p>\n<p>&nbsp;<\/p>\n<p>&nbsp;<\/p>\n","protected":false},"excerpt":{"rendered":"<p>El Decano de la Facultad de Arquitectura, Urbanismo y Dise\u00f1o de la Universidad Nacional de San Juan, Arq. Guillermo Velasco<\/p>\n","protected":false},"author":3,"featured_media":48690,"comment_status":"closed","ping_status":"closed","sticky":false,"template":"","format":"standard","meta":{"_acf_changed":false,"_seopress_robots_primary_cat":"none","_seopress_titles_title":"","_seopress_titles_desc":"","_seopress_robots_index":"","colormag_page_container_layout":"default_layout","colormag_page_sidebar_layout":"default_layout","footnotes":""},"categories":[1],"tags":[],"class_list":["post-48684","post","type-post","status-publish","format-standard","has-post-thumbnail","hentry","category-destacadas"],"acf":[],"_links":{"self":[{"href":"https:\/\/vocesparalelas.com.ar\/sitio\/wp-json\/wp\/v2\/posts\/48684","targetHints":{"allow":["GET"]}}],"collection":[{"href":"https:\/\/vocesparalelas.com.ar\/sitio\/wp-json\/wp\/v2\/posts"}],"about":[{"href":"https:\/\/vocesparalelas.com.ar\/sitio\/wp-json\/wp\/v2\/types\/post"}],"author":[{"embeddable":true,"href":"https:\/\/vocesparalelas.com.ar\/sitio\/wp-json\/wp\/v2\/users\/3"}],"replies":[{"embeddable":true,"href":"https:\/\/vocesparalelas.com.ar\/sitio\/wp-json\/wp\/v2\/comments?post=48684"}],"version-history":[{"count":3,"href":"https:\/\/vocesparalelas.com.ar\/sitio\/wp-json\/wp\/v2\/posts\/48684\/revisions"}],"predecessor-version":[{"id":48693,"href":"https:\/\/vocesparalelas.com.ar\/sitio\/wp-json\/wp\/v2\/posts\/48684\/revisions\/48693"}],"wp:featuredmedia":[{"embeddable":true,"href":"https:\/\/vocesparalelas.com.ar\/sitio\/wp-json\/wp\/v2\/media\/48690"}],"wp:attachment":[{"href":"https:\/\/vocesparalelas.com.ar\/sitio\/wp-json\/wp\/v2\/media?parent=48684"}],"wp:term":[{"taxonomy":"category","embeddable":true,"href":"https:\/\/vocesparalelas.com.ar\/sitio\/wp-json\/wp\/v2\/categories?post=48684"},{"taxonomy":"post_tag","embeddable":true,"href":"https:\/\/vocesparalelas.com.ar\/sitio\/wp-json\/wp\/v2\/tags?post=48684"}],"curies":[{"name":"wp","href":"https:\/\/api.w.org\/{rel}","templated":true}]}}