{"id":48680,"date":"2022-05-09T21:00:48","date_gmt":"2022-05-10T00:00:48","guid":{"rendered":"https:\/\/vocesparalelas.com.ar\/sitio\/?p=48680"},"modified":"2022-05-09T21:00:48","modified_gmt":"2022-05-10T00:00:48","slug":"se-levanto-el-paro-del-transporte-de-pasajero-continua-la-circulacion-normal","status":"publish","type":"post","link":"https:\/\/vocesparalelas.com.ar\/sitio\/se-levanto-el-paro-del-transporte-de-pasajero-continua-la-circulacion-normal\/","title":{"rendered":"Se levant\u00f3 el Paro del Transporte de Pasajero contin\u00faa la circulaci\u00f3n normal"},"content":{"rendered":"<p>El Consejo Directivo Nacional de la Uni\u00f3n Tranviarios Automotor, informa que habiendo sido dictada por Ministerio de Trabajo, Empleo y Seguridad Social de la Naci\u00f3n, la pr\u00f3rroga del periodo de Conciliaci\u00f3n Laboral Obligatoria, se ha dispuesto el catamiento de la misma.<\/p>\n<p>Una vez m\u00e1s, las provincias se encontraron ausentes en la negociaci\u00f3n salarial de los trabajadores del interior, pese a haber asumido con el estado nacional la responsabilidad del transporte, en el denominado Pacto Fiscal.<\/p>\n<p>Por ello, ratificando el pedido salarial efectuado, informamos que de no conseguir la firma del acuerdo salarial para los Trabajadores del Transporte de Pasajeros de Corta y Media Distancia del Interior del Pa\u00eds, una vez concluido el periodo de paz social resuelto, retomaremos las medidas de acci\u00f3n sindical, con m\u00e1s fuerza que nunca. El salario no se negocia.<\/p>\n<p style=\"text-align: right;\">Roberto Carlos Fern\u00e1ndez<br \/>\nSecretario General<br \/>\nUni\u00f3n Tranviarios Automotor<\/p>\n","protected":false},"excerpt":{"rendered":"<p>El Consejo Directivo Nacional de la Uni\u00f3n Tranviarios Automotor, informa que habiendo sido dictada por Ministerio de Trabajo, Empleo y<\/p>\n","protected":false},"author":3,"featured_media":48167,"comment_status":"closed","ping_status":"closed","sticky":false,"template":"","format":"standard","meta":{"_acf_changed":false,"_seopress_robots_primary_cat":"none","_seopress_titles_title":"","_seopress_titles_desc":"","_seopress_robots_index":"","colormag_page_container_layout":"default_layout","colormag_page_sidebar_layout":"default_layout","footnotes":""},"categories":[1],"tags":[],"class_list":["post-48680","post","type-post","status-publish","format-standard","has-post-thumbnail","hentry","category-destacadas"],"acf":[],"_links":{"self":[{"href":"https:\/\/vocesparalelas.com.ar\/sitio\/wp-json\/wp\/v2\/posts\/48680","targetHints":{"allow":["GET"]}}],"collection":[{"href":"https:\/\/vocesparalelas.com.ar\/sitio\/wp-json\/wp\/v2\/posts"}],"about":[{"href":"https:\/\/vocesparalelas.com.ar\/sitio\/wp-json\/wp\/v2\/types\/post"}],"author":[{"embeddable":true,"href":"https:\/\/vocesparalelas.com.ar\/sitio\/wp-json\/wp\/v2\/users\/3"}],"replies":[{"embeddable":true,"href":"https:\/\/vocesparalelas.com.ar\/sitio\/wp-json\/wp\/v2\/comments?post=48680"}],"version-history":[{"count":1,"href":"https:\/\/vocesparalelas.com.ar\/sitio\/wp-json\/wp\/v2\/posts\/48680\/revisions"}],"predecessor-version":[{"id":48683,"href":"https:\/\/vocesparalelas.com.ar\/sitio\/wp-json\/wp\/v2\/posts\/48680\/revisions\/48683"}],"wp:featuredmedia":[{"embeddable":true,"href":"https:\/\/vocesparalelas.com.ar\/sitio\/wp-json\/wp\/v2\/media\/48167"}],"wp:attachment":[{"href":"https:\/\/vocesparalelas.com.ar\/sitio\/wp-json\/wp\/v2\/media?parent=48680"}],"wp:term":[{"taxonomy":"category","embeddable":true,"href":"https:\/\/vocesparalelas.com.ar\/sitio\/wp-json\/wp\/v2\/categories?post=48680"},{"taxonomy":"post_tag","embeddable":true,"href":"https:\/\/vocesparalelas.com.ar\/sitio\/wp-json\/wp\/v2\/tags?post=48680"}],"curies":[{"name":"wp","href":"https:\/\/api.w.org\/{rel}","templated":true}]}}