{"id":48671,"date":"2022-05-09T15:12:30","date_gmt":"2022-05-09T18:12:30","guid":{"rendered":"https:\/\/vocesparalelas.com.ar\/sitio\/?p=48671"},"modified":"2022-05-10T00:21:57","modified_gmt":"2022-05-10T03:21:57","slug":"frente-al-paro-nacional-de-transporte-de-pasajeros-podria-afectar-a-san-juan","status":"publish","type":"post","link":"https:\/\/vocesparalelas.com.ar\/sitio\/frente-al-paro-nacional-de-transporte-de-pasajeros-podria-afectar-a-san-juan\/","title":{"rendered":"Frente al Paro Nacional de Transporte de Pasajeros podr\u00eda afectar a San Juan"},"content":{"rendered":"<p>Ante el anuncio de paro en el transporte de pasajeros a nivel nacional y que podr\u00eda afectar a la Provincia de San Juan, el ministro de Gobierno, Dr. Alberto Hensel, consider\u00f3 que el reclamo gremial \u201ces entendible porque el sector gremial defiende los intereses de sus afiliados y eso est\u00e1 bien\u00bb, aunque advirti\u00f3 que su funci\u00f3n como ministro es \u00abdefender los intereses de los sanjuaninos usuarios del transporte p\u00fablico\u00bb, los cuales se ver\u00edan afectados con la medida de fuerza.<\/p>\n<p>El funcionario destac\u00f3 que \u00abel gobernador Dr. Sergio U\u00f1ac le solicit\u00f3 los m\u00e1ximos esfuerzos para aportar una soluci\u00f3n al tema en forma r\u00e1pida, teniendo en cuenta el importante aporte econ\u00f3mico del Gobierno provincial para sostener y acompa\u00f1ar la prestaci\u00f3n del servicio de transporte\u00bb.<\/p>\n<p>\u00abEstamos trabajando junto a empresarios y gremios, la prioridad de la Provincia es que el servicio de transporte de pasajeros se preste de forma normal para todos los sanjuaninos\u00bb.<\/p>\n<figure id=\"attachment_48673\" aria-describedby=\"caption-attachment-48673\" style=\"width: 800px\" class=\"wp-caption alignnone\"><img loading=\"lazy\" decoding=\"async\" class=\"size-full wp-image-48673\" src=\"https:\/\/vocesparalelas.com.ar\/sitio\/wp-content\/uploads\/2022\/05\/HENSEN-GOBIERNO.jpg\" alt=\"\" width=\"800\" height=\"465\" srcset=\"https:\/\/vocesparalelas.com.ar\/sitio\/wp-content\/uploads\/2022\/05\/HENSEN-GOBIERNO.jpg 800w, https:\/\/vocesparalelas.com.ar\/sitio\/wp-content\/uploads\/2022\/05\/HENSEN-GOBIERNO-300x174.jpg 300w, https:\/\/vocesparalelas.com.ar\/sitio\/wp-content\/uploads\/2022\/05\/HENSEN-GOBIERNO-768x446.jpg 768w\" sizes=\"auto, (max-width: 800px) 100vw, 800px\" \/><figcaption id=\"caption-attachment-48673\" class=\"wp-caption-text\">Ministro de Gobierno de San Juan, Dr. Alberto Hensel<\/figcaption><\/figure>\n<p>&nbsp;<\/p>\n<p>&nbsp;<\/p>\n","protected":false},"excerpt":{"rendered":"<p>Ante el anuncio de paro en el transporte de pasajeros a nivel nacional y que podr\u00eda afectar a la Provincia<\/p>\n","protected":false},"author":3,"featured_media":48168,"comment_status":"closed","ping_status":"closed","sticky":false,"template":"","format":"standard","meta":{"_acf_changed":false,"_seopress_robots_primary_cat":"none","_seopress_titles_title":"","_seopress_titles_desc":"","_seopress_robots_index":"","colormag_page_container_layout":"default_layout","colormag_page_sidebar_layout":"default_layout","footnotes":""},"categories":[1],"tags":[],"class_list":["post-48671","post","type-post","status-publish","format-standard","has-post-thumbnail","hentry","category-destacadas"],"acf":[],"_links":{"self":[{"href":"https:\/\/vocesparalelas.com.ar\/sitio\/wp-json\/wp\/v2\/posts\/48671","targetHints":{"allow":["GET"]}}],"collection":[{"href":"https:\/\/vocesparalelas.com.ar\/sitio\/wp-json\/wp\/v2\/posts"}],"about":[{"href":"https:\/\/vocesparalelas.com.ar\/sitio\/wp-json\/wp\/v2\/types\/post"}],"author":[{"embeddable":true,"href":"https:\/\/vocesparalelas.com.ar\/sitio\/wp-json\/wp\/v2\/users\/3"}],"replies":[{"embeddable":true,"href":"https:\/\/vocesparalelas.com.ar\/sitio\/wp-json\/wp\/v2\/comments?post=48671"}],"version-history":[{"count":1,"href":"https:\/\/vocesparalelas.com.ar\/sitio\/wp-json\/wp\/v2\/posts\/48671\/revisions"}],"predecessor-version":[{"id":48674,"href":"https:\/\/vocesparalelas.com.ar\/sitio\/wp-json\/wp\/v2\/posts\/48671\/revisions\/48674"}],"wp:featuredmedia":[{"embeddable":true,"href":"https:\/\/vocesparalelas.com.ar\/sitio\/wp-json\/wp\/v2\/media\/48168"}],"wp:attachment":[{"href":"https:\/\/vocesparalelas.com.ar\/sitio\/wp-json\/wp\/v2\/media?parent=48671"}],"wp:term":[{"taxonomy":"category","embeddable":true,"href":"https:\/\/vocesparalelas.com.ar\/sitio\/wp-json\/wp\/v2\/categories?post=48671"},{"taxonomy":"post_tag","embeddable":true,"href":"https:\/\/vocesparalelas.com.ar\/sitio\/wp-json\/wp\/v2\/tags?post=48671"}],"curies":[{"name":"wp","href":"https:\/\/api.w.org\/{rel}","templated":true}]}}