{"id":48666,"date":"2022-05-09T16:18:13","date_gmt":"2022-05-09T19:18:13","guid":{"rendered":"https:\/\/vocesparalelas.com.ar\/sitio\/?p=48666"},"modified":"2022-05-10T00:22:41","modified_gmt":"2022-05-10T03:22:41","slug":"obra-de-teatro-no-soy-mujer-2","status":"publish","type":"post","link":"https:\/\/vocesparalelas.com.ar\/sitio\/obra-de-teatro-no-soy-mujer-2\/","title":{"rendered":"Obra de Teatro \u00abNo soy Mujer\u00bb"},"content":{"rendered":"<p>El S\u00e1bado, 4 de Junio de 2022, a las 22 hs.; y el Domingo, 5 de Junio de 2022, a las 21 hs.; en el Espacio Teatral T\u00edteres en Serio, Juan B Justo 335 \u2013 S &#8211; Rivadavia entre Ituzaing\u00f3 y Reconquista se presenta la Obra de Teatro \u00abNo soy Mujer\u00bb.<\/p>\n<p><strong><span style=\"color: #339966;\">Ficha t\u00e9cnica<\/span><\/strong><\/p>\n<p><strong><span style=\"color: #339966;\">Sinopsis<\/span><\/strong><\/p>\n<p>\u00abNo soy mujer\u00bb nos presenta el amor violento entre una \u201cFeminista Reina\u201d y un \u201cMacho Herido\u201d, relatando una ficci\u00f3n sobre el mito de las amazonas: el pueblo de mujeres \u201cno domesticadas\u201d. Este pervertido espect\u00e1culo, ejecutado por cuatro mujeres en escena, pone en tensi\u00f3n discursos feministas actuales mezclando cabaret contempor\u00e1neo y teatro de objetos.<\/p>\n<p>Esta obra es una versi\u00f3n libre de Pentesilea de H. von Kleist que se estren\u00f3 en el Festival Internacional de Buenos Aires en el a\u00f1o 2021. Subsidiada por FIBA, INT, FNA y el Ministerio de Turismo y Cultura de la provincia de San Juan.<\/p>\n<p><strong><span style=\"color: #339966;\">Elenco<\/span><\/strong><\/p>\n<p>Ob caenum es un colectivo de creaci\u00f3n. Un conjunto de cuerpxs que se reagrupan en cada proyecto que llevan adelante. Producen obras desde un sitio perif\u00e9rico (San Juan \u2013 Argentina) con procedimientos perif\u00e9ricos.<\/p>\n<p>Son irrespetuosxs de las correcciones disciplinares del teatro y mixturan performance, artes visuales, m\u00fasica, video y arte digital.<\/p>\n<p>Su \u00e9tica de creaci\u00f3n es la producci\u00f3n desde el reciclado, la transformaci\u00f3n de elementos precarios en objetos de arte, el uso narrativo de lo ir\u00f3nico y lo siniestro. Esta est\u00e9tica es su modo de compromiso pol\u00edtico con el mundo que habitan.<\/p>\n<p>Con sus creaciones han participado en festivales provinciales, nacionales e internacionales, entre los que se destaca la representaci\u00f3n de Argentina en el marco de la Feria ARCO (Madrid, 2017), el Festival Internacional de Buenos Aires (C.A.B.A., 2021, 2020 y 2019) y la muestra de Arte y Tecnolog\u00eda organizada por el FNA en el CCK (C.A.B.A., 2019).<\/p>\n<p><span style=\"color: #339966;\"><strong>Venta de Entradas<\/strong><\/span><\/p>\n<p><a href=\"https:\/\/www.eventbrite.com.ar\/e\/335581131197\">https:\/\/www.eventbrite.com.ar\/e\/335581131197<\/a><\/p>\n<ul>\n<li>Anticipadas: $500.<\/li>\n<li>En boleter\u00eda: $600.<\/li>\n<\/ul>\n","protected":false},"excerpt":{"rendered":"<p>El S\u00e1bado, 4 de Junio de 2022, a las 22 hs.; y el Domingo, 5 de Junio de 2022, a<\/p>\n","protected":false},"author":3,"featured_media":48668,"comment_status":"closed","ping_status":"closed","sticky":false,"template":"","format":"standard","meta":{"_acf_changed":false,"_seopress_robots_primary_cat":"none","_seopress_titles_title":"","_seopress_titles_desc":"","_seopress_robots_index":"","colormag_page_container_layout":"default_layout","colormag_page_sidebar_layout":"default_layout","footnotes":""},"categories":[1],"tags":[],"class_list":["post-48666","post","type-post","status-publish","format-standard","has-post-thumbnail","hentry","category-destacadas"],"acf":[],"_links":{"self":[{"href":"https:\/\/vocesparalelas.com.ar\/sitio\/wp-json\/wp\/v2\/posts\/48666","targetHints":{"allow":["GET"]}}],"collection":[{"href":"https:\/\/vocesparalelas.com.ar\/sitio\/wp-json\/wp\/v2\/posts"}],"about":[{"href":"https:\/\/vocesparalelas.com.ar\/sitio\/wp-json\/wp\/v2\/types\/post"}],"author":[{"embeddable":true,"href":"https:\/\/vocesparalelas.com.ar\/sitio\/wp-json\/wp\/v2\/users\/3"}],"replies":[{"embeddable":true,"href":"https:\/\/vocesparalelas.com.ar\/sitio\/wp-json\/wp\/v2\/comments?post=48666"}],"version-history":[{"count":2,"href":"https:\/\/vocesparalelas.com.ar\/sitio\/wp-json\/wp\/v2\/posts\/48666\/revisions"}],"predecessor-version":[{"id":48670,"href":"https:\/\/vocesparalelas.com.ar\/sitio\/wp-json\/wp\/v2\/posts\/48666\/revisions\/48670"}],"wp:featuredmedia":[{"embeddable":true,"href":"https:\/\/vocesparalelas.com.ar\/sitio\/wp-json\/wp\/v2\/media\/48668"}],"wp:attachment":[{"href":"https:\/\/vocesparalelas.com.ar\/sitio\/wp-json\/wp\/v2\/media?parent=48666"}],"wp:term":[{"taxonomy":"category","embeddable":true,"href":"https:\/\/vocesparalelas.com.ar\/sitio\/wp-json\/wp\/v2\/categories?post=48666"},{"taxonomy":"post_tag","embeddable":true,"href":"https:\/\/vocesparalelas.com.ar\/sitio\/wp-json\/wp\/v2\/tags?post=48666"}],"curies":[{"name":"wp","href":"https:\/\/api.w.org\/{rel}","templated":true}]}}