{"id":48633,"date":"2022-05-07T13:14:12","date_gmt":"2022-05-07T16:14:12","guid":{"rendered":"https:\/\/vocesparalelas.com.ar\/sitio\/?p=48633"},"modified":"2022-05-07T13:14:12","modified_gmt":"2022-05-07T16:14:12","slug":"solicitaron-un-aumento-trimestral-para-los-docentes-jubilados-en-paritaria-nacional","status":"publish","type":"post","link":"https:\/\/vocesparalelas.com.ar\/sitio\/solicitaron-un-aumento-trimestral-para-los-docentes-jubilados-en-paritaria-nacional\/","title":{"rendered":"Solicitaron un aumento trimestral para los docentes jubilados en Paritaria Nacional"},"content":{"rendered":"<p>El Lunes, 2 de Mayo, en funci\u00f3n de lo solicitado por CTERA en el marco de la Paritaria Nacional respecto de la jubilaci\u00f3n docente, se realiz\u00f3 una reuni\u00f3n en el Ministerio de Trabajo y Seguridad Social de la Naci\u00f3n en la cual participaron en representaci\u00f3n de la CTERA el Secretario Gremial, Eduardo L\u00f3pez, el Secretario de Asuntos Previsionales, Jorge Molina, la secretaria de Asuntos previsionales de UTE, Alicia Tantardini y el Vocal de la Junta Ejecutiva de CTERA, Lisandro Ciavaglia y por el Ministerio el Secretario de Seguridad Social de la Naci\u00f3n, Dr. Luis Guillermo Bulit Go\u00f1i y la Directora Nacional de las Pol\u00edticas de Seguridad Social, Mercedes Liliana Bourquin.<\/p>\n<p><img loading=\"lazy\" decoding=\"async\" class=\"alignnone size-full wp-image-48638\" src=\"https:\/\/vocesparalelas.com.ar\/sitio\/wp-content\/uploads\/2022\/05\/CTE3RA-PARI-03.jpg\" alt=\"\" width=\"750\" height=\"490\" srcset=\"https:\/\/vocesparalelas.com.ar\/sitio\/wp-content\/uploads\/2022\/05\/CTE3RA-PARI-03.jpg 750w, https:\/\/vocesparalelas.com.ar\/sitio\/wp-content\/uploads\/2022\/05\/CTE3RA-PARI-03-300x196.jpg 300w\" sizes=\"auto, (max-width: 750px) 100vw, 750px\" \/><\/p>\n<p style=\"font-weight: 400;\">En esta reuni\u00f3n se reiter\u00f3 el planteo realizado en el \u00e1mbito paritario nacional con relaci\u00f3n a la actualizaci\u00f3n de las jubilaciones nacionales de las 11 provincias con caja transferida, solicitando que el c\u00e1lculo sea trimestral y que adem\u00e1s, a la brevedad se abone un adelanto a cuenta de futuros aumentos, en funci\u00f3n de equiparar con el incremento del resto de los haberes previsionales.<\/p>\n<p style=\"font-weight: 400;\">Desde el Ministerio se escucharon todas las argumentaciones hechas por la central, y luego de un intercambio de ideas, las autoridades se comprometieron a analizar la situaci\u00f3n y las posibilidades para dar una respuesta a lo planteado.<\/p>\n<p>Por ello, Voces Paralelas desarroll\u00f3 una entrevista period\u00edstica al Secretario General de UDAP, Prof. Luis Lucero, quien relat\u00f3 lo que signific\u00f3 la reuni\u00f3n y el compromiso de las autoridades nacionales para dar una soluci\u00f3n salarial a los jubilados docentes.<\/p>\n<figure id=\"attachment_48620\" aria-describedby=\"caption-attachment-48620\" style=\"width: 800px\" class=\"wp-caption alignnone\"><img loading=\"lazy\" decoding=\"async\" class=\"size-full wp-image-48620\" src=\"https:\/\/vocesparalelas.com.ar\/sitio\/wp-content\/uploads\/2022\/05\/UDAP-LUCERO-LUIS.jpg\" alt=\"\" width=\"800\" height=\"533\" srcset=\"https:\/\/vocesparalelas.com.ar\/sitio\/wp-content\/uploads\/2022\/05\/UDAP-LUCERO-LUIS.jpg 800w, https:\/\/vocesparalelas.com.ar\/sitio\/wp-content\/uploads\/2022\/05\/UDAP-LUCERO-LUIS-300x200.jpg 300w, https:\/\/vocesparalelas.com.ar\/sitio\/wp-content\/uploads\/2022\/05\/UDAP-LUCERO-LUIS-768x512.jpg 768w\" sizes=\"auto, (max-width: 800px) 100vw, 800px\" \/><figcaption id=\"caption-attachment-48620\" class=\"wp-caption-text\">Secretario General de UDAP, Prof. Luis Lucero.<\/figcaption><\/figure>\n<p>&nbsp;<\/p>\n<p><iframe loading=\"lazy\" title=\"UDAP CTERA PROF. LUIS LUCERO\" width=\"800\" height=\"450\" src=\"https:\/\/www.youtube.com\/embed\/zwPPzHIltNg?start=6&#038;feature=oembed\" frameborder=\"0\" allow=\"accelerometer; autoplay; clipboard-write; encrypted-media; gyroscope; picture-in-picture\" allowfullscreen><\/iframe><\/p>\n<p>&nbsp;<\/p>\n<p>&nbsp;<\/p>\n<p>&nbsp;<\/p>\n<p>&nbsp;<\/p>\n","protected":false},"excerpt":{"rendered":"<p>El Lunes, 2 de Mayo, en funci\u00f3n de lo solicitado por CTERA en el marco de la Paritaria Nacional respecto<\/p>\n","protected":false},"author":3,"featured_media":48635,"comment_status":"closed","ping_status":"closed","sticky":false,"template":"","format":"video","meta":{"_acf_changed":false,"_seopress_robots_primary_cat":"none","_seopress_titles_title":"","_seopress_titles_desc":"","_seopress_robots_index":"","colormag_page_container_layout":"default_layout","colormag_page_sidebar_layout":"default_layout","footnotes":""},"categories":[1,7],"tags":[],"class_list":["post-48633","post","type-post","status-publish","format-video","has-post-thumbnail","hentry","category-destacadas","category-videos","post_format-post-format-video"],"acf":[],"_links":{"self":[{"href":"https:\/\/vocesparalelas.com.ar\/sitio\/wp-json\/wp\/v2\/posts\/48633","targetHints":{"allow":["GET"]}}],"collection":[{"href":"https:\/\/vocesparalelas.com.ar\/sitio\/wp-json\/wp\/v2\/posts"}],"about":[{"href":"https:\/\/vocesparalelas.com.ar\/sitio\/wp-json\/wp\/v2\/types\/post"}],"author":[{"embeddable":true,"href":"https:\/\/vocesparalelas.com.ar\/sitio\/wp-json\/wp\/v2\/users\/3"}],"replies":[{"embeddable":true,"href":"https:\/\/vocesparalelas.com.ar\/sitio\/wp-json\/wp\/v2\/comments?post=48633"}],"version-history":[{"count":1,"href":"https:\/\/vocesparalelas.com.ar\/sitio\/wp-json\/wp\/v2\/posts\/48633\/revisions"}],"predecessor-version":[{"id":48639,"href":"https:\/\/vocesparalelas.com.ar\/sitio\/wp-json\/wp\/v2\/posts\/48633\/revisions\/48639"}],"wp:featuredmedia":[{"embeddable":true,"href":"https:\/\/vocesparalelas.com.ar\/sitio\/wp-json\/wp\/v2\/media\/48635"}],"wp:attachment":[{"href":"https:\/\/vocesparalelas.com.ar\/sitio\/wp-json\/wp\/v2\/media?parent=48633"}],"wp:term":[{"taxonomy":"category","embeddable":true,"href":"https:\/\/vocesparalelas.com.ar\/sitio\/wp-json\/wp\/v2\/categories?post=48633"},{"taxonomy":"post_tag","embeddable":true,"href":"https:\/\/vocesparalelas.com.ar\/sitio\/wp-json\/wp\/v2\/tags?post=48633"}],"curies":[{"name":"wp","href":"https:\/\/api.w.org\/{rel}","templated":true}]}}