{"id":48611,"date":"2022-05-06T22:28:33","date_gmt":"2022-05-07T01:28:33","guid":{"rendered":"https:\/\/vocesparalelas.com.ar\/sitio\/?p=48611"},"modified":"2022-05-10T00:25:29","modified_gmt":"2022-05-10T03:25:29","slug":"viii-encuentro-internacional-andino-de-vespa-en-san-juan","status":"publish","type":"post","link":"https:\/\/vocesparalelas.com.ar\/sitio\/viii-encuentro-internacional-andino-de-vespa-en-san-juan\/","title":{"rendered":"VIII Encuentro Internacional Andino de Vespa en San Juan"},"content":{"rendered":"<p>Se desarrolla en San Juan el \u201cVIII Encuentro Internacional Andino de Vespa\u201d, del 13 al 15 de Mayo de 2022 con la organizaci\u00f3n del Ministerio de Turismo y Cultura del Gobierno de San Juan en conjunto con la Direcci\u00f3n del Parque Provincial Ischigualasto, los Clubes Vespa Argentina y San Juan, los veh\u00edculos cl\u00e1sicos realizan un recorrido por el conocido Valle de la Luna.<\/p>\n<p>El encuentro cuenta con la presencia de 80 pilotos con sus respectivas motos de diferentes provincias y localidades del pa\u00eds como, C\u00f3rdoba, Mendoza, Rosario, Mar del Plata, Buenos Aires, La Plata, Bah\u00eda Blanca, Quilmes, Berazategui y de otros pa\u00edses, Chile, Colombia, Venezuela y Uruguay.<\/p>\n<p>Las actividades est\u00e1n previstas que comiencen el viernes, 13 de Mayo, con una charla informativa y acampe en Ischigualasto. Luego, el S\u00e1bado, 14 de Mayo, los pilotos realizan un paseo diurno por el Parque, por la Ruta Nacional 150 y por la noche viven la experiencia de la luna llena.<\/p>\n<p>Dicha experiencia deportiva tur\u00edstica y su cobertura es una oportunidad para destacar una vez m\u00e1s los paisajes emblem\u00e1ticos de Ischigualasto\u00a0en todo el mundo.<\/p>\n<p>&nbsp;<\/p>\n<p>&nbsp;<\/p>\n","protected":false},"excerpt":{"rendered":"<p>Se desarrolla en San Juan el \u201cVIII Encuentro Internacional Andino de Vespa\u201d, del 13 al 15 de Mayo de 2022<\/p>\n","protected":false},"author":3,"featured_media":48613,"comment_status":"closed","ping_status":"closed","sticky":false,"template":"","format":"standard","meta":{"_acf_changed":false,"_seopress_robots_primary_cat":"none","_seopress_titles_title":"","_seopress_titles_desc":"","_seopress_robots_index":"","colormag_page_container_layout":"default_layout","colormag_page_sidebar_layout":"default_layout","footnotes":""},"categories":[6],"tags":[],"class_list":["post-48611","post","type-post","status-publish","format-standard","has-post-thumbnail","hentry","category-eventos"],"acf":[],"_links":{"self":[{"href":"https:\/\/vocesparalelas.com.ar\/sitio\/wp-json\/wp\/v2\/posts\/48611","targetHints":{"allow":["GET"]}}],"collection":[{"href":"https:\/\/vocesparalelas.com.ar\/sitio\/wp-json\/wp\/v2\/posts"}],"about":[{"href":"https:\/\/vocesparalelas.com.ar\/sitio\/wp-json\/wp\/v2\/types\/post"}],"author":[{"embeddable":true,"href":"https:\/\/vocesparalelas.com.ar\/sitio\/wp-json\/wp\/v2\/users\/3"}],"replies":[{"embeddable":true,"href":"https:\/\/vocesparalelas.com.ar\/sitio\/wp-json\/wp\/v2\/comments?post=48611"}],"version-history":[{"count":1,"href":"https:\/\/vocesparalelas.com.ar\/sitio\/wp-json\/wp\/v2\/posts\/48611\/revisions"}],"predecessor-version":[{"id":48614,"href":"https:\/\/vocesparalelas.com.ar\/sitio\/wp-json\/wp\/v2\/posts\/48611\/revisions\/48614"}],"wp:featuredmedia":[{"embeddable":true,"href":"https:\/\/vocesparalelas.com.ar\/sitio\/wp-json\/wp\/v2\/media\/48613"}],"wp:attachment":[{"href":"https:\/\/vocesparalelas.com.ar\/sitio\/wp-json\/wp\/v2\/media?parent=48611"}],"wp:term":[{"taxonomy":"category","embeddable":true,"href":"https:\/\/vocesparalelas.com.ar\/sitio\/wp-json\/wp\/v2\/categories?post=48611"},{"taxonomy":"post_tag","embeddable":true,"href":"https:\/\/vocesparalelas.com.ar\/sitio\/wp-json\/wp\/v2\/tags?post=48611"}],"curies":[{"name":"wp","href":"https:\/\/api.w.org\/{rel}","templated":true}]}}