{"id":48571,"date":"2022-05-06T01:18:45","date_gmt":"2022-05-06T04:18:45","guid":{"rendered":"https:\/\/vocesparalelas.com.ar\/sitio\/?p=48571"},"modified":"2022-05-06T01:19:32","modified_gmt":"2022-05-06T04:19:32","slug":"el-paseo-nicolas-naranjo-cambia-la-calle-moron-y-une-a-los-vecinos-de-rivadavia","status":"publish","type":"post","link":"https:\/\/vocesparalelas.com.ar\/sitio\/el-paseo-nicolas-naranjo-cambia-la-calle-moron-y-une-a-los-vecinos-de-rivadavia\/","title":{"rendered":"El Paseo \u00abNicol\u00e1s Naranjo\u00bb cambia la calle Mor\u00f3n y une a los vecinos de Rivadavia"},"content":{"rendered":"<p>La Calle Mor\u00f3n en la Localidad Marquesado, Departamento Rivadavia, la Municipalidad de Rivadavia realiz\u00f3 el mejoramiento de la vereda para garantizar la seguridad de los vecinos porque tambi\u00e9n, qued\u00f3 muy iluminada.<\/p>\n<p>Es una zona que contiene gran cantidad de poblaci\u00f3n y puntos tur\u00edsticos que durante la noche necesit\u00f3 este tipo de obras para mejorar el bienestar de los transe\u00fantes y conductores de veh\u00edculos, camiones, colectivos, motos,\u00a0 bicicletas y carretelas.<\/p>\n<p>De esta manera, se construy\u00f3 el Paseo Nicol\u00e1s Naranjo, quien falleci\u00f3 en un accidente de tr\u00e1nsito, un vecino querido por la comunidad y un gran deportista.<\/p>\n<p>Este espacio une a las localidades de Marquesado y La Bebida, por el bajo.<\/p>\n<p>Hasta hace poco tiempo los peatones que transitaban por esa arteria, deb\u00edan caminar por la banquina, en una zona oscura. Hoy este hermoso paseo cuenta con m\u00e1s de un kil\u00f3metro de vereda, bancos a lo largo de todo el paseo y modernas luminarias Led. Todo esto les permite a los vecinos transitar con seguridad por el lugar.<\/p>\n<p><img loading=\"lazy\" decoding=\"async\" class=\"alignnone size-full wp-image-48575\" src=\"https:\/\/vocesparalelas.com.ar\/sitio\/wp-content\/uploads\/2022\/05\/PASEO-MORON-03.jpg\" alt=\"\" width=\"800\" height=\"533\" srcset=\"https:\/\/vocesparalelas.com.ar\/sitio\/wp-content\/uploads\/2022\/05\/PASEO-MORON-03.jpg 800w, https:\/\/vocesparalelas.com.ar\/sitio\/wp-content\/uploads\/2022\/05\/PASEO-MORON-03-300x200.jpg 300w, https:\/\/vocesparalelas.com.ar\/sitio\/wp-content\/uploads\/2022\/05\/PASEO-MORON-03-768x512.jpg 768w\" sizes=\"auto, (max-width: 800px) 100vw, 800px\" \/><\/p>\n<p>El intendente de la Municipalidad de Rivadavia, Dr. Fabi\u00e1n Mart\u00edn expres\u00f3 que \u00abesta obra tan esperada, es s\u00edmbolo de uni\u00f3n entre las comunidades, de progreso y bienestar. Por calle Mor\u00f3n pasan cientos de ciclistas durante el a\u00f1o, y ser\u00e1 un justo homenaje a este hijo de La Bebida, que fue un gran corredor, con t\u00edtulos internacionales, pero sobre todo fue una gran persona\u00bb.<\/p>\n<p><iframe loading=\"lazy\" title=\"DR FABI\u00c1N MART\u00cdN\" width=\"800\" height=\"450\" src=\"https:\/\/www.youtube.com\/embed\/1rep2eeJg90?feature=oembed\" frameborder=\"0\" allow=\"accelerometer; autoplay; clipboard-write; encrypted-media; gyroscope; picture-in-picture\" allowfullscreen><\/iframe><\/p>\n<p>&nbsp;<\/p>\n<p><img loading=\"lazy\" decoding=\"async\" class=\"alignnone size-full wp-image-48576\" src=\"https:\/\/vocesparalelas.com.ar\/sitio\/wp-content\/uploads\/2022\/05\/PASEO-MORON-04.jpg\" alt=\"\" width=\"800\" height=\"533\" srcset=\"https:\/\/vocesparalelas.com.ar\/sitio\/wp-content\/uploads\/2022\/05\/PASEO-MORON-04.jpg 800w, https:\/\/vocesparalelas.com.ar\/sitio\/wp-content\/uploads\/2022\/05\/PASEO-MORON-04-300x200.jpg 300w, https:\/\/vocesparalelas.com.ar\/sitio\/wp-content\/uploads\/2022\/05\/PASEO-MORON-04-768x512.jpg 768w\" sizes=\"auto, (max-width: 800px) 100vw, 800px\" \/><\/p>\n<p>&nbsp;<\/p>\n<p>Durante el acto, en representaci\u00f3n de la Familia de Nicol\u00e1s Naranjo, agradeci\u00f3 el gesto del Intendente Dr. Fabi\u00e1n Mart\u00edn por rendir un homenaje al deportista y vecino de la zona.<\/p>\n<p><iframe loading=\"lazy\" title=\"RIVADAVIA PASEO NICOLAS\" width=\"800\" height=\"450\" src=\"https:\/\/www.youtube.com\/embed\/0LAjZyL_cYI?feature=oembed\" frameborder=\"0\" allow=\"accelerometer; autoplay; clipboard-write; encrypted-media; gyroscope; picture-in-picture\" allowfullscreen><\/iframe><\/p>\n<p><img loading=\"lazy\" decoding=\"async\" class=\"alignnone size-full wp-image-48577\" src=\"https:\/\/vocesparalelas.com.ar\/sitio\/wp-content\/uploads\/2022\/05\/PASEO-MORON-05.jpg\" alt=\"\" width=\"800\" height=\"533\" srcset=\"https:\/\/vocesparalelas.com.ar\/sitio\/wp-content\/uploads\/2022\/05\/PASEO-MORON-05.jpg 800w, https:\/\/vocesparalelas.com.ar\/sitio\/wp-content\/uploads\/2022\/05\/PASEO-MORON-05-300x200.jpg 300w, https:\/\/vocesparalelas.com.ar\/sitio\/wp-content\/uploads\/2022\/05\/PASEO-MORON-05-768x512.jpg 768w\" sizes=\"auto, (max-width: 800px) 100vw, 800px\" \/><\/p>\n<p><img loading=\"lazy\" decoding=\"async\" class=\"alignnone size-full wp-image-48573\" src=\"https:\/\/vocesparalelas.com.ar\/sitio\/wp-content\/uploads\/2022\/05\/PASEO-MORON-01.jpg\" alt=\"\" width=\"800\" height=\"533\" srcset=\"https:\/\/vocesparalelas.com.ar\/sitio\/wp-content\/uploads\/2022\/05\/PASEO-MORON-01.jpg 800w, https:\/\/vocesparalelas.com.ar\/sitio\/wp-content\/uploads\/2022\/05\/PASEO-MORON-01-300x200.jpg 300w, https:\/\/vocesparalelas.com.ar\/sitio\/wp-content\/uploads\/2022\/05\/PASEO-MORON-01-768x512.jpg 768w\" sizes=\"auto, (max-width: 800px) 100vw, 800px\" \/><\/p>\n","protected":false},"excerpt":{"rendered":"<p>La Calle Mor\u00f3n en la Localidad Marquesado, Departamento Rivadavia, la Municipalidad de Rivadavia realiz\u00f3 el mejoramiento de la vereda para<\/p>\n","protected":false},"author":3,"featured_media":48574,"comment_status":"closed","ping_status":"closed","sticky":false,"template":"","format":"video","meta":{"_acf_changed":false,"_seopress_robots_primary_cat":"none","_seopress_titles_title":"","_seopress_titles_desc":"","_seopress_robots_index":"","colormag_page_container_layout":"default_layout","colormag_page_sidebar_layout":"default_layout","footnotes":""},"categories":[1,7],"tags":[],"class_list":["post-48571","post","type-post","status-publish","format-video","has-post-thumbnail","hentry","category-destacadas","category-videos","post_format-post-format-video"],"acf":[],"_links":{"self":[{"href":"https:\/\/vocesparalelas.com.ar\/sitio\/wp-json\/wp\/v2\/posts\/48571","targetHints":{"allow":["GET"]}}],"collection":[{"href":"https:\/\/vocesparalelas.com.ar\/sitio\/wp-json\/wp\/v2\/posts"}],"about":[{"href":"https:\/\/vocesparalelas.com.ar\/sitio\/wp-json\/wp\/v2\/types\/post"}],"author":[{"embeddable":true,"href":"https:\/\/vocesparalelas.com.ar\/sitio\/wp-json\/wp\/v2\/users\/3"}],"replies":[{"embeddable":true,"href":"https:\/\/vocesparalelas.com.ar\/sitio\/wp-json\/wp\/v2\/comments?post=48571"}],"version-history":[{"count":2,"href":"https:\/\/vocesparalelas.com.ar\/sitio\/wp-json\/wp\/v2\/posts\/48571\/revisions"}],"predecessor-version":[{"id":48581,"href":"https:\/\/vocesparalelas.com.ar\/sitio\/wp-json\/wp\/v2\/posts\/48571\/revisions\/48581"}],"wp:featuredmedia":[{"embeddable":true,"href":"https:\/\/vocesparalelas.com.ar\/sitio\/wp-json\/wp\/v2\/media\/48574"}],"wp:attachment":[{"href":"https:\/\/vocesparalelas.com.ar\/sitio\/wp-json\/wp\/v2\/media?parent=48571"}],"wp:term":[{"taxonomy":"category","embeddable":true,"href":"https:\/\/vocesparalelas.com.ar\/sitio\/wp-json\/wp\/v2\/categories?post=48571"},{"taxonomy":"post_tag","embeddable":true,"href":"https:\/\/vocesparalelas.com.ar\/sitio\/wp-json\/wp\/v2\/tags?post=48571"}],"curies":[{"name":"wp","href":"https:\/\/api.w.org\/{rel}","templated":true}]}}