{"id":48568,"date":"2022-05-05T23:48:00","date_gmt":"2022-05-06T02:48:00","guid":{"rendered":"https:\/\/vocesparalelas.com.ar\/sitio\/?p=48568"},"modified":"2022-05-07T13:35:40","modified_gmt":"2022-05-07T16:35:40","slug":"programa-de-mayo-en-el-auditorio-juan-victoria-de-san-juan","status":"publish","type":"post","link":"https:\/\/vocesparalelas.com.ar\/sitio\/programa-de-mayo-en-el-auditorio-juan-victoria-de-san-juan\/","title":{"rendered":"Programa de Mayo en el Auditorio Juan Victoria de San Juan"},"content":{"rendered":"<p>El Auditorio Juan Victoria ofrece distintas propuestas musicales\u00a0que tendr\u00e1n lugar en su sala principal. Grandes y chicos podr\u00e1n disfrutar de espect\u00e1culos de lujo durante mayo, que incluye desde m\u00fasica de c\u00e1mara hasta un festival de m\u00fasica infantil.<\/p>\n<p><span style=\"color: #ff9900;\"><strong>Programa<\/strong><\/span><\/p>\n<ul>\n<li>Viernes, 6 de Mayo, se presenta el concierto de M\u00fasica para Volar. El viaje por la obra de Gustavo Cerati, que vendi\u00f3 todos sus tickets, dar\u00e1 comienzo a este recorrido emotivo a partir de las 21 hs.<\/li>\n<li>S\u00e1bado, 7 de Mayo, a las 21:30 hs, Jairo llega a San Juan para celebrar sus 50 a\u00f1os de m\u00fasica. Se trata del show reprogramado por razones de salud del artista, cuyos tickets ser\u00e1n v\u00e1lidos para esta nueva fecha. Aquellas personas que quieran obtener entradas pueden adquirirlas en boleter\u00eda del auditorio, a trav\u00e9s de masticket.ar o en Hoffman Instrumentos ubicado en General Acha antes de 25 de Mayo.<\/li>\n<li>Domingo, 8 de Mayo, a las 16 hs.; para los m\u00e1s chiquitos se viene la cuarta edici\u00f3n Festival de M\u00fasica Infantil, Canticu\u00e9nticos, el grupo de m\u00fasica para ni\u00f1os oriundo de Santa Fe vuelve a San Juan con sus canciones infantiles llenas de identidad latinoamericana. Venta de entradas disponibles en <a href=\"http:\/\/entradaweb.com\">http:\/\/entradaweb.com<\/a><\/li>\n<li>Mi\u00e9rcoles, 11 de Mayo, con entrada libre y gratuita, Festival de M\u00fasica de C\u00e1mara con el concierto solo guitarra a cargo del talentoso Andr\u00e9 Esp\u00edndola.<\/li>\n<li>Lunes, 16 de Mayo, a las 20:30 hs., con entrada libre y gratuita Piazzolla @100 deleita al p\u00fablico con un concierto de saxof\u00f3n, violonchelo y piano junto a los m\u00fasicos Jonathan Helton, Steven Thomas y Mariano Manzanelli. Juntos interpretan obras de Darius Milhaud, Heitor Villa-Lobos, Diego Schissi, Juan Maria Solare, Kenya Wilkins y Astor Piazzolla. Ser\u00e1 el<\/li>\n<\/ul>\n","protected":false},"excerpt":{"rendered":"<p>El Auditorio Juan Victoria ofrece distintas propuestas musicales\u00a0que tendr\u00e1n lugar en su sala principal. Grandes y chicos podr\u00e1n disfrutar de<\/p>\n","protected":false},"author":3,"featured_media":4322,"comment_status":"closed","ping_status":"closed","sticky":false,"template":"","format":"standard","meta":{"_acf_changed":false,"_seopress_robots_primary_cat":"none","_seopress_titles_title":"","_seopress_titles_desc":"","_seopress_robots_index":"","colormag_page_container_layout":"default_layout","colormag_page_sidebar_layout":"default_layout","footnotes":""},"categories":[20],"tags":[],"class_list":["post-48568","post","type-post","status-publish","format-standard","has-post-thumbnail","hentry","category-cartelera"],"acf":[],"_links":{"self":[{"href":"https:\/\/vocesparalelas.com.ar\/sitio\/wp-json\/wp\/v2\/posts\/48568","targetHints":{"allow":["GET"]}}],"collection":[{"href":"https:\/\/vocesparalelas.com.ar\/sitio\/wp-json\/wp\/v2\/posts"}],"about":[{"href":"https:\/\/vocesparalelas.com.ar\/sitio\/wp-json\/wp\/v2\/types\/post"}],"author":[{"embeddable":true,"href":"https:\/\/vocesparalelas.com.ar\/sitio\/wp-json\/wp\/v2\/users\/3"}],"replies":[{"embeddable":true,"href":"https:\/\/vocesparalelas.com.ar\/sitio\/wp-json\/wp\/v2\/comments?post=48568"}],"version-history":[{"count":1,"href":"https:\/\/vocesparalelas.com.ar\/sitio\/wp-json\/wp\/v2\/posts\/48568\/revisions"}],"predecessor-version":[{"id":48570,"href":"https:\/\/vocesparalelas.com.ar\/sitio\/wp-json\/wp\/v2\/posts\/48568\/revisions\/48570"}],"wp:featuredmedia":[{"embeddable":true,"href":"https:\/\/vocesparalelas.com.ar\/sitio\/wp-json\/wp\/v2\/media\/4322"}],"wp:attachment":[{"href":"https:\/\/vocesparalelas.com.ar\/sitio\/wp-json\/wp\/v2\/media?parent=48568"}],"wp:term":[{"taxonomy":"category","embeddable":true,"href":"https:\/\/vocesparalelas.com.ar\/sitio\/wp-json\/wp\/v2\/categories?post=48568"},{"taxonomy":"post_tag","embeddable":true,"href":"https:\/\/vocesparalelas.com.ar\/sitio\/wp-json\/wp\/v2\/tags?post=48568"}],"curies":[{"name":"wp","href":"https:\/\/api.w.org\/{rel}","templated":true}]}}