{"id":48562,"date":"2022-05-05T23:34:28","date_gmt":"2022-05-06T02:34:28","guid":{"rendered":"https:\/\/vocesparalelas.com.ar\/sitio\/?p=48562"},"modified":"2022-05-05T23:34:28","modified_gmt":"2022-05-06T02:34:28","slug":"se-inauguro-la-27o-feria-internacional-de-artesanias-en-san-juan","status":"publish","type":"post","link":"https:\/\/vocesparalelas.com.ar\/sitio\/se-inauguro-la-27o-feria-internacional-de-artesanias-en-san-juan\/","title":{"rendered":"Se inaugur\u00f3 la 27\u00ba Feria Internacional de Artesan\u00edas en San Juan"},"content":{"rendered":"<div class=\"itemFullText jbintrotext\">\n<p>El vicegobernador en ejercicio del Poder Ejecutivo del Gobierno de San Juan, CPN Roberto Gattoni particip\u00f3 durante la noche del Jueves, 05 de Mayo, de la inauguraci\u00f3n de la Vig\u00e9simo s\u00e9ptima edici\u00f3n de la Feria Internacional de Artesan\u00edas, junto a la ministro de Turismo y Cultura, Lic. Claudia Grynszpan, en el Complejo Costanera Predio Ferial, departamento Chimbas.<\/p>\n<\/div>\n<div class=\"itemFullText\">\n<p>Este encuentro tanto de la producci\u00f3n artesanal y el dise\u00f1o y la gastronom\u00eda renueva su compromiso con la sociedad luego de dos a\u00f1os de pausa y en esta oportunidad participan m\u00e1s de trescientos artesanos, entre los que sobresalen los artistas internacionales oriundos tanto del exterior de pa\u00edses como Bolivia, Brasil, \u00c1frica, Uruguay y Chile entre otros, como de nuestro pa\u00eds procedentes de provincias como la propia San Juan, La Pampa, Jujuy, Neuqu\u00e9n, Entre R\u00edos, Santiago del Estero, C\u00f3rdoba, Salta y Buenos Aires.<\/p>\n<p><img loading=\"lazy\" decoding=\"async\" class=\"alignnone size-full wp-image-48566\" src=\"https:\/\/vocesparalelas.com.ar\/sitio\/wp-content\/uploads\/2022\/05\/FERIA-ARTESANIAS-01.jpg\" alt=\"\" width=\"800\" height=\"495\" srcset=\"https:\/\/vocesparalelas.com.ar\/sitio\/wp-content\/uploads\/2022\/05\/FERIA-ARTESANIAS-01.jpg 800w, https:\/\/vocesparalelas.com.ar\/sitio\/wp-content\/uploads\/2022\/05\/FERIA-ARTESANIAS-01-300x186.jpg 300w, https:\/\/vocesparalelas.com.ar\/sitio\/wp-content\/uploads\/2022\/05\/FERIA-ARTESANIAS-01-768x475.jpg 768w\" sizes=\"auto, (max-width: 800px) 100vw, 800px\" \/><\/p>\n<p>Por otra parte, est\u00e1n presentes representantes de los diecinueve departamentos de la provincia ofreciendo sus productos artesanales y el Mercado Artesanal Luisa Escudero y en otro espacio cubierto est\u00e1n presentes los emprendedores de Hilar San Juan.<\/p>\n<p>Las autoridades encabezadas por el vicegobernador Gattoni realizaron una recorrida por los distintos stands pertenecientes a los distintos departamentos de San Juan y all\u00ed tuvieron oportunidad de establecer contacto con los artesanos y conocer productos locales realizados en cuero, lana, telar, de alfarer\u00eda y distintas t\u00e9cnicas que aplican a nivel productivo.<\/p>\n<p>Es oportuno consignar que la Feria se extender\u00e1 hasta el 15 mayo pr\u00f3ximo, en el horario de 16 a 23 horas y consta de seis carpas principales que totalizan 3 mil metros cuadrados, con la presencia de m\u00e1s de trescientos expositores.<\/p>\n<p>La ceremonia de apertura de la Feria Internacional de Artesan\u00edas cont\u00f3 con la performance de Sergio Zalazar, consagrado recientemente Campe\u00f3n Nacional de Malambo y luego de su actuaci\u00f3n, intervino el equipo de malambo femenino integrado por catorce bailarinas que es conocido como Amazonas, dirigido por el bailar\u00edn y core\u00f3grafo Juan Pelletier y Laura Pacheco.<\/p>\n<p>M\u00e1s adelante, fue \u00c1ngeles Dom\u00ednguez quien ofreci\u00f3 al p\u00fablico presente distintas canciones folcl\u00f3ricas en su calidad de solista, tras su participaci\u00f3n en el Pre Cosqu\u00edn 2022, oportunidad en que represent\u00f3 a la provincia de San Juan.<\/p>\n<p>Finalmente, fueron los Gajos de Pinono, los que cerraron la participaci\u00f3n de artistas en el acto inaugural de la fiesta.<\/p>\n<\/div>\n","protected":false},"excerpt":{"rendered":"<p>El vicegobernador en ejercicio del Poder Ejecutivo del Gobierno de San Juan, CPN Roberto Gattoni particip\u00f3 durante la noche del<\/p>\n","protected":false},"author":3,"featured_media":48564,"comment_status":"closed","ping_status":"closed","sticky":false,"template":"","format":"standard","meta":{"_acf_changed":false,"_seopress_robots_primary_cat":"none","_seopress_titles_title":"","_seopress_titles_desc":"","_seopress_robots_index":"","colormag_page_container_layout":"default_layout","colormag_page_sidebar_layout":"default_layout","footnotes":""},"categories":[1],"tags":[],"class_list":["post-48562","post","type-post","status-publish","format-standard","has-post-thumbnail","hentry","category-destacadas"],"acf":[],"_links":{"self":[{"href":"https:\/\/vocesparalelas.com.ar\/sitio\/wp-json\/wp\/v2\/posts\/48562","targetHints":{"allow":["GET"]}}],"collection":[{"href":"https:\/\/vocesparalelas.com.ar\/sitio\/wp-json\/wp\/v2\/posts"}],"about":[{"href":"https:\/\/vocesparalelas.com.ar\/sitio\/wp-json\/wp\/v2\/types\/post"}],"author":[{"embeddable":true,"href":"https:\/\/vocesparalelas.com.ar\/sitio\/wp-json\/wp\/v2\/users\/3"}],"replies":[{"embeddable":true,"href":"https:\/\/vocesparalelas.com.ar\/sitio\/wp-json\/wp\/v2\/comments?post=48562"}],"version-history":[{"count":1,"href":"https:\/\/vocesparalelas.com.ar\/sitio\/wp-json\/wp\/v2\/posts\/48562\/revisions"}],"predecessor-version":[{"id":48567,"href":"https:\/\/vocesparalelas.com.ar\/sitio\/wp-json\/wp\/v2\/posts\/48562\/revisions\/48567"}],"wp:featuredmedia":[{"embeddable":true,"href":"https:\/\/vocesparalelas.com.ar\/sitio\/wp-json\/wp\/v2\/media\/48564"}],"wp:attachment":[{"href":"https:\/\/vocesparalelas.com.ar\/sitio\/wp-json\/wp\/v2\/media?parent=48562"}],"wp:term":[{"taxonomy":"category","embeddable":true,"href":"https:\/\/vocesparalelas.com.ar\/sitio\/wp-json\/wp\/v2\/categories?post=48562"},{"taxonomy":"post_tag","embeddable":true,"href":"https:\/\/vocesparalelas.com.ar\/sitio\/wp-json\/wp\/v2\/tags?post=48562"}],"curies":[{"name":"wp","href":"https:\/\/api.w.org\/{rel}","templated":true}]}}