{"id":48554,"date":"2022-05-05T21:50:54","date_gmt":"2022-05-06T00:50:54","guid":{"rendered":"https:\/\/vocesparalelas.com.ar\/sitio\/?p=48554"},"modified":"2022-05-11T23:13:15","modified_gmt":"2022-05-12T02:13:15","slug":"la-defensoria-del-pueblo-presento-el-informe-2021-de-gestion-ante-la-camara-de-diputados-de-san-juan","status":"publish","type":"post","link":"https:\/\/vocesparalelas.com.ar\/sitio\/la-defensoria-del-pueblo-presento-el-informe-2021-de-gestion-ante-la-camara-de-diputados-de-san-juan\/","title":{"rendered":"La Defensor\u00eda del Pueblo present\u00f3 el Informe 2021 de gesti\u00f3n ante la C\u00e1mara de Diputados de San Juan"},"content":{"rendered":"<p>La Defensor\u00eda del Pueblo de San Juan present\u00f3 el Jueves, 28 de Abril, en la Sesi\u00f3n Ordinaria de C\u00e1mara de Diputados de San Juan, el Informe 2021 de la gesti\u00f3n.<\/p>\n<p>Por ello, Voces Paralelas desarroll\u00f3 una entrevista period\u00edstica al Defensor del Pueblo de San Juan, Dr. Pablo Garc\u00eda Nieto, quien describi\u00f3 el sentido de presentar el Informe 20221 de la gesti\u00f3n.<\/p>\n<p><iframe loading=\"lazy\" title=\"DR PABLO GARC\u00cdA NIETO\" width=\"800\" height=\"450\" src=\"https:\/\/www.youtube.com\/embed\/0rpVWSNTMTo?feature=oembed\" frameborder=\"0\" allow=\"accelerometer; autoplay; clipboard-write; encrypted-media; gyroscope; picture-in-picture\" allowfullscreen><\/iframe><\/p>\n<p><strong><span style=\"color: #99cc00;\">Informe<\/span><\/strong><\/p>\n<p><a href=\"https:\/\/urlshortner.org\/XimTv\">https:\/\/urlshortner.org\/XimTv<\/a><\/p>\n<p>&nbsp;<\/p>\n<p>&nbsp;<\/p>\n<p><img loading=\"lazy\" decoding=\"async\" class=\"alignnone size-full wp-image-48556\" src=\"https:\/\/vocesparalelas.com.ar\/sitio\/wp-content\/uploads\/2022\/05\/DEFENSORIA-PUEBLO-SAN-JUAN.png\" alt=\"\" width=\"800\" height=\"303\" srcset=\"https:\/\/vocesparalelas.com.ar\/sitio\/wp-content\/uploads\/2022\/05\/DEFENSORIA-PUEBLO-SAN-JUAN.png 800w, https:\/\/vocesparalelas.com.ar\/sitio\/wp-content\/uploads\/2022\/05\/DEFENSORIA-PUEBLO-SAN-JUAN-300x114.png 300w, https:\/\/vocesparalelas.com.ar\/sitio\/wp-content\/uploads\/2022\/05\/DEFENSORIA-PUEBLO-SAN-JUAN-768x291.png 768w\" sizes=\"auto, (max-width: 800px) 100vw, 800px\" \/><\/p>\n<p>&nbsp;<\/p>\n<p>&nbsp;<\/p>\n<p>&nbsp;<\/p>\n","protected":false},"excerpt":{"rendered":"<p>La Defensor\u00eda del Pueblo de San Juan present\u00f3 el Jueves, 28 de Abril, en la Sesi\u00f3n Ordinaria de C\u00e1mara de<\/p>\n","protected":false},"author":3,"featured_media":48557,"comment_status":"closed","ping_status":"closed","sticky":false,"template":"","format":"video","meta":{"_acf_changed":false,"_seopress_robots_primary_cat":"none","_seopress_titles_title":"","_seopress_titles_desc":"","_seopress_robots_index":"","colormag_page_container_layout":"default_layout","colormag_page_sidebar_layout":"default_layout","footnotes":""},"categories":[10,7],"tags":[],"class_list":["post-48554","post","type-post","status-publish","format-video","has-post-thumbnail","hentry","category-opiniones","category-videos","post_format-post-format-video"],"acf":[],"_links":{"self":[{"href":"https:\/\/vocesparalelas.com.ar\/sitio\/wp-json\/wp\/v2\/posts\/48554","targetHints":{"allow":["GET"]}}],"collection":[{"href":"https:\/\/vocesparalelas.com.ar\/sitio\/wp-json\/wp\/v2\/posts"}],"about":[{"href":"https:\/\/vocesparalelas.com.ar\/sitio\/wp-json\/wp\/v2\/types\/post"}],"author":[{"embeddable":true,"href":"https:\/\/vocesparalelas.com.ar\/sitio\/wp-json\/wp\/v2\/users\/3"}],"replies":[{"embeddable":true,"href":"https:\/\/vocesparalelas.com.ar\/sitio\/wp-json\/wp\/v2\/comments?post=48554"}],"version-history":[{"count":4,"href":"https:\/\/vocesparalelas.com.ar\/sitio\/wp-json\/wp\/v2\/posts\/48554\/revisions"}],"predecessor-version":[{"id":48759,"href":"https:\/\/vocesparalelas.com.ar\/sitio\/wp-json\/wp\/v2\/posts\/48554\/revisions\/48759"}],"wp:featuredmedia":[{"embeddable":true,"href":"https:\/\/vocesparalelas.com.ar\/sitio\/wp-json\/wp\/v2\/media\/48557"}],"wp:attachment":[{"href":"https:\/\/vocesparalelas.com.ar\/sitio\/wp-json\/wp\/v2\/media?parent=48554"}],"wp:term":[{"taxonomy":"category","embeddable":true,"href":"https:\/\/vocesparalelas.com.ar\/sitio\/wp-json\/wp\/v2\/categories?post=48554"},{"taxonomy":"post_tag","embeddable":true,"href":"https:\/\/vocesparalelas.com.ar\/sitio\/wp-json\/wp\/v2\/tags?post=48554"}],"curies":[{"name":"wp","href":"https:\/\/api.w.org\/{rel}","templated":true}]}}