{"id":48551,"date":"2022-05-05T20:44:37","date_gmt":"2022-05-05T23:44:37","guid":{"rendered":"https:\/\/vocesparalelas.com.ar\/sitio\/?p=48551"},"modified":"2022-05-05T20:44:37","modified_gmt":"2022-05-05T23:44:37","slug":"charla-virtual-la-mineria-en-san-juan-aproximaciones-estadisticas-en-el-ultimo-siglo-balances-y-perspectivas","status":"publish","type":"post","link":"https:\/\/vocesparalelas.com.ar\/sitio\/charla-virtual-la-mineria-en-san-juan-aproximaciones-estadisticas-en-el-ultimo-siglo-balances-y-perspectivas\/","title":{"rendered":"Charla virtual \u201cLa Miner\u00eda en San Juan: Aproximaciones estad\u00edsticas en el \u00faltimo Siglo. Balances y Perspectivas\u201d"},"content":{"rendered":"<p>El Viernes, 6 de Mayo, a las 11 hs.; a trav\u00e9s de los canales de Youtube y Facebook de Casa Natal de Sarmiento se transmite la charla virtual Charla virtual \u201cLa Miner\u00eda en San Juan: Aproximaciones estad\u00edsticas en el \u00faltimo Siglo. Balances y Perspectivas\u201d a cargo del Lic. Fredy R. Vilela, en conmemoraci\u00f3n del \u201cD\u00eda de la Miner\u00eda\u201d.<\/p>\n<p>En esta charla se presenta la actividad minera en San Juan entre 1970 a 2015.<\/p>\n<p>Una vez finalizada la presentaci\u00f3n se propone un espacio de preguntas, debates y reflexiones.<\/p>\n<p>&nbsp;<\/p>\n","protected":false},"excerpt":{"rendered":"<p>El Viernes, 6 de Mayo, a las 11 hs.; a trav\u00e9s de los canales de Youtube y Facebook de Casa<\/p>\n","protected":false},"author":3,"featured_media":30226,"comment_status":"closed","ping_status":"closed","sticky":false,"template":"","format":"standard","meta":{"_acf_changed":false,"_seopress_robots_primary_cat":"none","_seopress_titles_title":"","_seopress_titles_desc":"","_seopress_robots_index":"","colormag_page_container_layout":"default_layout","colormag_page_sidebar_layout":"default_layout","footnotes":""},"categories":[1],"tags":[],"class_list":["post-48551","post","type-post","status-publish","format-standard","has-post-thumbnail","hentry","category-destacadas"],"acf":[],"_links":{"self":[{"href":"https:\/\/vocesparalelas.com.ar\/sitio\/wp-json\/wp\/v2\/posts\/48551","targetHints":{"allow":["GET"]}}],"collection":[{"href":"https:\/\/vocesparalelas.com.ar\/sitio\/wp-json\/wp\/v2\/posts"}],"about":[{"href":"https:\/\/vocesparalelas.com.ar\/sitio\/wp-json\/wp\/v2\/types\/post"}],"author":[{"embeddable":true,"href":"https:\/\/vocesparalelas.com.ar\/sitio\/wp-json\/wp\/v2\/users\/3"}],"replies":[{"embeddable":true,"href":"https:\/\/vocesparalelas.com.ar\/sitio\/wp-json\/wp\/v2\/comments?post=48551"}],"version-history":[{"count":1,"href":"https:\/\/vocesparalelas.com.ar\/sitio\/wp-json\/wp\/v2\/posts\/48551\/revisions"}],"predecessor-version":[{"id":48553,"href":"https:\/\/vocesparalelas.com.ar\/sitio\/wp-json\/wp\/v2\/posts\/48551\/revisions\/48553"}],"wp:featuredmedia":[{"embeddable":true,"href":"https:\/\/vocesparalelas.com.ar\/sitio\/wp-json\/wp\/v2\/media\/30226"}],"wp:attachment":[{"href":"https:\/\/vocesparalelas.com.ar\/sitio\/wp-json\/wp\/v2\/media?parent=48551"}],"wp:term":[{"taxonomy":"category","embeddable":true,"href":"https:\/\/vocesparalelas.com.ar\/sitio\/wp-json\/wp\/v2\/categories?post=48551"},{"taxonomy":"post_tag","embeddable":true,"href":"https:\/\/vocesparalelas.com.ar\/sitio\/wp-json\/wp\/v2\/tags?post=48551"}],"curies":[{"name":"wp","href":"https:\/\/api.w.org\/{rel}","templated":true}]}}