{"id":48543,"date":"2022-05-05T19:29:30","date_gmt":"2022-05-05T22:29:30","guid":{"rendered":"https:\/\/vocesparalelas.com.ar\/sitio\/?p=48543"},"modified":"2022-05-05T19:29:30","modified_gmt":"2022-05-05T22:29:30","slug":"cadim-inaugura-su-sede-social-en-san-juan","status":"publish","type":"post","link":"https:\/\/vocesparalelas.com.ar\/sitio\/cadim-inaugura-su-sede-social-en-san-juan\/","title":{"rendered":"CADIM inaugura su sede social en San Juan"},"content":{"rendered":"<p>El Viernes, 06 de Mayo, a las 17 hs.; Felix Aguilar 437 &#8211; N &#8211; Capital de San Juan, el Colegio Argentino de Ingenieros de Minas &#8211; CADIM &#8211; inaugura su sede social.<\/p>\n<p><strong><span style=\"color: #339966;\">Historia<\/span><\/strong><\/p>\n<p>Es importante recordar que el Colegio Argentino de Ingenieros de Minas &#8211; CADIM &#8211;\u00a0 fue fundado el 07 de Mayo de 1954.<\/p>\n<p>Es una entidad con m\u00e1s de 66 a\u00f1os de trayectoria, con Personer\u00eda Jur\u00eddica otorgada por la IGPJ de San Juan, bajo el N\u00b0 384.<\/p>\n<p>Debido a su compromiso y obligaci\u00f3n para con la sociedad y conforme lo demandan los propios asociados bregan de manera permanente por el buen ejercicio de la profesi\u00f3n y la gesti\u00f3n de la actividad minera, siguiendo las mejores pr\u00e1cticas t\u00e9cnico-econ\u00f3mica y socio ambientales.<\/p>\n<p>En la actualidad, m\u00e1s de 500 asociados desarrollan sus actividades en todos los emprendimientos mineros, Pymes del sector, empresas prestadoras de servicios, actividades de inspecci\u00f3n de minas, m\u00faltiples c\u00e1tedras en las 5 Universidades que dictan la carrera de Ing. de Minas en el Pa\u00eds y Escuelas t\u00e9cnicas, Institutos de Investigaci\u00f3n, organismos y empresas p\u00fablicas de jurisdicci\u00f3n nacional y provincial.<\/p>\n<p>Sienten como CADIM, la necesidad de trabajar por una mejor miner\u00eda, m\u00e1s segura, limpia, eficiente e inclusiva; salvaguardando el bienestar de la poblaci\u00f3n. Est\u00e1n comprometidos a que los profesionales trabajen con los m\u00e1s altos est\u00e1ndares y reglas del buen arte minero, promueven el comportamiento \u00e9tico, la competencia, compromiso y la actuaci\u00f3n profesional que nuestro t\u00edtulo exige.<\/p>\n","protected":false},"excerpt":{"rendered":"<p>El Viernes, 06 de Mayo, a las 17 hs.; Felix Aguilar 437 &#8211; N &#8211; Capital de San Juan, el<\/p>\n","protected":false},"author":3,"featured_media":48545,"comment_status":"closed","ping_status":"closed","sticky":false,"template":"","format":"standard","meta":{"_acf_changed":false,"_seopress_robots_primary_cat":"none","_seopress_titles_title":"","_seopress_titles_desc":"","_seopress_robots_index":"","colormag_page_container_layout":"default_layout","colormag_page_sidebar_layout":"default_layout","footnotes":""},"categories":[1],"tags":[],"class_list":["post-48543","post","type-post","status-publish","format-standard","has-post-thumbnail","hentry","category-destacadas"],"acf":[],"_links":{"self":[{"href":"https:\/\/vocesparalelas.com.ar\/sitio\/wp-json\/wp\/v2\/posts\/48543","targetHints":{"allow":["GET"]}}],"collection":[{"href":"https:\/\/vocesparalelas.com.ar\/sitio\/wp-json\/wp\/v2\/posts"}],"about":[{"href":"https:\/\/vocesparalelas.com.ar\/sitio\/wp-json\/wp\/v2\/types\/post"}],"author":[{"embeddable":true,"href":"https:\/\/vocesparalelas.com.ar\/sitio\/wp-json\/wp\/v2\/users\/3"}],"replies":[{"embeddable":true,"href":"https:\/\/vocesparalelas.com.ar\/sitio\/wp-json\/wp\/v2\/comments?post=48543"}],"version-history":[{"count":1,"href":"https:\/\/vocesparalelas.com.ar\/sitio\/wp-json\/wp\/v2\/posts\/48543\/revisions"}],"predecessor-version":[{"id":48546,"href":"https:\/\/vocesparalelas.com.ar\/sitio\/wp-json\/wp\/v2\/posts\/48543\/revisions\/48546"}],"wp:featuredmedia":[{"embeddable":true,"href":"https:\/\/vocesparalelas.com.ar\/sitio\/wp-json\/wp\/v2\/media\/48545"}],"wp:attachment":[{"href":"https:\/\/vocesparalelas.com.ar\/sitio\/wp-json\/wp\/v2\/media?parent=48543"}],"wp:term":[{"taxonomy":"category","embeddable":true,"href":"https:\/\/vocesparalelas.com.ar\/sitio\/wp-json\/wp\/v2\/categories?post=48543"},{"taxonomy":"post_tag","embeddable":true,"href":"https:\/\/vocesparalelas.com.ar\/sitio\/wp-json\/wp\/v2\/tags?post=48543"}],"curies":[{"name":"wp","href":"https:\/\/api.w.org\/{rel}","templated":true}]}}