{"id":48539,"date":"2022-05-04T19:02:50","date_gmt":"2022-05-04T22:02:50","guid":{"rendered":"https:\/\/vocesparalelas.com.ar\/sitio\/?p=48539"},"modified":"2022-05-05T23:36:25","modified_gmt":"2022-05-06T02:36:25","slug":"disfruta-en-familia-la-27-edicion-de-la-feria-internacional-de-artesanias-en-san-juan","status":"publish","type":"post","link":"https:\/\/vocesparalelas.com.ar\/sitio\/disfruta-en-familia-la-27-edicion-de-la-feria-internacional-de-artesanias-en-san-juan\/","title":{"rendered":"Disfruta en familia la 27\u00b0 edici\u00f3n de la Feria Internacional de Artesan\u00edas en San Juan"},"content":{"rendered":"<p>Despu\u00e9s de 2 a\u00f1os,\u00a0vuelve la Feria Internacional de Artesan\u00edas en su edici\u00f3n XXVII, para brindarles a los sanjuaninos y sanjuaninas una amplia muestra del desarrollo artesanal a nivel local, nacional e internacional.<\/p>\n<p>Con el apoyo del Ministerio de Turismo y Cultura, esta edici\u00f3n renovada contar\u00e1 con la participaci\u00f3n de\u00a0m\u00e1s de 300 artesanos nacionales como San Juan, Buenos Aires, C\u00f3rdoba, Santiago del Estero, Salta, Neuqu\u00e9n, Jujuy, Entre R\u00edos, La Pampa entre otras e internacionales como \u00c1frica, Brasil, Chile, Uruguay, Bolivia y otras.<\/p>\n<p>Adem\u00e1s, la feria ofrece un sector para juegos infantiles, la mejor gastronom\u00eda en Food Trucks y los municipios exhiben los productos de sus emprendedores.<\/p>\n<p>La apertura es el Jueves, 5 de Mayo desde las 16 hs y la inauguraci\u00f3n a las 20 hs en el Costanera Complejo Ferial, Fern\u00e1ndez y Salta, Departamento Chimbas, con entrada libre y gratuita.<\/p>\n<p>La feria se desarrolla hasta el 15 de Mayo con un valor de $150 en horario de 16 a 23 hs. Cabe destacar, que ni\u00f1os menores de 10 a\u00f1os sin costo, jubilados de Lunes a Viernes gratis, personas con discapacidad ingresan gratuitamente con un acompa\u00f1ante, presentando el carnet.<\/p>\n<p>Por su parte, los establecimientos educativos que quieran visitar la feria lo pueden hacer de Lunes a Jueves de forma gratuita presentando una nota con el nombre de la instituci\u00f3n y cantidad de alumnos.<\/p>\n<p>La Red Tulum est\u00e1 disponible con la\u00a0l\u00ednea 405\u00a0para llegar hasta el Costanera.<\/p>\n","protected":false},"excerpt":{"rendered":"<p>Despu\u00e9s de 2 a\u00f1os,\u00a0vuelve la Feria Internacional de Artesan\u00edas en su edici\u00f3n XXVII, para brindarles a los sanjuaninos y sanjuaninas<\/p>\n","protected":false},"author":3,"featured_media":48565,"comment_status":"closed","ping_status":"closed","sticky":false,"template":"","format":"standard","meta":{"_acf_changed":false,"_seopress_robots_primary_cat":"none","_seopress_titles_title":"","_seopress_titles_desc":"","_seopress_robots_index":"","colormag_page_container_layout":"default_layout","colormag_page_sidebar_layout":"default_layout","footnotes":""},"categories":[20],"tags":[],"class_list":["post-48539","post","type-post","status-publish","format-standard","has-post-thumbnail","hentry","category-cartelera"],"acf":[],"_links":{"self":[{"href":"https:\/\/vocesparalelas.com.ar\/sitio\/wp-json\/wp\/v2\/posts\/48539","targetHints":{"allow":["GET"]}}],"collection":[{"href":"https:\/\/vocesparalelas.com.ar\/sitio\/wp-json\/wp\/v2\/posts"}],"about":[{"href":"https:\/\/vocesparalelas.com.ar\/sitio\/wp-json\/wp\/v2\/types\/post"}],"author":[{"embeddable":true,"href":"https:\/\/vocesparalelas.com.ar\/sitio\/wp-json\/wp\/v2\/users\/3"}],"replies":[{"embeddable":true,"href":"https:\/\/vocesparalelas.com.ar\/sitio\/wp-json\/wp\/v2\/comments?post=48539"}],"version-history":[{"count":1,"href":"https:\/\/vocesparalelas.com.ar\/sitio\/wp-json\/wp\/v2\/posts\/48539\/revisions"}],"predecessor-version":[{"id":48542,"href":"https:\/\/vocesparalelas.com.ar\/sitio\/wp-json\/wp\/v2\/posts\/48539\/revisions\/48542"}],"wp:featuredmedia":[{"embeddable":true,"href":"https:\/\/vocesparalelas.com.ar\/sitio\/wp-json\/wp\/v2\/media\/48565"}],"wp:attachment":[{"href":"https:\/\/vocesparalelas.com.ar\/sitio\/wp-json\/wp\/v2\/media?parent=48539"}],"wp:term":[{"taxonomy":"category","embeddable":true,"href":"https:\/\/vocesparalelas.com.ar\/sitio\/wp-json\/wp\/v2\/categories?post=48539"},{"taxonomy":"post_tag","embeddable":true,"href":"https:\/\/vocesparalelas.com.ar\/sitio\/wp-json\/wp\/v2\/tags?post=48539"}],"curies":[{"name":"wp","href":"https:\/\/api.w.org\/{rel}","templated":true}]}}