{"id":48527,"date":"2022-05-04T21:44:03","date_gmt":"2022-05-05T00:44:03","guid":{"rendered":"https:\/\/vocesparalelas.com.ar\/sitio\/?p=48527"},"modified":"2022-05-05T01:45:50","modified_gmt":"2022-05-05T04:45:50","slug":"firma-de-convenio-para-capacitacion-en-tecnologia-a-jovenes-de-san-juan","status":"publish","type":"post","link":"https:\/\/vocesparalelas.com.ar\/sitio\/firma-de-convenio-para-capacitacion-en-tecnologia-a-jovenes-de-san-juan\/","title":{"rendered":"Firma de convenio para capacitaci\u00f3n en tecnolog\u00eda a j\u00f3venes de San Juan"},"content":{"rendered":"<p>&nbsp;<\/p>\n<p>El rector de la UNSJ, Ing. Tadeo Berenguer, recibi\u00f3 a las autoridades del ministerio de Trabajo de la Naci\u00f3n, con quienes suscribi\u00f3 un convenio que tiene como finalidad brindar capacitaci\u00f3n en tecnolog\u00eda a j\u00f3venes de San Juan, en el marco del programa Trabajo + Tecnolog\u00eda &#8211; TTEC &#8211; que lleva adelante el ministerio en varias provincias de Argentina.<\/p>\n<p>El convenio contempla la financiaci\u00f3n, por parte del ministerio, de 500 becas destinadas a j\u00f3venes, en programaci\u00f3n Full Stack y Testing. La convocatoria es amplia, pero la selecci\u00f3n de aspirantes se hace con perspectiva de g\u00e9nero, priorizando a mujeres para la capacitaci\u00f3n.<\/p>\n<p>En la firma, participaron, adem\u00e1s del rector de la UNSJ, Ing. Tadeo Berenguer, el jefe de Gabinete del ministerio de Trabajo, Dr. Roberto Sukerman y presidente de la C\u00e1mara de Empresas y Tecnolog\u00eda de San Juan, Ricardo Goldberg.<\/p>\n<p><img loading=\"lazy\" decoding=\"async\" class=\"alignnone size-full wp-image-48531\" src=\"https:\/\/vocesparalelas.com.ar\/sitio\/wp-content\/uploads\/2022\/05\/UNSJ-TRABAJO-03.jpg\" alt=\"\" width=\"800\" height=\"533\" srcset=\"https:\/\/vocesparalelas.com.ar\/sitio\/wp-content\/uploads\/2022\/05\/UNSJ-TRABAJO-03.jpg 800w, https:\/\/vocesparalelas.com.ar\/sitio\/wp-content\/uploads\/2022\/05\/UNSJ-TRABAJO-03-300x200.jpg 300w, https:\/\/vocesparalelas.com.ar\/sitio\/wp-content\/uploads\/2022\/05\/UNSJ-TRABAJO-03-768x512.jpg 768w\" sizes=\"auto, (max-width: 800px) 100vw, 800px\" \/><\/p>\n<p><img loading=\"lazy\" decoding=\"async\" class=\"alignnone size-full wp-image-48530\" src=\"https:\/\/vocesparalelas.com.ar\/sitio\/wp-content\/uploads\/2022\/05\/UNSJ-TRABAJO-02.jpg\" alt=\"\" width=\"800\" height=\"533\" srcset=\"https:\/\/vocesparalelas.com.ar\/sitio\/wp-content\/uploads\/2022\/05\/UNSJ-TRABAJO-02.jpg 800w, https:\/\/vocesparalelas.com.ar\/sitio\/wp-content\/uploads\/2022\/05\/UNSJ-TRABAJO-02-300x200.jpg 300w, https:\/\/vocesparalelas.com.ar\/sitio\/wp-content\/uploads\/2022\/05\/UNSJ-TRABAJO-02-768x512.jpg 768w\" sizes=\"auto, (max-width: 800px) 100vw, 800px\" \/><\/p>\n<p>Se estima que a mediados del mes de mayo se brinda informaci\u00f3n sobre la inscripci\u00f3n para la capacitaci\u00f3n, a todas aquellas personas mayores de 18 a\u00f1os y con conocimientos b\u00e1sicos de inform\u00e1tica, que quieran realizarla.<\/p>\n<p><iframe loading=\"lazy\" title=\"UNSJ RECTOR ING TADEO BERENGUER\" width=\"800\" height=\"450\" src=\"https:\/\/www.youtube.com\/embed\/p8ifPt_4kLg?feature=oembed\" frameborder=\"0\" allow=\"accelerometer; autoplay; clipboard-write; encrypted-media; gyroscope; picture-in-picture\" allowfullscreen><\/iframe><\/p>\n<p>&nbsp;<\/p>\n<p>Posteriormente, el jefe de Gabinete del ministerio de Trabajo, Dr. Roberto Sukerman destac\u00f3 la importancia del convenio para fortalecer las capacitaciones destinada a los j\u00f3venes para iniciarse en el trabajo en la actualidad.<\/p>\n<p>&nbsp;<\/p>\n<p><iframe loading=\"lazy\" title=\"UNSJ DR ROBERTO\" width=\"800\" height=\"450\" src=\"https:\/\/www.youtube.com\/embed\/XLYNrAyw3ms?feature=oembed\" frameborder=\"0\" allow=\"accelerometer; autoplay; clipboard-write; encrypted-media; gyroscope; picture-in-picture\" allowfullscreen><\/iframe><\/p>\n<p>&nbsp;<\/p>\n<p><img loading=\"lazy\" decoding=\"async\" class=\"alignnone size-full wp-image-48529\" src=\"https:\/\/vocesparalelas.com.ar\/sitio\/wp-content\/uploads\/2022\/05\/UNSJ-TRABAJO-01.jpg\" alt=\"\" width=\"800\" height=\"533\" srcset=\"https:\/\/vocesparalelas.com.ar\/sitio\/wp-content\/uploads\/2022\/05\/UNSJ-TRABAJO-01.jpg 800w, https:\/\/vocesparalelas.com.ar\/sitio\/wp-content\/uploads\/2022\/05\/UNSJ-TRABAJO-01-300x200.jpg 300w, https:\/\/vocesparalelas.com.ar\/sitio\/wp-content\/uploads\/2022\/05\/UNSJ-TRABAJO-01-768x512.jpg 768w\" sizes=\"auto, (max-width: 800px) 100vw, 800px\" \/><\/p>\n<p><img loading=\"lazy\" decoding=\"async\" class=\"alignnone size-full wp-image-48532\" src=\"https:\/\/vocesparalelas.com.ar\/sitio\/wp-content\/uploads\/2022\/05\/UNSJ-TRABAJO-04.jpg\" alt=\"\" width=\"800\" height=\"533\" srcset=\"https:\/\/vocesparalelas.com.ar\/sitio\/wp-content\/uploads\/2022\/05\/UNSJ-TRABAJO-04.jpg 800w, https:\/\/vocesparalelas.com.ar\/sitio\/wp-content\/uploads\/2022\/05\/UNSJ-TRABAJO-04-300x200.jpg 300w, https:\/\/vocesparalelas.com.ar\/sitio\/wp-content\/uploads\/2022\/05\/UNSJ-TRABAJO-04-768x512.jpg 768w\" sizes=\"auto, (max-width: 800px) 100vw, 800px\" \/><\/p>\n<p>&nbsp;<\/p>\n<p><img loading=\"lazy\" decoding=\"async\" class=\"alignnone size-full wp-image-48537\" src=\"https:\/\/vocesparalelas.com.ar\/sitio\/wp-content\/uploads\/2022\/05\/UNSJ-TRABAJO-05.jpg\" alt=\"\" width=\"800\" height=\"533\" srcset=\"https:\/\/vocesparalelas.com.ar\/sitio\/wp-content\/uploads\/2022\/05\/UNSJ-TRABAJO-05.jpg 800w, https:\/\/vocesparalelas.com.ar\/sitio\/wp-content\/uploads\/2022\/05\/UNSJ-TRABAJO-05-300x200.jpg 300w, https:\/\/vocesparalelas.com.ar\/sitio\/wp-content\/uploads\/2022\/05\/UNSJ-TRABAJO-05-768x512.jpg 768w\" sizes=\"auto, (max-width: 800px) 100vw, 800px\" \/><\/p>\n","protected":false},"excerpt":{"rendered":"<p>&nbsp; El rector de la UNSJ, Ing. Tadeo Berenguer, recibi\u00f3 a las autoridades del ministerio de Trabajo de la Naci\u00f3n,<\/p>\n","protected":false},"author":3,"featured_media":48530,"comment_status":"closed","ping_status":"closed","sticky":false,"template":"","format":"video","meta":{"_acf_changed":false,"_seopress_robots_primary_cat":"none","_seopress_titles_title":"","_seopress_titles_desc":"","_seopress_robots_index":"","colormag_page_container_layout":"default_layout","colormag_page_sidebar_layout":"default_layout","footnotes":""},"categories":[1,7],"tags":[],"class_list":["post-48527","post","type-post","status-publish","format-video","has-post-thumbnail","hentry","category-destacadas","category-videos","post_format-post-format-video"],"acf":[],"_links":{"self":[{"href":"https:\/\/vocesparalelas.com.ar\/sitio\/wp-json\/wp\/v2\/posts\/48527","targetHints":{"allow":["GET"]}}],"collection":[{"href":"https:\/\/vocesparalelas.com.ar\/sitio\/wp-json\/wp\/v2\/posts"}],"about":[{"href":"https:\/\/vocesparalelas.com.ar\/sitio\/wp-json\/wp\/v2\/types\/post"}],"author":[{"embeddable":true,"href":"https:\/\/vocesparalelas.com.ar\/sitio\/wp-json\/wp\/v2\/users\/3"}],"replies":[{"embeddable":true,"href":"https:\/\/vocesparalelas.com.ar\/sitio\/wp-json\/wp\/v2\/comments?post=48527"}],"version-history":[{"count":3,"href":"https:\/\/vocesparalelas.com.ar\/sitio\/wp-json\/wp\/v2\/posts\/48527\/revisions"}],"predecessor-version":[{"id":48538,"href":"https:\/\/vocesparalelas.com.ar\/sitio\/wp-json\/wp\/v2\/posts\/48527\/revisions\/48538"}],"wp:featuredmedia":[{"embeddable":true,"href":"https:\/\/vocesparalelas.com.ar\/sitio\/wp-json\/wp\/v2\/media\/48530"}],"wp:attachment":[{"href":"https:\/\/vocesparalelas.com.ar\/sitio\/wp-json\/wp\/v2\/media?parent=48527"}],"wp:term":[{"taxonomy":"category","embeddable":true,"href":"https:\/\/vocesparalelas.com.ar\/sitio\/wp-json\/wp\/v2\/categories?post=48527"},{"taxonomy":"post_tag","embeddable":true,"href":"https:\/\/vocesparalelas.com.ar\/sitio\/wp-json\/wp\/v2\/tags?post=48527"}],"curies":[{"name":"wp","href":"https:\/\/api.w.org\/{rel}","templated":true}]}}