{"id":48513,"date":"2022-05-04T21:58:50","date_gmt":"2022-05-05T00:58:50","guid":{"rendered":"https:\/\/vocesparalelas.com.ar\/sitio\/?p=48513"},"modified":"2022-05-05T01:23:09","modified_gmt":"2022-05-05T04:23:09","slug":"se-amplio-el-servicio-de-la-clinica-santa-clara-en-san-juan","status":"publish","type":"post","link":"https:\/\/vocesparalelas.com.ar\/sitio\/se-amplio-el-servicio-de-la-clinica-santa-clara-en-san-juan\/","title":{"rendered":"Se ampli\u00f3 el servicio de la Cl\u00ednica Santa Clara en San Juan"},"content":{"rendered":"<p>El gobernador de San Juan, Dr. Sergio U\u00f1ac y la directora de PAMI, Lic. Luana Volnovich presidieron la inauguraci\u00f3n del Servicio de Resonancia y Ecograf\u00eda de la Cl\u00ednica Santa Clara.<\/p>\n<p>Participaron tambi\u00e9n en la actividad Alejandra Venerando, ministra de Salud P\u00fablica de San Juan; Ra\u00fal Olmos, administrador de Red Basa; los doctores Ariel Sosa y Andrea Faruyi de Red Basa y Santiago Paoleta, subdirector de Red Basa; secretaria general de administraci\u00f3n de PAMI, Mar\u00eda Alejandra F\u00e9rnandez Carano; secretario t\u00e9cnico operativo de PAMI, Eugenio Garriga Lacase; director de PAMI provincial, Marcio Meglioli y autoridades de cl\u00ednica Santa Clara.<\/p>\n<p><iframe loading=\"lazy\" title=\"U\u00f1ac presente en la Inauguraci\u00f3n de Obras de Cl\u00ednica Santa Clara\" width=\"800\" height=\"450\" src=\"https:\/\/www.youtube.com\/embed\/Pp8N7KedTws?feature=oembed\" frameborder=\"0\" allow=\"accelerometer; autoplay; clipboard-write; encrypted-media; gyroscope; picture-in-picture\" allowfullscreen><\/iframe><\/p>\n<p>&nbsp;<\/p>\n<p>Red BASA, a cargo de la Cl\u00ednica Santa Clara, apuesta a mejorar la salud de los sanjuaninos con un resonador magn\u00e9tico abierto de \u00faltima tecnolog\u00eda. Este equipo, por ser abierto, es apto para personas claustrof\u00f3bicas y\/o de gran tama\u00f1o corporal.<\/p>\n<p>Permite tomar im\u00e1genes anat\u00f3micas de gran definici\u00f3n para el diagn\u00f3stico preciso de enfermedades tumorales, ostiomioarticulares del sistema nervioso central, entre otras.<\/p>\n<p><img loading=\"lazy\" decoding=\"async\" class=\"alignnone size-full wp-image-48515\" src=\"https:\/\/vocesparalelas.com.ar\/sitio\/wp-content\/uploads\/2022\/05\/PAMI-01.jpg\" alt=\"\" width=\"800\" height=\"513\" srcset=\"https:\/\/vocesparalelas.com.ar\/sitio\/wp-content\/uploads\/2022\/05\/PAMI-01.jpg 800w, https:\/\/vocesparalelas.com.ar\/sitio\/wp-content\/uploads\/2022\/05\/PAMI-01-300x192.jpg 300w, https:\/\/vocesparalelas.com.ar\/sitio\/wp-content\/uploads\/2022\/05\/PAMI-01-768x492.jpg 768w\" sizes=\"auto, (max-width: 800px) 100vw, 800px\" \/><\/p>\n<p>&nbsp;<\/p>\n<p>Este aparato se agrega a otro tom\u00f3grafo de \u00faltima generaci\u00f3n tambi\u00e9n con el que se brinda el servicio de ecograf\u00eda general, abdominal, renal, ginecol\u00f3gica, entre otras.<\/p>\n<p>Con estos equipos, que son de alta tecnolog\u00eda, adem\u00e1s se mejorar\u00e1 y duplicar\u00e1 la atenci\u00f3n desde las siete hasta las veintitr\u00e9s horas y las urgencias durante las 24 horas durante los 365 d\u00edas del a\u00f1o.<\/p>\n<p>Alejandro Mattar, director de la Cl\u00ednica Santa Clara, dijo que la instituci\u00f3n lleva \u00abun tiempo fortaleciendo, remodelando y tratando de mejorar la calidad de atenci\u00f3n y las prestaciones de salud a nuestro afiliados, al paciente de PAMI. Hoy tenemos una afluencia de 47000 y con este resonador que estamos inaugurando m\u00e1s el servicio de eco doppler y ecograf\u00eda vamos a poder triplicar los estudios que hacemos tanto a pacientes internados como ambulatorios\u201d.<\/p>\n<p>Luego, anunci\u00f3 que que la cl\u00ednica \u00abaumentar\u00e1 el n\u00famero de habitaciones, por eso nos estamos comprometiendo a entregar en un plazo de aproximadamente 90 d\u00edas 10 habitaciones m\u00e1s y as\u00ed cada 90 d\u00edas hasta superar las 38 habitaciones que le vamos a incorporar a las que ya tiene la cl\u00ednica\u201d.<\/p>\n<p>A continuaci\u00f3n, Ra\u00fal Olmos consider\u00f3 que San Juan es \u201cuna provincia muy bien plantada y muy bien administrada y eso genera una exigencia para lograr una calidad de servicio m\u00e9dico que est\u00e9 a la altura de los sanjuaninos\u201d.<\/p>\n<p>Sum\u00f3 que \u201ctenemos un Estado y un equipo de trabajo en el sanatorio que est\u00e1 muy comprometido. Son casi 600 personas trabajando en el sanatorio codo a codo, d\u00eda a d\u00eda, para lograr una calidad m\u00e9dica de excelencia\u201d.<\/p>\n<p>Por \u00faltimo agradeci\u00f3 a las autoridades de PAMI la transformaci\u00f3n que est\u00e1n llevando delante, que tiene que ver con distribuir el ingreso para lograr un sistema de salud m\u00e1s equitativo e integral.<\/p>\n<p>Luego, Luana Volnovich dijo que \u201chace dos a\u00f1os cumpl\u00ed con la palabra del presidente que se hab\u00eda comprometido con nuestros jubilados que iban a tener los medicamentos gratis y hoy en la provincia de San Juan casi 8 de cada 10 sanjuaninos afiliados de PAMI tienen sus medicamentos gratis. Una vez resuelto el tema de los medicamentos ten\u00edamos que mejorar la calidad de la atenci\u00f3n m\u00e9dica y eso es lo que estamos haciendo ahora\u201d.<\/p>\n<p>\u201cHoy venimos a San Juan a acompa\u00f1ar este emprendimiento porque nuestra visi\u00f3n apunta a construir una Argentina federal, escuchar los problemas y despu\u00e9s juntarnos con nuestros directores, con el gobernador y con los profesionales de salud para solucionarlos\u201d, a\u00f1adi\u00f3 la titular de PAMI.<\/p>\n<p>Para finalizar, hizo uso de la palabra el gobernador Sergio U\u00f1ac, quien asever\u00f3 que \u201cla salud p\u00fablica en la provincia de San Juan tiene una mirada abierta y colectiva; la salud p\u00fablica implica tambi\u00e9n el esfuerzo de los prestadores privados y, en conjunto, vamos mejorando la prestaci\u00f3n de sus servicios\u201d.<\/p>\n<p>Agreg\u00f3 que \u201csi algo dej\u00f3 en claro la pandemia es que nadie se salva solo ni en el aspecto de la salud ni en el aspecto social. Cada una de las cosas que nos hemos permitido superar nacieron de la tarea humanitaria mundial, del esfuerzo conjunto en la sociedad, estableciendo normas y pudiendo respetarlas. Ahora, a seguir sumando m\u00e1s y mejores servicios para nuestros abuelos que, en definitiva, son para toda la poblaci\u00f3n sanjuanina\u201d.<\/p>\n","protected":false},"excerpt":{"rendered":"<p>El gobernador de San Juan, Dr. Sergio U\u00f1ac y la directora de PAMI, Lic. Luana Volnovich presidieron la inauguraci\u00f3n del<\/p>\n","protected":false},"author":3,"featured_media":48516,"comment_status":"closed","ping_status":"closed","sticky":false,"template":"","format":"video","meta":{"_acf_changed":false,"_seopress_robots_primary_cat":"none","_seopress_titles_title":"","_seopress_titles_desc":"","_seopress_robots_index":"","colormag_page_container_layout":"default_layout","colormag_page_sidebar_layout":"default_layout","footnotes":""},"categories":[1,7],"tags":[],"class_list":["post-48513","post","type-post","status-publish","format-video","has-post-thumbnail","hentry","category-destacadas","category-videos","post_format-post-format-video"],"acf":[],"_links":{"self":[{"href":"https:\/\/vocesparalelas.com.ar\/sitio\/wp-json\/wp\/v2\/posts\/48513","targetHints":{"allow":["GET"]}}],"collection":[{"href":"https:\/\/vocesparalelas.com.ar\/sitio\/wp-json\/wp\/v2\/posts"}],"about":[{"href":"https:\/\/vocesparalelas.com.ar\/sitio\/wp-json\/wp\/v2\/types\/post"}],"author":[{"embeddable":true,"href":"https:\/\/vocesparalelas.com.ar\/sitio\/wp-json\/wp\/v2\/users\/3"}],"replies":[{"embeddable":true,"href":"https:\/\/vocesparalelas.com.ar\/sitio\/wp-json\/wp\/v2\/comments?post=48513"}],"version-history":[{"count":1,"href":"https:\/\/vocesparalelas.com.ar\/sitio\/wp-json\/wp\/v2\/posts\/48513\/revisions"}],"predecessor-version":[{"id":48517,"href":"https:\/\/vocesparalelas.com.ar\/sitio\/wp-json\/wp\/v2\/posts\/48513\/revisions\/48517"}],"wp:featuredmedia":[{"embeddable":true,"href":"https:\/\/vocesparalelas.com.ar\/sitio\/wp-json\/wp\/v2\/media\/48516"}],"wp:attachment":[{"href":"https:\/\/vocesparalelas.com.ar\/sitio\/wp-json\/wp\/v2\/media?parent=48513"}],"wp:term":[{"taxonomy":"category","embeddable":true,"href":"https:\/\/vocesparalelas.com.ar\/sitio\/wp-json\/wp\/v2\/categories?post=48513"},{"taxonomy":"post_tag","embeddable":true,"href":"https:\/\/vocesparalelas.com.ar\/sitio\/wp-json\/wp\/v2\/tags?post=48513"}],"curies":[{"name":"wp","href":"https:\/\/api.w.org\/{rel}","templated":true}]}}