{"id":48509,"date":"2022-05-04T20:47:44","date_gmt":"2022-05-04T23:47:44","guid":{"rendered":"https:\/\/vocesparalelas.com.ar\/sitio\/?p=48509"},"modified":"2022-05-05T01:23:33","modified_gmt":"2022-05-05T04:23:33","slug":"una-reunion-que-permitio-la-definicion-de-un-trabajo-conjunto-por-el-deporte-de-san-juan","status":"publish","type":"post","link":"https:\/\/vocesparalelas.com.ar\/sitio\/una-reunion-que-permitio-la-definicion-de-un-trabajo-conjunto-por-el-deporte-de-san-juan\/","title":{"rendered":"Una reuni\u00f3n que permiti\u00f3 la definici\u00f3n de un trabajo conjunto por el deporte de San Juan"},"content":{"rendered":"<p>En el Edificio de la Universidad Nacional de San Juan, se desarroll\u00f3 una reuni\u00f3n para acordar convenios y formas de trabajar en conjunto por el deporte de San Juan entre la UNSJ y la Secretar\u00eda de Deportes del Gobierno de San Juan.<\/p>\n<p>El objetivo del encuentro es comenzar a trabajar en conjunto, realizando convenios para que se dicten otras diplomaturas o especializaciones en deportes espec\u00edficos para profesionales. El aporte de la instituci\u00f3n acad\u00e9mica ser\u00eda, a trav\u00e9s de la Secretar\u00eda de Bienestar Universitario, de crear un \u00e1rea de capacitaciones para la coordinaci\u00f3n de acciones y llevar a cabo esas propuestas.<\/p>\n<p>Adem\u00e1s, se est\u00e1 trabajando la iniciativa de dictar una Diplomatura en Comunicaci\u00f3n Deportiva Digital, necesidad surgida a partir de reuniones con autoridades de la Facultad de Ciencias Sociales de la UNSJ.<\/p>\n<p>Por otra parte, se est\u00e1 elaborando un convenio entre Secretar\u00eda y distintas facultades de la UNSJ, para realizar pasant\u00edas en actividades propuestas por este organismo gubernamental.<\/p>\n<p>Por \u00faltimo, se dio a conocer en esta reuni\u00f3n que la Universidad Nacional de San Juan tendr\u00e1 en 90 d\u00edas un proyecto definitivo sobre la remodelaci\u00f3n del Complejo Deportivo Universitario \u201cEl Palomar\u201d, el cual contar\u00e1 con ayuda planificaci\u00f3n y ejecuci\u00f3n por parte de la Secretar\u00eda de Deportes.<\/p>\n<p>Al respecto y finalizado el encuentro, el secretario Jorge Chica coment\u00f3 que \u201cel trabajo conjunto es esencial en todos los proyectos que encaramos desde la Secretar\u00eda. Agradezco profundamente al rector de la UNSJ por la posibilidad de coordinar acciones potenciando el deporte junto a cada sector\u201d.<\/p>\n","protected":false},"excerpt":{"rendered":"<p>En el Edificio de la Universidad Nacional de San Juan, se desarroll\u00f3 una reuni\u00f3n para acordar convenios y formas de<\/p>\n","protected":false},"author":3,"featured_media":48511,"comment_status":"closed","ping_status":"closed","sticky":false,"template":"","format":"standard","meta":{"_acf_changed":false,"_seopress_robots_primary_cat":"none","_seopress_titles_title":"","_seopress_titles_desc":"","_seopress_robots_index":"","colormag_page_container_layout":"default_layout","colormag_page_sidebar_layout":"default_layout","footnotes":""},"categories":[1],"tags":[],"class_list":["post-48509","post","type-post","status-publish","format-standard","has-post-thumbnail","hentry","category-destacadas"],"acf":[],"_links":{"self":[{"href":"https:\/\/vocesparalelas.com.ar\/sitio\/wp-json\/wp\/v2\/posts\/48509","targetHints":{"allow":["GET"]}}],"collection":[{"href":"https:\/\/vocesparalelas.com.ar\/sitio\/wp-json\/wp\/v2\/posts"}],"about":[{"href":"https:\/\/vocesparalelas.com.ar\/sitio\/wp-json\/wp\/v2\/types\/post"}],"author":[{"embeddable":true,"href":"https:\/\/vocesparalelas.com.ar\/sitio\/wp-json\/wp\/v2\/users\/3"}],"replies":[{"embeddable":true,"href":"https:\/\/vocesparalelas.com.ar\/sitio\/wp-json\/wp\/v2\/comments?post=48509"}],"version-history":[{"count":1,"href":"https:\/\/vocesparalelas.com.ar\/sitio\/wp-json\/wp\/v2\/posts\/48509\/revisions"}],"predecessor-version":[{"id":48512,"href":"https:\/\/vocesparalelas.com.ar\/sitio\/wp-json\/wp\/v2\/posts\/48509\/revisions\/48512"}],"wp:featuredmedia":[{"embeddable":true,"href":"https:\/\/vocesparalelas.com.ar\/sitio\/wp-json\/wp\/v2\/media\/48511"}],"wp:attachment":[{"href":"https:\/\/vocesparalelas.com.ar\/sitio\/wp-json\/wp\/v2\/media?parent=48509"}],"wp:term":[{"taxonomy":"category","embeddable":true,"href":"https:\/\/vocesparalelas.com.ar\/sitio\/wp-json\/wp\/v2\/categories?post=48509"},{"taxonomy":"post_tag","embeddable":true,"href":"https:\/\/vocesparalelas.com.ar\/sitio\/wp-json\/wp\/v2\/tags?post=48509"}],"curies":[{"name":"wp","href":"https:\/\/api.w.org\/{rel}","templated":true}]}}