{"id":48468,"date":"2022-05-03T23:15:00","date_gmt":"2022-05-04T02:15:00","guid":{"rendered":"https:\/\/vocesparalelas.com.ar\/sitio\/?p=48468"},"modified":"2022-05-04T01:17:10","modified_gmt":"2022-05-04T04:17:10","slug":"74-anos-del-surgimiento-del-estado-de-israel","status":"publish","type":"post","link":"https:\/\/vocesparalelas.com.ar\/sitio\/74-anos-del-surgimiento-del-estado-de-israel\/","title":{"rendered":"74 a\u00f1os del surgimiento del Estado de Israel"},"content":{"rendered":"<div class=\"itemFullText jbintrotext\">\n<p>En la Plaza 25 de Mayo de San Juan, al pie del Monumento a Domingo Faustino Sarmiento se realiz\u00f3 el acto para conmemorar el 74\u00b0 aniversario de la independencia del Estado de Israel.<\/p>\n<p>El acto fue presidido por el vicegobernador en ejercicio del Poder Ejecutivo del Gobierno de San Juan, CPN Roberto Gattoni, el Presidente de la Sociedad Israelita de Beneficencia de San Juan, Dr. Leonardo Siere y el intendente de la Municipalidad de la Capital, Dr. Emilio Baistrocchi.<\/p>\n<p><img loading=\"lazy\" decoding=\"async\" class=\"alignnone size-full wp-image-48470\" src=\"https:\/\/vocesparalelas.com.ar\/sitio\/wp-content\/uploads\/2022\/05\/ISRAEL-01.jpg\" alt=\"\" width=\"800\" height=\"533\" srcset=\"https:\/\/vocesparalelas.com.ar\/sitio\/wp-content\/uploads\/2022\/05\/ISRAEL-01.jpg 800w, https:\/\/vocesparalelas.com.ar\/sitio\/wp-content\/uploads\/2022\/05\/ISRAEL-01-300x200.jpg 300w, https:\/\/vocesparalelas.com.ar\/sitio\/wp-content\/uploads\/2022\/05\/ISRAEL-01-768x512.jpg 768w\" sizes=\"auto, (max-width: 800px) 100vw, 800px\" \/><\/p>\n<\/div>\n<div class=\"itemFullText\">\n<p>Tras la entonaci\u00f3n de los Himnos Nacional Argentino y del Estado de Israel, ejecutado por la Banda de M\u00fasica de la Polic\u00eda de San Juan, se realiz\u00f3 un minuto de silencio y posteriormente, fue le\u00edda la Declaraci\u00f3n de Independencia del Estado de Israel.<\/p>\n<p>A continuaci\u00f3n, se realiz\u00f3 una oraci\u00f3n por el Estado de Israel a cargo de integrantes de descendientes de la comunidad jud\u00eda en San Juan.<\/p>\n<p>Fue el momento m\u00e1s emotivo, cuando las autoridades colocaron libros al pie del Monumento a Domingo Faustino Sarmiento para que la historia este presente en cada uno y para no olvidar.<\/p>\n<p>A continuaci\u00f3n, el Presidente de la Sociedad Israelita de Beneficencia de San Juan, Dr. Leonardo Siere hizo una reflexi\u00f3n sobre el significado del surgimiento del Estado de Israel para el mundo.<\/p>\n<p>&nbsp;<\/p>\n<p>En tanto que el intendente municipal de la ciudad de San Juan, Emilio Baistrocchi, puntualiz\u00f3 que Israel es \u201cun pa\u00eds pujante con gran resiliencia\u201d y a\u00f1adi\u00f3 que \u00abel mundo necesita m\u00e1s ejemplos como Israel, m\u00e1s consensos. Por eso tenemos que tomar el modelo de lo que han logrado y generar acciones que nos unan m\u00e1s all\u00e1 de los or\u00edgenes culturales o religiosos\u00bb.<\/p>\n<p>Finalmente, el vicegobernador Roberto Gattoni manifest\u00f3 que \u00abIsrael y Argentina son pa\u00edses j\u00f3venes que supieron generar un fuerte v\u00ednculo basado en el afecto y respeto mutuo\u00bb y destac\u00f3 la visita del gobernador Sergio U\u00f1ac a Israel y destac\u00f3 la recepci\u00f3n de los israel\u00edes con\u00a0 los visitantes\u201d.<\/p>\n<p>&nbsp;<\/p>\n<p>Para finalizar el acto, fue el retiro de las banderas que acompa\u00f1aron para conmemorar el 74\u00b0 aniversario de la independencia del Estado de Israel.<\/p>\n<p><img loading=\"lazy\" decoding=\"async\" class=\"alignnone size-full wp-image-48478\" src=\"https:\/\/vocesparalelas.com.ar\/sitio\/wp-content\/uploads\/2022\/05\/ISRAEL-03.jpg\" alt=\"\" width=\"800\" height=\"533\" srcset=\"https:\/\/vocesparalelas.com.ar\/sitio\/wp-content\/uploads\/2022\/05\/ISRAEL-03.jpg 800w, https:\/\/vocesparalelas.com.ar\/sitio\/wp-content\/uploads\/2022\/05\/ISRAEL-03-300x200.jpg 300w, https:\/\/vocesparalelas.com.ar\/sitio\/wp-content\/uploads\/2022\/05\/ISRAEL-03-768x512.jpg 768w\" sizes=\"auto, (max-width: 800px) 100vw, 800px\" \/><\/p>\n<\/div>\n<p>&nbsp;<\/p>\n","protected":false},"excerpt":{"rendered":"<p>En la Plaza 25 de Mayo de San Juan, al pie del Monumento a Domingo Faustino Sarmiento se realiz\u00f3 el<\/p>\n","protected":false},"author":3,"featured_media":48471,"comment_status":"closed","ping_status":"closed","sticky":false,"template":"","format":"video","meta":{"_acf_changed":false,"_seopress_robots_primary_cat":"none","_seopress_titles_title":"","_seopress_titles_desc":"","_seopress_robots_index":"","colormag_page_container_layout":"default_layout","colormag_page_sidebar_layout":"default_layout","footnotes":""},"categories":[1,7],"tags":[],"class_list":["post-48468","post","type-post","status-publish","format-video","has-post-thumbnail","hentry","category-destacadas","category-videos","post_format-post-format-video"],"acf":[],"_links":{"self":[{"href":"https:\/\/vocesparalelas.com.ar\/sitio\/wp-json\/wp\/v2\/posts\/48468","targetHints":{"allow":["GET"]}}],"collection":[{"href":"https:\/\/vocesparalelas.com.ar\/sitio\/wp-json\/wp\/v2\/posts"}],"about":[{"href":"https:\/\/vocesparalelas.com.ar\/sitio\/wp-json\/wp\/v2\/types\/post"}],"author":[{"embeddable":true,"href":"https:\/\/vocesparalelas.com.ar\/sitio\/wp-json\/wp\/v2\/users\/3"}],"replies":[{"embeddable":true,"href":"https:\/\/vocesparalelas.com.ar\/sitio\/wp-json\/wp\/v2\/comments?post=48468"}],"version-history":[{"count":3,"href":"https:\/\/vocesparalelas.com.ar\/sitio\/wp-json\/wp\/v2\/posts\/48468\/revisions"}],"predecessor-version":[{"id":48480,"href":"https:\/\/vocesparalelas.com.ar\/sitio\/wp-json\/wp\/v2\/posts\/48468\/revisions\/48480"}],"wp:featuredmedia":[{"embeddable":true,"href":"https:\/\/vocesparalelas.com.ar\/sitio\/wp-json\/wp\/v2\/media\/48471"}],"wp:attachment":[{"href":"https:\/\/vocesparalelas.com.ar\/sitio\/wp-json\/wp\/v2\/media?parent=48468"}],"wp:term":[{"taxonomy":"category","embeddable":true,"href":"https:\/\/vocesparalelas.com.ar\/sitio\/wp-json\/wp\/v2\/categories?post=48468"},{"taxonomy":"post_tag","embeddable":true,"href":"https:\/\/vocesparalelas.com.ar\/sitio\/wp-json\/wp\/v2\/tags?post=48468"}],"curies":[{"name":"wp","href":"https:\/\/api.w.org\/{rel}","templated":true}]}}