{"id":48421,"date":"2022-05-02T18:13:52","date_gmt":"2022-05-02T21:13:52","guid":{"rendered":"https:\/\/vocesparalelas.com.ar\/sitio\/?p=48421"},"modified":"2022-05-03T01:14:13","modified_gmt":"2022-05-03T04:14:13","slug":"el-programa-de-separacion-de-residuos-llego-al-banco-san-juan","status":"publish","type":"post","link":"https:\/\/vocesparalelas.com.ar\/sitio\/el-programa-de-separacion-de-residuos-llego-al-banco-san-juan\/","title":{"rendered":"El Programa de separaci\u00f3n de residuos lleg\u00f3 al Banco San Juan"},"content":{"rendered":"<p>Misi\u00f3n Buen Ambiente sigue creciendo, y es que nuevas entidades intermedias y privadas se incorporaron al Programa de separaci\u00f3n de residuos en origen.<\/p>\n<p>A trav\u00e9s de un trabajo articulado, la Secretar\u00eda de Estado de Ambiente y Desarrollo Sustentable del Gobierno de San Juan avanza en la implementaci\u00f3n del programa en entidades estatales, edificios p\u00fablicos, grandes centros de consumo y empresas privadas de toda la provincia.<\/p>\n<p>En este contexto y a trav\u00e9s de la firma de un convenio, entre la Secretar\u00eda de Estado de Ambiente y Desarrollo Sustentable del Gobierno de San Juan y la Fundaci\u00f3n del Banco San Juan del Grupo Petersen, trabajan en forma conjunta en diferentes tem\u00e1ticas ambientales, entre las que se encuentra la separaci\u00f3n de residuos.<\/p>\n<p>Para desarrollar este trabajo, la secretar\u00eda entreg\u00f3 contenedores e islas de separaci\u00f3n de residuos que se adicionan al Banco San Juan, para instalar en todas sus sucursales para comenzar con una nueva etapa de tratamiento de los residuos que se generan.<\/p>\n<p>Adem\u00e1s, desde la Subsecretar\u00eda de Residuos S\u00f3lidos Urbanos se plante\u00f3 una serie de capacitaciones que ya comenzaron a dictarse en cada uno de los sectores y en las que se brindan conocimientos sobre qu\u00e9 es un residuo, separaci\u00f3n en origen, qu\u00e9 elementos se recuperan, econom\u00eda circular, qu\u00e9 es y c\u00f3mo funciona el Parque de Tecnolog\u00edas Ambientales y el Parque Industrial Tecnol\u00f3gico Ambiental Regional &#8211; PITAR.<\/p>\n<p><img loading=\"lazy\" decoding=\"async\" class=\"alignnone size-full wp-image-48424\" src=\"https:\/\/vocesparalelas.com.ar\/sitio\/wp-content\/uploads\/2022\/05\/FBSJ-AMBIENTE-02.jpg\" alt=\"\" width=\"800\" height=\"619\" srcset=\"https:\/\/vocesparalelas.com.ar\/sitio\/wp-content\/uploads\/2022\/05\/FBSJ-AMBIENTE-02.jpg 800w, https:\/\/vocesparalelas.com.ar\/sitio\/wp-content\/uploads\/2022\/05\/FBSJ-AMBIENTE-02-300x232.jpg 300w, https:\/\/vocesparalelas.com.ar\/sitio\/wp-content\/uploads\/2022\/05\/FBSJ-AMBIENTE-02-768x594.jpg 768w\" sizes=\"auto, (max-width: 800px) 100vw, 800px\" \/><\/p>\n<p>Misi\u00f3n Buen Ambiente tiene diferentes objetivos, entre otros, garantizar la gesti\u00f3n de los residuos s\u00f3lidos urbanos como servicio esencial, considerar el residuo como un recurso, procediendo a su valorizaci\u00f3n y aprovechamiento econ\u00f3mico dentro del territorio provincial, mediante procesos de reciclaje y transformaci\u00f3n en plantas industriales ecoeficientes ubicadas en el Parque Industrial de Tecnolog\u00edas Ambientales Regional &#8211; PITAR.<\/p>\n<p>&nbsp;<\/p>\n<p><img loading=\"lazy\" decoding=\"async\" class=\"alignnone size-large wp-image-48425\" src=\"https:\/\/vocesparalelas.com.ar\/sitio\/wp-content\/uploads\/2022\/05\/FBSJ-AMBIENTE-03-800x600.jpg\" alt=\"\" width=\"800\" height=\"600\" srcset=\"https:\/\/vocesparalelas.com.ar\/sitio\/wp-content\/uploads\/2022\/05\/FBSJ-AMBIENTE-03-800x600.jpg 800w, https:\/\/vocesparalelas.com.ar\/sitio\/wp-content\/uploads\/2022\/05\/FBSJ-AMBIENTE-03-300x225.jpg 300w, https:\/\/vocesparalelas.com.ar\/sitio\/wp-content\/uploads\/2022\/05\/FBSJ-AMBIENTE-03-768x576.jpg 768w, https:\/\/vocesparalelas.com.ar\/sitio\/wp-content\/uploads\/2022\/05\/FBSJ-AMBIENTE-03.jpg 1024w\" sizes=\"auto, (max-width: 800px) 100vw, 800px\" \/><\/p>\n","protected":false},"excerpt":{"rendered":"<p>Misi\u00f3n Buen Ambiente sigue creciendo, y es que nuevas entidades intermedias y privadas se incorporaron al Programa de separaci\u00f3n de<\/p>\n","protected":false},"author":3,"featured_media":48423,"comment_status":"closed","ping_status":"closed","sticky":false,"template":"","format":"standard","meta":{"_acf_changed":false,"_seopress_robots_primary_cat":"none","_seopress_titles_title":"","_seopress_titles_desc":"","_seopress_robots_index":"","colormag_page_container_layout":"default_layout","colormag_page_sidebar_layout":"default_layout","footnotes":""},"categories":[1],"tags":[],"class_list":["post-48421","post","type-post","status-publish","format-standard","has-post-thumbnail","hentry","category-destacadas"],"acf":[],"_links":{"self":[{"href":"https:\/\/vocesparalelas.com.ar\/sitio\/wp-json\/wp\/v2\/posts\/48421","targetHints":{"allow":["GET"]}}],"collection":[{"href":"https:\/\/vocesparalelas.com.ar\/sitio\/wp-json\/wp\/v2\/posts"}],"about":[{"href":"https:\/\/vocesparalelas.com.ar\/sitio\/wp-json\/wp\/v2\/types\/post"}],"author":[{"embeddable":true,"href":"https:\/\/vocesparalelas.com.ar\/sitio\/wp-json\/wp\/v2\/users\/3"}],"replies":[{"embeddable":true,"href":"https:\/\/vocesparalelas.com.ar\/sitio\/wp-json\/wp\/v2\/comments?post=48421"}],"version-history":[{"count":1,"href":"https:\/\/vocesparalelas.com.ar\/sitio\/wp-json\/wp\/v2\/posts\/48421\/revisions"}],"predecessor-version":[{"id":48426,"href":"https:\/\/vocesparalelas.com.ar\/sitio\/wp-json\/wp\/v2\/posts\/48421\/revisions\/48426"}],"wp:featuredmedia":[{"embeddable":true,"href":"https:\/\/vocesparalelas.com.ar\/sitio\/wp-json\/wp\/v2\/media\/48423"}],"wp:attachment":[{"href":"https:\/\/vocesparalelas.com.ar\/sitio\/wp-json\/wp\/v2\/media?parent=48421"}],"wp:term":[{"taxonomy":"category","embeddable":true,"href":"https:\/\/vocesparalelas.com.ar\/sitio\/wp-json\/wp\/v2\/categories?post=48421"},{"taxonomy":"post_tag","embeddable":true,"href":"https:\/\/vocesparalelas.com.ar\/sitio\/wp-json\/wp\/v2\/tags?post=48421"}],"curies":[{"name":"wp","href":"https:\/\/api.w.org\/{rel}","templated":true}]}}