{"id":48403,"date":"2022-05-02T21:31:40","date_gmt":"2022-05-03T00:31:40","guid":{"rendered":"https:\/\/vocesparalelas.com.ar\/sitio\/?p=48403"},"modified":"2022-05-06T01:28:26","modified_gmt":"2022-05-06T04:28:26","slug":"una-hora-mas-de-clase-en-la-educacion-de-san-juan-requiere-un-gran-desafio","status":"publish","type":"post","link":"https:\/\/vocesparalelas.com.ar\/sitio\/una-hora-mas-de-clase-en-la-educacion-de-san-juan-requiere-un-gran-desafio\/","title":{"rendered":"Una hora m\u00e1s de clase en la Educaci\u00f3n de San Juan requiere un gran desaf\u00edo"},"content":{"rendered":"<p>Un tema tan delicado y no es tan como agregar una hora m\u00e1s de clase tal como lo anunci\u00f3 el Ministro de Educaci\u00f3n de la Naci\u00f3n, Lic. Jaime Perczyk.<\/p>\n<p>Dicho anuncio provoc\u00f3 la reacci\u00f3n de la comunidad educativa porque involucra una serie de situaciones t\u00e9cnicas que cada Ministerio de Educaci\u00f3n de cada jurisdicci\u00f3n debe estudiar y definir el modo de efectivizarlo.<\/p>\n<p>La caja curriculares contienen la cantidad de horas que el docente debe dictar que contempla el requerimiento de atenci\u00f3n de los alumnos por edad y a\u00f1o que cursa.<\/p>\n<p>Por ello, se consult\u00f3 al Secretario General de UDAP, Prof. Luis Lucero, quien explic\u00f3 la situaci\u00f3n en que se vive desde que se anunci\u00f3 en Naci\u00f3n repercuti\u00f3 en la Educaci\u00f3n de San Juan que requiere un desaf\u00edo para la comunidad educativa.<\/p>\n<p><iframe loading=\"lazy\" title=\"UDAP LUIS LUCERO\" width=\"800\" height=\"450\" src=\"https:\/\/www.youtube.com\/embed\/-4H7X3vdtT4?feature=oembed\" frameborder=\"0\" allow=\"accelerometer; autoplay; clipboard-write; encrypted-media; gyroscope; picture-in-picture\" allowfullscreen><\/iframe><\/p>\n<p>&nbsp;<\/p>\n<p><img loading=\"lazy\" decoding=\"async\" class=\"alignnone size-large wp-image-7132\" src=\"https:\/\/vocesparalelas.com.ar\/sitio\/wp-content\/uploads\/2017\/11\/ENSS-11-800x534.jpg\" alt=\"\" width=\"800\" height=\"534\" srcset=\"https:\/\/vocesparalelas.com.ar\/sitio\/wp-content\/uploads\/2017\/11\/ENSS-11-800x534.jpg 800w, https:\/\/vocesparalelas.com.ar\/sitio\/wp-content\/uploads\/2017\/11\/ENSS-11-300x200.jpg 300w, https:\/\/vocesparalelas.com.ar\/sitio\/wp-content\/uploads\/2017\/11\/ENSS-11-768x512.jpg 768w, https:\/\/vocesparalelas.com.ar\/sitio\/wp-content\/uploads\/2017\/11\/ENSS-11.jpg 1000w\" sizes=\"auto, (max-width: 800px) 100vw, 800px\" \/><\/p>\n<p>&nbsp;<\/p>\n<p>&nbsp;<\/p>\n<p>&nbsp;<\/p>\n<p>&nbsp;<\/p>\n<p>&nbsp;<\/p>\n<p>&nbsp;<\/p>\n","protected":false},"excerpt":{"rendered":"<p>Un tema tan delicado y no es tan como agregar una hora m\u00e1s de clase tal como lo anunci\u00f3 el<\/p>\n","protected":false},"author":3,"featured_media":48405,"comment_status":"closed","ping_status":"closed","sticky":false,"template":"","format":"video","meta":{"_acf_changed":false,"_seopress_robots_primary_cat":"none","_seopress_titles_title":"","_seopress_titles_desc":"","_seopress_robots_index":"","colormag_page_container_layout":"default_layout","colormag_page_sidebar_layout":"default_layout","footnotes":""},"categories":[10,7],"tags":[],"class_list":["post-48403","post","type-post","status-publish","format-video","has-post-thumbnail","hentry","category-opiniones","category-videos","post_format-post-format-video"],"acf":[],"_links":{"self":[{"href":"https:\/\/vocesparalelas.com.ar\/sitio\/wp-json\/wp\/v2\/posts\/48403","targetHints":{"allow":["GET"]}}],"collection":[{"href":"https:\/\/vocesparalelas.com.ar\/sitio\/wp-json\/wp\/v2\/posts"}],"about":[{"href":"https:\/\/vocesparalelas.com.ar\/sitio\/wp-json\/wp\/v2\/types\/post"}],"author":[{"embeddable":true,"href":"https:\/\/vocesparalelas.com.ar\/sitio\/wp-json\/wp\/v2\/users\/3"}],"replies":[{"embeddable":true,"href":"https:\/\/vocesparalelas.com.ar\/sitio\/wp-json\/wp\/v2\/comments?post=48403"}],"version-history":[{"count":1,"href":"https:\/\/vocesparalelas.com.ar\/sitio\/wp-json\/wp\/v2\/posts\/48403\/revisions"}],"predecessor-version":[{"id":48406,"href":"https:\/\/vocesparalelas.com.ar\/sitio\/wp-json\/wp\/v2\/posts\/48403\/revisions\/48406"}],"wp:featuredmedia":[{"embeddable":true,"href":"https:\/\/vocesparalelas.com.ar\/sitio\/wp-json\/wp\/v2\/media\/48405"}],"wp:attachment":[{"href":"https:\/\/vocesparalelas.com.ar\/sitio\/wp-json\/wp\/v2\/media?parent=48403"}],"wp:term":[{"taxonomy":"category","embeddable":true,"href":"https:\/\/vocesparalelas.com.ar\/sitio\/wp-json\/wp\/v2\/categories?post=48403"},{"taxonomy":"post_tag","embeddable":true,"href":"https:\/\/vocesparalelas.com.ar\/sitio\/wp-json\/wp\/v2\/tags?post=48403"}],"curies":[{"name":"wp","href":"https:\/\/api.w.org\/{rel}","templated":true}]}}