{"id":48391,"date":"2022-05-02T20:56:06","date_gmt":"2022-05-02T23:56:06","guid":{"rendered":"https:\/\/vocesparalelas.com.ar\/sitio\/?p=48391"},"modified":"2022-05-02T21:13:06","modified_gmt":"2022-05-03T00:13:06","slug":"un-convenio-para-la-creacion-de-la-jst-en-san-juan","status":"publish","type":"post","link":"https:\/\/vocesparalelas.com.ar\/sitio\/un-convenio-para-la-creacion-de-la-jst-en-san-juan\/","title":{"rendered":"Un convenio para la creaci\u00f3n de la JST en San Juan"},"content":{"rendered":"<p>El Lunes, 02 de Mayo de 2022, el gobernador de San Juan, Dr. Sergio U\u00f1ac recibi\u00f3 al presidente de la Junta de Seguridad de Transporte de la Naci\u00f3n, Dr. Juli\u00e1n Andr\u00e9s Obaid.<\/p>\n<p>Acompa\u00f1ados por el ministro de Gobierno, Dr. Alberto Hensel y el secretario de Seguridad y Orden P\u00fablico, Dr. Carlos Munisaga; se llev\u00f3 a cabo una firma de Convenio Marco de Cooperaci\u00f3n y Asistencia T\u00e9cnica entre el ente Nacional y el Gobierno de San Juan.<\/p>\n<p>El presente convenio tiene por objeto promover la colaboraci\u00f3n a trav\u00e9s del trabajo coordinado de \u00abLas Partes\u00bb, con el fin de propender al impulso y fortalecimiento de la seguridad en el transporte. En el mismo se busca el trabajo mancomunado y colaboraci\u00f3n entre el ente nacional y el Gobierno de San Juan mediante la prestaci\u00f3n de su colaboraci\u00f3n t\u00e9cnica, la puesta a disposici\u00f3n de sus cuerpos profesionales en investigaciones en curso.<\/p>\n<p><img loading=\"lazy\" decoding=\"async\" class=\"alignnone size-full wp-image-48394\" src=\"https:\/\/vocesparalelas.com.ar\/sitio\/wp-content\/uploads\/2022\/05\/SEGURIDAD-TRANSPORTE-02.jpg\" alt=\"\" width=\"800\" height=\"468\" srcset=\"https:\/\/vocesparalelas.com.ar\/sitio\/wp-content\/uploads\/2022\/05\/SEGURIDAD-TRANSPORTE-02.jpg 800w, https:\/\/vocesparalelas.com.ar\/sitio\/wp-content\/uploads\/2022\/05\/SEGURIDAD-TRANSPORTE-02-300x176.jpg 300w, https:\/\/vocesparalelas.com.ar\/sitio\/wp-content\/uploads\/2022\/05\/SEGURIDAD-TRANSPORTE-02-768x449.jpg 768w\" sizes=\"auto, (max-width: 800px) 100vw, 800px\" \/><\/p>\n<p><img loading=\"lazy\" decoding=\"async\" class=\"alignnone size-full wp-image-48393\" src=\"https:\/\/vocesparalelas.com.ar\/sitio\/wp-content\/uploads\/2022\/05\/SEGURIDAD-TRANSPORTE-01.jpg\" alt=\"\" width=\"800\" height=\"534\" srcset=\"https:\/\/vocesparalelas.com.ar\/sitio\/wp-content\/uploads\/2022\/05\/SEGURIDAD-TRANSPORTE-01.jpg 800w, https:\/\/vocesparalelas.com.ar\/sitio\/wp-content\/uploads\/2022\/05\/SEGURIDAD-TRANSPORTE-01-300x200.jpg 300w, https:\/\/vocesparalelas.com.ar\/sitio\/wp-content\/uploads\/2022\/05\/SEGURIDAD-TRANSPORTE-01-768x513.jpg 768w\" sizes=\"auto, (max-width: 800px) 100vw, 800px\" \/><\/p>\n<p>&nbsp;<\/p>\n<p><iframe loading=\"lazy\" title=\"El gobernador U\u00f1ac firm\u00f3 un convenio con la Junta de Seguridad en Transporte\" width=\"800\" height=\"450\" src=\"https:\/\/www.youtube.com\/embed\/7wyWGCxwi0s?feature=oembed\" frameborder=\"0\" allow=\"accelerometer; autoplay; clipboard-write; encrypted-media; gyroscope; picture-in-picture\" allowfullscreen><\/iframe><\/p>\n<p>&nbsp;<\/p>\n<p>Tras el encuentro, presidente de la Junta de Seguridad de Transporte de la Naci\u00f3n, Dr. Juli\u00e1n Andr\u00e9s Obaid agradeci\u00f3 al gobernador y puso en valor la predisposici\u00f3n para trabajar de manera conjunta. Adem\u00e1s, explic\u00f3 que la repartici\u00f3n es un organismo de investigaci\u00f3n t\u00e9cnica a nivel nacional, multimodal e investigamos accidentes aeron\u00e1uticos, mar\u00edtimos y transporte. Adem\u00e1s, la firma de convenio es para la creaci\u00f3n de una sede de la JST en San Juan.<\/p>\n<figure id=\"attachment_48399\" aria-describedby=\"caption-attachment-48399\" style=\"width: 800px\" class=\"wp-caption alignnone\"><img loading=\"lazy\" decoding=\"async\" class=\"size-full wp-image-48399\" src=\"https:\/\/vocesparalelas.com.ar\/sitio\/wp-content\/uploads\/2022\/05\/JST-DR-JULIAN-OBAID.jpg\" alt=\"\" width=\"800\" height=\"533\" srcset=\"https:\/\/vocesparalelas.com.ar\/sitio\/wp-content\/uploads\/2022\/05\/JST-DR-JULIAN-OBAID.jpg 800w, https:\/\/vocesparalelas.com.ar\/sitio\/wp-content\/uploads\/2022\/05\/JST-DR-JULIAN-OBAID-300x200.jpg 300w, https:\/\/vocesparalelas.com.ar\/sitio\/wp-content\/uploads\/2022\/05\/JST-DR-JULIAN-OBAID-768x512.jpg 768w\" sizes=\"auto, (max-width: 800px) 100vw, 800px\" \/><figcaption id=\"caption-attachment-48399\" class=\"wp-caption-text\">Presidente de la Junta de Seguridad de Transporte de la Naci\u00f3n, Dr. Juli\u00e1n Obaid<\/figcaption><\/figure>\n<p>&nbsp;<\/p>\n<p><iframe loading=\"lazy\" title=\"JST PRESIDENTE DR. JULIAN OBAID\" width=\"800\" height=\"450\" src=\"https:\/\/www.youtube.com\/embed\/JLYXuBOJDVQ?feature=oembed\" frameborder=\"0\" allow=\"accelerometer; autoplay; clipboard-write; encrypted-media; gyroscope; picture-in-picture\" allowfullscreen><\/iframe><\/p>\n<p>&nbsp;<\/p>\n<figure id=\"attachment_48398\" aria-describedby=\"caption-attachment-48398\" style=\"width: 800px\" class=\"wp-caption alignnone\"><img loading=\"lazy\" decoding=\"async\" class=\"size-full wp-image-48398\" src=\"https:\/\/vocesparalelas.com.ar\/sitio\/wp-content\/uploads\/2022\/05\/JST-DR-JULIAN-OBAID-EQUIPO.jpg\" alt=\"\" width=\"800\" height=\"533\" srcset=\"https:\/\/vocesparalelas.com.ar\/sitio\/wp-content\/uploads\/2022\/05\/JST-DR-JULIAN-OBAID-EQUIPO.jpg 800w, https:\/\/vocesparalelas.com.ar\/sitio\/wp-content\/uploads\/2022\/05\/JST-DR-JULIAN-OBAID-EQUIPO-300x200.jpg 300w, https:\/\/vocesparalelas.com.ar\/sitio\/wp-content\/uploads\/2022\/05\/JST-DR-JULIAN-OBAID-EQUIPO-768x512.jpg 768w\" sizes=\"auto, (max-width: 800px) 100vw, 800px\" \/><figcaption id=\"caption-attachment-48398\" class=\"wp-caption-text\">Presidente de la Junta de Seguridad de Transporte de la Naci\u00f3n, Dr. Juli\u00e1n Obaid junto a su equipo de trabajo<\/figcaption><\/figure>\n<p><strong><span style=\"color: #ff9900;\">Para mayor consulta de inscripci\u00f3n de postulantes<\/span><\/strong><\/p>\n<p><a href=\"https:\/\/www.argentina.gob.ar\/jst\">https:\/\/www.argentina.gob.ar\/jst<\/a><\/p>\n<p>&nbsp;<\/p>\n<p>&nbsp;<\/p>\n","protected":false},"excerpt":{"rendered":"<p>El Lunes, 02 de Mayo de 2022, el gobernador de San Juan, Dr. Sergio U\u00f1ac recibi\u00f3 al presidente de la<\/p>\n","protected":false},"author":3,"featured_media":48395,"comment_status":"closed","ping_status":"closed","sticky":false,"template":"","format":"video","meta":{"_acf_changed":false,"_seopress_robots_primary_cat":"none","_seopress_titles_title":"","_seopress_titles_desc":"","_seopress_robots_index":"","colormag_page_container_layout":"default_layout","colormag_page_sidebar_layout":"default_layout","footnotes":""},"categories":[1,7],"tags":[],"class_list":["post-48391","post","type-post","status-publish","format-video","has-post-thumbnail","hentry","category-destacadas","category-videos","post_format-post-format-video"],"acf":[],"_links":{"self":[{"href":"https:\/\/vocesparalelas.com.ar\/sitio\/wp-json\/wp\/v2\/posts\/48391","targetHints":{"allow":["GET"]}}],"collection":[{"href":"https:\/\/vocesparalelas.com.ar\/sitio\/wp-json\/wp\/v2\/posts"}],"about":[{"href":"https:\/\/vocesparalelas.com.ar\/sitio\/wp-json\/wp\/v2\/types\/post"}],"author":[{"embeddable":true,"href":"https:\/\/vocesparalelas.com.ar\/sitio\/wp-json\/wp\/v2\/users\/3"}],"replies":[{"embeddable":true,"href":"https:\/\/vocesparalelas.com.ar\/sitio\/wp-json\/wp\/v2\/comments?post=48391"}],"version-history":[{"count":1,"href":"https:\/\/vocesparalelas.com.ar\/sitio\/wp-json\/wp\/v2\/posts\/48391\/revisions"}],"predecessor-version":[{"id":48400,"href":"https:\/\/vocesparalelas.com.ar\/sitio\/wp-json\/wp\/v2\/posts\/48391\/revisions\/48400"}],"wp:featuredmedia":[{"embeddable":true,"href":"https:\/\/vocesparalelas.com.ar\/sitio\/wp-json\/wp\/v2\/media\/48395"}],"wp:attachment":[{"href":"https:\/\/vocesparalelas.com.ar\/sitio\/wp-json\/wp\/v2\/media?parent=48391"}],"wp:term":[{"taxonomy":"category","embeddable":true,"href":"https:\/\/vocesparalelas.com.ar\/sitio\/wp-json\/wp\/v2\/categories?post=48391"},{"taxonomy":"post_tag","embeddable":true,"href":"https:\/\/vocesparalelas.com.ar\/sitio\/wp-json\/wp\/v2\/tags?post=48391"}],"curies":[{"name":"wp","href":"https:\/\/api.w.org\/{rel}","templated":true}]}}