{"id":48374,"date":"2022-05-01T19:02:43","date_gmt":"2022-05-01T22:02:43","guid":{"rendered":"https:\/\/vocesparalelas.com.ar\/sitio\/?p=48374"},"modified":"2022-05-03T01:16:25","modified_gmt":"2022-05-03T04:16:25","slug":"taller-de-teatro-para-adultos-mayores-aqui-y-ahora","status":"publish","type":"post","link":"https:\/\/vocesparalelas.com.ar\/sitio\/taller-de-teatro-para-adultos-mayores-aqui-y-ahora\/","title":{"rendered":"Taller de Teatro para Adultos Mayores \u00abAqu\u00ed y Ahora\u00bb"},"content":{"rendered":"<p>El Lunes, 9 de Mayo de 2022, comienza el Taller de Teatro para Adultos Mayores \u00abAqu\u00ed y Ahora\u00bb, en el Espacio Franklin Teatro de Arte, Entre R\u00edos 1116 &#8211; S &#8211; Capital.<\/p>\n<p><span style=\"color: #99cc00;\"><strong>Sobre el taller<\/strong><\/span><\/p>\n<p>En \u00e9ste taller se dan permiso a jugar con herramientas teatrales, a divertirse sin prejuicios, hacer nuevos amigos, indagar en un mundo creativo, descubriendo artistas, poetas, bailarines, cantantes, escritores, actores&#8230;para vivir el aqu\u00ed y ahora.<\/p>\n<p>En el taller indagan por<\/p>\n<ul>\n<li>T\u00e9cnicas y recursos teatrales<\/li>\n<li>T\u00e9cnicas vocales<\/li>\n<li>T\u00e9cnicas Corporales<\/li>\n<li>T\u00e9cnicas de escritura Teatral<\/li>\n<li>Construcci\u00f3n colectiva de una obra de teatro.<\/li>\n<\/ul>\n<p>Al proceso creativo lo vivencia y construyen entre todos. En la obra de teatro se ve fusionado absolutamente todo lo que crean juntos en cada clase. Al cierre del taller concluye con una obra de teatro donde se puede invitar a los familiares y amigos para vivir la experiencia de actuar.<\/p>\n<p>Coordina Celeste Castro, actr\u00edz, docente teatral y gestora cultural. Estudi\u00f3 con \u00d3scar Kummel, Ernesto Su\u00e1rez, Guillermo Troncoso, Alejandro Catal\u00e1n, Manuel Garcia Migani, Dana Botti, Leticia Coronel, Federico Pereyra, Alejandro Tantani\u00e1n,\u00a0 entre otros maestros de actuaci\u00f3n y dramaturgia. Ha realizado y dirigido\u00a0 proyectos de teatro comunitario, festivales, intervenciones art\u00edsticas, proyectos culturales, entre otros.<\/p>\n<p>Como docente, ha trabajado en escuelas de la provincia de San juan y Mendoza, nivel primario, secundario y terciario, como tambi\u00e9n en colonias art\u00edsticas de verano y proyectos de inclusi\u00f3n cultural en barrios de la provincia.<\/p>\n<p>Y desde el 2021 empez\u00f3 a trabajar con\u00a0 clases para adultos mayores.\u00a0 Actualmente, dirige el elenco de Adultos mayores VINTAGE THEATR\u00c9 con su obra \u00abEl legado de la Pelu\u00bb.<\/p>\n<p><strong><span style=\"color: #99cc00;\">Taller<\/span><\/strong><\/p>\n<ul>\n<li>D\u00eda: Lunes<\/li>\n<li>Horario: de 17 a 18.30 hs.<\/li>\n<li>Lugar: Espacio Franklin Teatro de Arte, Entre R\u00edos 1116 &#8211; S &#8211; Capital<\/li>\n<li>Inicia:\u00a0 Lunes, 9 de Mayo de 2022<\/li>\n<\/ul>\n<p><strong><span style=\"color: #99cc00;\">Costo<\/span><\/strong><\/p>\n<p>Arancel mensual: $ 2500<\/p>\n<p><span style=\"color: #99cc00;\"><strong>Inscripciones<\/strong><\/span><\/p>\n<p>Al celular de contacto 2644045639<\/p>\n<p>Cupos limitados<\/p>\n<p>&nbsp;<\/p>\n<p>&nbsp;<\/p>\n<p>_\u00ab`<\/p>\n","protected":false},"excerpt":{"rendered":"<p>El Lunes, 9 de Mayo de 2022, comienza el Taller de Teatro para Adultos Mayores \u00abAqu\u00ed y Ahora\u00bb, en el<\/p>\n","protected":false},"author":3,"featured_media":19496,"comment_status":"closed","ping_status":"closed","sticky":false,"template":"","format":"standard","meta":{"_acf_changed":false,"_seopress_robots_primary_cat":"none","_seopress_titles_title":"","_seopress_titles_desc":"","_seopress_robots_index":"","colormag_page_container_layout":"default_layout","colormag_page_sidebar_layout":"default_layout","footnotes":""},"categories":[9],"tags":[],"class_list":["post-48374","post","type-post","status-publish","format-standard","has-post-thumbnail","hentry","category-cursos"],"acf":[],"_links":{"self":[{"href":"https:\/\/vocesparalelas.com.ar\/sitio\/wp-json\/wp\/v2\/posts\/48374","targetHints":{"allow":["GET"]}}],"collection":[{"href":"https:\/\/vocesparalelas.com.ar\/sitio\/wp-json\/wp\/v2\/posts"}],"about":[{"href":"https:\/\/vocesparalelas.com.ar\/sitio\/wp-json\/wp\/v2\/types\/post"}],"author":[{"embeddable":true,"href":"https:\/\/vocesparalelas.com.ar\/sitio\/wp-json\/wp\/v2\/users\/3"}],"replies":[{"embeddable":true,"href":"https:\/\/vocesparalelas.com.ar\/sitio\/wp-json\/wp\/v2\/comments?post=48374"}],"version-history":[{"count":1,"href":"https:\/\/vocesparalelas.com.ar\/sitio\/wp-json\/wp\/v2\/posts\/48374\/revisions"}],"predecessor-version":[{"id":48376,"href":"https:\/\/vocesparalelas.com.ar\/sitio\/wp-json\/wp\/v2\/posts\/48374\/revisions\/48376"}],"wp:featuredmedia":[{"embeddable":true,"href":"https:\/\/vocesparalelas.com.ar\/sitio\/wp-json\/wp\/v2\/media\/19496"}],"wp:attachment":[{"href":"https:\/\/vocesparalelas.com.ar\/sitio\/wp-json\/wp\/v2\/media?parent=48374"}],"wp:term":[{"taxonomy":"category","embeddable":true,"href":"https:\/\/vocesparalelas.com.ar\/sitio\/wp-json\/wp\/v2\/categories?post=48374"},{"taxonomy":"post_tag","embeddable":true,"href":"https:\/\/vocesparalelas.com.ar\/sitio\/wp-json\/wp\/v2\/tags?post=48374"}],"curies":[{"name":"wp","href":"https:\/\/api.w.org\/{rel}","templated":true}]}}