{"id":48310,"date":"2022-04-29T22:23:03","date_gmt":"2022-04-30T01:23:03","guid":{"rendered":"https:\/\/vocesparalelas.com.ar\/sitio\/?p=48310"},"modified":"2022-04-29T22:23:03","modified_gmt":"2022-04-30T01:23:03","slug":"un-festejo-del-dia-del-animal-en-el-faunistico-de-rivadavia","status":"publish","type":"post","link":"https:\/\/vocesparalelas.com.ar\/sitio\/un-festejo-del-dia-del-animal-en-el-faunistico-de-rivadavia\/","title":{"rendered":"Un festejo del D\u00eda del Animal en el Faun\u00edstico de Rivadavia"},"content":{"rendered":"<p>El Centro para la Conservaci\u00f3n de la Fauna Silvestre \u00abFaun\u00edstico\u00bb del Departamento Rivadavia, se visti\u00f3 de gran cantidad de ni\u00f1os que conocieron en su recorrido la Fauna de San Juan con actividades divertidas para que aprendas m\u00e1s y m\u00e1s para homenajear el 29 de Abril el D\u00eda del animal.<\/p>\n<p>En distintos espacios se ubicaron con stands Educativos, Maquillaje Art\u00edstico, Funci\u00f3n de T\u00edteres y Juegos de Kermes, donde los ni\u00f1os disfrutaron cada momento.<\/p>\n<p>Es importante recordar que Centro para la Conservaci\u00f3n de la Fauna Silvestre \u00abFaun\u00edstico\u00bb es un espacio dedicado a la rehabilitaci\u00f3n de especies, investigaci\u00f3n y educaci\u00f3n ambiental.<\/p>\n<p>El intendente de la Municipalidad de Rivadavia, Dr. Fabi\u00e1n Mart\u00edn destac\u00f3 la importancia del Centro para la Conservaci\u00f3n de la Fauna Silvestre \u00abFaun\u00edstico\u00bb para San Juan y para los animales que forman parte de la Fauna de la provincia.<\/p>\n<p>&nbsp;<\/p>\n<p><iframe loading=\"lazy\" title=\"DR FABI\u00c1N MART\u00cdN\" width=\"800\" height=\"450\" src=\"https:\/\/www.youtube.com\/embed\/nUqPzzl4uyI?feature=oembed\" frameborder=\"0\" allow=\"accelerometer; autoplay; clipboard-write; encrypted-media; gyroscope; picture-in-picture\" allowfullscreen><\/iframe><\/p>\n<p>&nbsp;<\/p>\n<p>Lleg\u00f3 el momento de los T\u00edteres y los chicos corrieron a disfrutar de la obra cuya gu\u00eda los hizo re\u00edr y divertirse.<\/p>\n<p>&nbsp;<\/p>\n<p><iframe loading=\"lazy\" title=\"RIVADAVIA FAUN\u00cdSTICO\" width=\"800\" height=\"450\" src=\"https:\/\/www.youtube.com\/embed\/Du2giPDkwTE?feature=oembed\" frameborder=\"0\" allow=\"accelerometer; autoplay; clipboard-write; encrypted-media; gyroscope; picture-in-picture\" allowfullscreen><\/iframe><\/p>\n<p>&nbsp;<\/p>\n<p><img loading=\"lazy\" decoding=\"async\" class=\"alignnone size-full wp-image-48313\" src=\"https:\/\/vocesparalelas.com.ar\/sitio\/wp-content\/uploads\/2022\/04\/FAUNISTICO-ANIMAL-02.jpg\" alt=\"\" width=\"800\" height=\"533\" srcset=\"https:\/\/vocesparalelas.com.ar\/sitio\/wp-content\/uploads\/2022\/04\/FAUNISTICO-ANIMAL-02.jpg 800w, https:\/\/vocesparalelas.com.ar\/sitio\/wp-content\/uploads\/2022\/04\/FAUNISTICO-ANIMAL-02-300x200.jpg 300w, https:\/\/vocesparalelas.com.ar\/sitio\/wp-content\/uploads\/2022\/04\/FAUNISTICO-ANIMAL-02-768x512.jpg 768w\" sizes=\"auto, (max-width: 800px) 100vw, 800px\" \/><\/p>\n<p>&nbsp;<\/p>\n<p><iframe loading=\"lazy\" title=\"RIVADAVIA FAUN\u00cdSTICO\" width=\"800\" height=\"450\" src=\"https:\/\/www.youtube.com\/embed\/EMDBVWECnXw?feature=oembed\" frameborder=\"0\" allow=\"accelerometer; autoplay; clipboard-write; encrypted-media; gyroscope; picture-in-picture\" allowfullscreen><\/iframe><\/p>\n<p>La obra de t\u00edteres con personajes de un ni\u00f1o, un tuc\u00e1n y un cocodrilo fueron el centro de atracci\u00f3n de los ni\u00f1os que no dejaron de participar con sus gritos, alegr\u00eda y risas para que tomen conciencia del cuidado de la fauna silvestre.<\/p>\n<p><img loading=\"lazy\" decoding=\"async\" class=\"alignnone size-full wp-image-48314\" src=\"https:\/\/vocesparalelas.com.ar\/sitio\/wp-content\/uploads\/2022\/04\/FAUNISTICO-ANIMAL-03.jpg\" alt=\"\" width=\"800\" height=\"533\" srcset=\"https:\/\/vocesparalelas.com.ar\/sitio\/wp-content\/uploads\/2022\/04\/FAUNISTICO-ANIMAL-03.jpg 800w, https:\/\/vocesparalelas.com.ar\/sitio\/wp-content\/uploads\/2022\/04\/FAUNISTICO-ANIMAL-03-300x200.jpg 300w, https:\/\/vocesparalelas.com.ar\/sitio\/wp-content\/uploads\/2022\/04\/FAUNISTICO-ANIMAL-03-768x512.jpg 768w\" sizes=\"auto, (max-width: 800px) 100vw, 800px\" \/><\/p>\n<p>Adem\u00e1s, de inaugur\u00f3 obras que permite mejorar el espacio y ampliarlo porque hay gente captura la fauna para tenerla en su casa como mascota. Es necesario que se tome conciencia de la importancia de no hacer estas pr\u00e1cticas.<\/p>\n<p><iframe loading=\"lazy\" title=\"RIVADAVIA FAUNISTICO 1\" width=\"800\" height=\"450\" src=\"https:\/\/www.youtube.com\/embed\/amhU_iaQOzA?start=10&#038;feature=oembed\" frameborder=\"0\" allow=\"accelerometer; autoplay; clipboard-write; encrypted-media; gyroscope; picture-in-picture\" allowfullscreen><\/iframe><\/p>\n<p><img loading=\"lazy\" decoding=\"async\" class=\"alignnone size-large wp-image-25889\" src=\"https:\/\/vocesparalelas.com.ar\/sitio\/wp-content\/uploads\/2019\/12\/RIVADAVIA-FAUNISTICO-800x600.jpg\" alt=\"\" width=\"800\" height=\"600\" srcset=\"https:\/\/vocesparalelas.com.ar\/sitio\/wp-content\/uploads\/2019\/12\/RIVADAVIA-FAUNISTICO.jpg 800w, https:\/\/vocesparalelas.com.ar\/sitio\/wp-content\/uploads\/2019\/12\/RIVADAVIA-FAUNISTICO-300x225.jpg 300w, https:\/\/vocesparalelas.com.ar\/sitio\/wp-content\/uploads\/2019\/12\/RIVADAVIA-FAUNISTICO-768x576.jpg 768w\" sizes=\"auto, (max-width: 800px) 100vw, 800px\" \/><\/p>\n","protected":false},"excerpt":{"rendered":"<p>El Centro para la Conservaci\u00f3n de la Fauna Silvestre \u00abFaun\u00edstico\u00bb del Departamento Rivadavia, se visti\u00f3 de gran cantidad de ni\u00f1os<\/p>\n","protected":false},"author":3,"featured_media":48312,"comment_status":"closed","ping_status":"closed","sticky":false,"template":"","format":"video","meta":{"_acf_changed":false,"_seopress_robots_primary_cat":"none","_seopress_titles_title":"","_seopress_titles_desc":"","_seopress_robots_index":"","colormag_page_container_layout":"default_layout","colormag_page_sidebar_layout":"default_layout","footnotes":""},"categories":[1,7],"tags":[],"class_list":["post-48310","post","type-post","status-publish","format-video","has-post-thumbnail","hentry","category-destacadas","category-videos","post_format-post-format-video"],"acf":[],"_links":{"self":[{"href":"https:\/\/vocesparalelas.com.ar\/sitio\/wp-json\/wp\/v2\/posts\/48310","targetHints":{"allow":["GET"]}}],"collection":[{"href":"https:\/\/vocesparalelas.com.ar\/sitio\/wp-json\/wp\/v2\/posts"}],"about":[{"href":"https:\/\/vocesparalelas.com.ar\/sitio\/wp-json\/wp\/v2\/types\/post"}],"author":[{"embeddable":true,"href":"https:\/\/vocesparalelas.com.ar\/sitio\/wp-json\/wp\/v2\/users\/3"}],"replies":[{"embeddable":true,"href":"https:\/\/vocesparalelas.com.ar\/sitio\/wp-json\/wp\/v2\/comments?post=48310"}],"version-history":[{"count":1,"href":"https:\/\/vocesparalelas.com.ar\/sitio\/wp-json\/wp\/v2\/posts\/48310\/revisions"}],"predecessor-version":[{"id":48315,"href":"https:\/\/vocesparalelas.com.ar\/sitio\/wp-json\/wp\/v2\/posts\/48310\/revisions\/48315"}],"wp:featuredmedia":[{"embeddable":true,"href":"https:\/\/vocesparalelas.com.ar\/sitio\/wp-json\/wp\/v2\/media\/48312"}],"wp:attachment":[{"href":"https:\/\/vocesparalelas.com.ar\/sitio\/wp-json\/wp\/v2\/media?parent=48310"}],"wp:term":[{"taxonomy":"category","embeddable":true,"href":"https:\/\/vocesparalelas.com.ar\/sitio\/wp-json\/wp\/v2\/categories?post=48310"},{"taxonomy":"post_tag","embeddable":true,"href":"https:\/\/vocesparalelas.com.ar\/sitio\/wp-json\/wp\/v2\/tags?post=48310"}],"curies":[{"name":"wp","href":"https:\/\/api.w.org\/{rel}","templated":true}]}}