{"id":48306,"date":"2022-04-29T20:20:13","date_gmt":"2022-04-29T23:20:13","guid":{"rendered":"https:\/\/vocesparalelas.com.ar\/sitio\/?p=48306"},"modified":"2022-04-29T20:20:13","modified_gmt":"2022-04-29T23:20:13","slug":"continua-las-obras-de-infraestructura-escolar-para-los-departamentos-de-san-juan","status":"publish","type":"post","link":"https:\/\/vocesparalelas.com.ar\/sitio\/continua-las-obras-de-infraestructura-escolar-para-los-departamentos-de-san-juan\/","title":{"rendered":"Contin\u00faa las obras de infraestructura escolar para los Departamentos de San Juan"},"content":{"rendered":"<p>La Direcci\u00f3n de Infraestructura Escolar del Ministerio Obras y Servicios P\u00fablicos del Gobierno de San Juan contin\u00faa con la construcci\u00f3n de m\u00e1s edificios educativos en los diversos puntos de la Provincia.<\/p>\n<p>En este sentido, la repartici\u00f3n llevar\u00e1 a cabo cuatro importantes licitaciones p\u00fablicas destinadas a obras en cuatro departamentos.<\/p>\n<ul>\n<li>\u201cCreaci\u00f3n de la Escuela Educaci\u00f3n M\u00faltiple de Angaco\u201d, Departamento Angaco,<\/li>\n<li>\u201cConstrucci\u00f3n, refacci\u00f3n y refuncionalizaci\u00f3n de la Escuela Antolin Zapata\u201d, Departamento Santa Luc\u00eda,<\/li>\n<li>\u201cConstrucci\u00f3n de la Escuela Blas Parera\u201d, Departamento Rivadavia y<\/li>\n<li>\u201cRefacci\u00f3n y refuncionalizaci\u00f3n de la Escuela Juan Mar\u00eda Guti\u00e9rrez\u201d, Departamento J\u00e1chal.<\/li>\n<\/ul>\n<p><span style=\"color: #99cc00;\"><b>Sobre las obras<\/b><\/span><\/p>\n<p><span style=\"color: #99cc00;\"><b>Creaci\u00f3n Escuela Educaci\u00f3n M\u00faltiple de Angaco- Angaco<\/b><\/span><\/p>\n<p>Esta nueva escuela estar\u00e1 ubicada en Calle San Juan entre calle Divisoria y calle Segovia s\/n, en la localidad Villa El Salvador. El plazo de ejecuci\u00f3n de la obra ser\u00e1 de 360 d\u00edas.<\/p>\n<p>La obra de creaci\u00f3n consiste en el traslado de la instituci\u00f3n a un terreno cercano con dimensiones acordes a los espacios requeridos. La nueva obra consta de: un \u00c1rea de Gobierno (direcci\u00f3n, vicedirecci\u00f3n, secretar\u00eda-administraci\u00f3n, sala de gabinete psicopedag\u00f3gico, sala de docentes con office); un \u00c1rea de Servicios (S.U.M-comedor con cocina, economato, y dep\u00f3sito, sanitarios para alumnos, docentes, personas con discapacidad, personal no docente, maestranza y dep\u00f3sitos); un Sector Pedag\u00f3gico (cinco aulas comunes, dos salas de habilidades b\u00e1sicas, centro de recursos y sala de inform\u00e1tica, sala de equipo de inclusi\u00f3n, sala de psicomotricidad, sala de pre taller, taller de carpinter\u00eda, sala de Nivel Inicial y sala de atenci\u00f3n temprana); un Patio T\u00e9cnico y un Patio C\u00edvico con un patio de juego y sector de huerta. Adem\u00e1s, en la zona sur del terreno se ubica el play\u00f3n polideportivo.<\/p>\n<p><span style=\"color: #99cc00;\"><b>Construcci\u00f3n, refacci\u00f3n y refuncionalizaci\u00f3n de la Escuela Antolin Zapata, Departamento Santa Luc\u00eda<\/b><\/span><\/p>\n<p>Ubicada en calle Cordillera de los Andes y calle Angualasto 3352, el plazo de ejecuci\u00f3n de esta obra ser\u00e1 de 360 d\u00edas.\u00a0Los sectores a construir son: seis aulas, un sanitario para personas con discapacidad, un dep\u00f3sito, una torre de tanque, galer\u00eda y veredines perimetrales. La superficie cubierta a construir tendr\u00e1 un total de 197 m2.Adem\u00e1s, se refaccionar\u00e1n a nuevo el sector de cocina, sanitarios docentes y sanitarios alumnos. En la vivienda del portero se realizar\u00e1 la refacci\u00f3n y refuncionalizaci\u00f3n para una nueva \u00e1rea de gobierno.<\/p>\n<p><span style=\"color: #99cc00;\"><b>Construcci\u00f3n De La Escuela Blas Parera, Departamento Rivadavia<\/b><\/span><\/p>\n<p>El edificio est\u00e1 proyectado en un terreno bald\u00edo ubicado en Calle El Ceibo S\/N, en el barrio Los Zorzales y contar\u00e1 con una superficie total de 1243,14 m2.<\/p>\n<p>Previo a la construcci\u00f3n, en primer lugar se realizar\u00e1 la limpieza del terreno, procurando nivelar y recuperar terreno natural. El establecimiento contar\u00e1 con los siguientes sectores:<\/p>\n<ul>\n<li>\u00c1rea Comunitaria: S.U.M con dependencias sanitarias y de guardado y Centro de Recursos.<\/li>\n<li>\u00c1rea de Gobierno: sala de espera, secretar\u00eda, vicedirecci\u00f3n, direcci\u00f3n, sala de docentes con office incluido y preceptor\u00eda.<\/li>\n<li>\u00c1rea Pedag\u00f3gica: seis aulas, sala de audio y video, sala de inform\u00e1tica y sala multiprop\u00f3sito.<\/li>\n<li>\u00c1rea de Servicio: un n\u00facleo sanitario para el sector pedag\u00f3gico, un n\u00facleo sanitario para el sector comunitario con un sanitario para personas con discapacidad, un sanitario para docentes, un sanitario para el personal no docente, maestranza, cocina, economato para abastecer al SUM, patio t\u00e9cnico con sala de m\u00e1quinas, torre de tanques cuatro dep\u00f3sitos.<\/li>\n<li>\u00c1rea Esparcimiento y Deporte: un patio institucional y un play\u00f3n polideportivo<\/li>\n<\/ul>\n<p>La Escuela tambi\u00e9n contar\u00e1 con bicicleteros y con los servicios de agua potable, energ\u00eda el\u00e9ctrica y gas natural.<\/p>\n<p>&nbsp;<\/p>\n<p><span style=\"color: #99cc00;\"><b>Refacci\u00f3n y refuncionalizaci\u00f3n de la escuela Juan Mar\u00eda Guti\u00e9rrez, Departamento J\u00e1chal<\/b><\/span><\/p>\n<p>La obra busca trabajar la totalidad de la problem\u00e1tica edilicia de la instituci\u00f3n, a fin de optimizar recursos y llegar con una intervenci\u00f3n capaz de resolver de la mejor manera posible las demandas de infraestructura f\u00edsica. En el proyecto se pretende resolver el problema en la cubierta de techo de todo el edificio escolar, en busca de la mejor calidad educativa, funcionalidad, orientaci\u00f3n y calidad espacial, y especialmente en funci\u00f3n de mejorar la accesibilidad a cada sector.<\/p>\n<p>Las tareas buscan refaccionar toda la escuela y refuncionalizar algunos espacios a fin de ayudar a la conexi\u00f3n de funciones primordiales. La construcci\u00f3n ser\u00e1 del tipo tradicional, estructural sismorresistente de H\u00b0A\u00b0, muros de mampuestos cer\u00e1micos macizos y techos met\u00e1licos. La superficie total de la cubierta a construir es de 643,13 m2 cubiertos y el patio c\u00edvico e institucional de 198 m2.<\/p>\n<p>Estas nuevas obras, a licitarse pr\u00f3ximamente, persiguen el objetivo de garantizar la calidad educativa a trav\u00e9s de m\u00e1s y mejor infraestructura edilicia en San Juan.<\/p>\n<p>&nbsp;<\/p>\n<p>&nbsp;<\/p>\n<p>&nbsp;<\/p>\n","protected":false},"excerpt":{"rendered":"<p>La Direcci\u00f3n de Infraestructura Escolar del Ministerio Obras y Servicios P\u00fablicos del Gobierno de San Juan contin\u00faa con la construcci\u00f3n<\/p>\n","protected":false},"author":3,"featured_media":48308,"comment_status":"closed","ping_status":"closed","sticky":false,"template":"","format":"standard","meta":{"_acf_changed":false,"_seopress_robots_primary_cat":"none","_seopress_titles_title":"","_seopress_titles_desc":"","_seopress_robots_index":"","colormag_page_container_layout":"default_layout","colormag_page_sidebar_layout":"default_layout","footnotes":""},"categories":[1],"tags":[],"class_list":["post-48306","post","type-post","status-publish","format-standard","has-post-thumbnail","hentry","category-destacadas"],"acf":[],"_links":{"self":[{"href":"https:\/\/vocesparalelas.com.ar\/sitio\/wp-json\/wp\/v2\/posts\/48306","targetHints":{"allow":["GET"]}}],"collection":[{"href":"https:\/\/vocesparalelas.com.ar\/sitio\/wp-json\/wp\/v2\/posts"}],"about":[{"href":"https:\/\/vocesparalelas.com.ar\/sitio\/wp-json\/wp\/v2\/types\/post"}],"author":[{"embeddable":true,"href":"https:\/\/vocesparalelas.com.ar\/sitio\/wp-json\/wp\/v2\/users\/3"}],"replies":[{"embeddable":true,"href":"https:\/\/vocesparalelas.com.ar\/sitio\/wp-json\/wp\/v2\/comments?post=48306"}],"version-history":[{"count":1,"href":"https:\/\/vocesparalelas.com.ar\/sitio\/wp-json\/wp\/v2\/posts\/48306\/revisions"}],"predecessor-version":[{"id":48309,"href":"https:\/\/vocesparalelas.com.ar\/sitio\/wp-json\/wp\/v2\/posts\/48306\/revisions\/48309"}],"wp:featuredmedia":[{"embeddable":true,"href":"https:\/\/vocesparalelas.com.ar\/sitio\/wp-json\/wp\/v2\/media\/48308"}],"wp:attachment":[{"href":"https:\/\/vocesparalelas.com.ar\/sitio\/wp-json\/wp\/v2\/media?parent=48306"}],"wp:term":[{"taxonomy":"category","embeddable":true,"href":"https:\/\/vocesparalelas.com.ar\/sitio\/wp-json\/wp\/v2\/categories?post=48306"},{"taxonomy":"post_tag","embeddable":true,"href":"https:\/\/vocesparalelas.com.ar\/sitio\/wp-json\/wp\/v2\/tags?post=48306"}],"curies":[{"name":"wp","href":"https:\/\/api.w.org\/{rel}","templated":true}]}}