{"id":48234,"date":"2022-04-27T23:23:47","date_gmt":"2022-04-28T02:23:47","guid":{"rendered":"https:\/\/vocesparalelas.com.ar\/sitio\/?p=48234"},"modified":"2022-05-01T00:35:17","modified_gmt":"2022-05-01T03:35:17","slug":"la-educacion-tecnica-es-un-gran-desafio-en-el-siglo-xxi","status":"publish","type":"post","link":"https:\/\/vocesparalelas.com.ar\/sitio\/la-educacion-tecnica-es-un-gran-desafio-en-el-siglo-xxi\/","title":{"rendered":"La Educaci\u00f3n T\u00e9cnica es un gran desaf\u00edo en el Siglo XXI"},"content":{"rendered":"<p>En el Sal\u00f3n Cruce de los Andes del Centro C\u00edvico de San Juan, se desarroll\u00f3 el Primer Encuentro Regional Cuyo INET con la participaci\u00f3n de las m\u00e1ximas autoridades de Educaci\u00f3n y con los equipos t\u00e9cnicos de las Provincias de San Luis, Mendoza y San Juan para tratar en distintas\u00a0Mesas de trabajo simult\u00e1neas:<\/p>\n<ul>\n<li><strong>Mesa N\u00b0 1<\/strong>: Agro (INTA, MGAyP, SENASA, Producci\u00f3n Provincial, etc.). Estado de situaci\u00f3n. Experiencias de vinculaci\u00f3n con el Sector Socio productivo y con organismos oficiales. Perspectivas a llevar a la Mesa Federal de Agro. Propuesta de plan estrat\u00e9gico regional<\/li>\n<li><strong>Mesa N\u00b0 2:<\/strong>\u00a0J\u00f3venes en la ETP: referentes jurisdiccionales de la Regi\u00f3n. Situaci\u00f3n, necesidades y plan estrat\u00e9gico regional.<\/li>\n<li><strong>Mesa N\u00b03: ATM<\/strong>\u00a0encuentro con referentes jurisdiccionales de la Regi\u00f3n. Situaci\u00f3n. Perspectiva regional, necesidades y requerimientos<\/li>\n<li><strong>Mesa N\u00b04:<\/strong>\u00a0EPS: encuentro con los referentes jurisdiccionales de la Regi\u00f3n. Situaci\u00f3n, necesidades y requerimientos.<\/li>\n<li><strong>Mesa N\u00b0 5:<\/strong>\u00a0Planeamiento estrat\u00e9gico<\/li>\n<li><strong>Mesa N\u00b0 6:<\/strong> FP encuentro con los referentes jurisdiccionales de la Regi\u00f3n. Situaci\u00f3n, necesidades y requerimientos. CoNETyP &#8211; CoPETyP: situaci\u00f3n, realidades y necesidades. Contribuci\u00f3n desde la ETP en la Econom\u00eda Social. Plan estrat\u00e9gico regional.<\/li>\n<li><strong>Mesa N\u00b0 7:<\/strong>\u00a0Educaci\u00f3n Superior T\u00e9cnico &#8211; Formaci\u00f3n Continua. Mapa regional de instituciones que puedan asumir la formaci\u00f3n t\u00e9cnica espec\u00edfica del profesorado o instructorado de ETP.<\/li>\n<li><strong>Mesa N\u00b0 8:<\/strong>\u00a0G\u00e9nero, integraci\u00f3n y discapacidad en la ETP: actualidad y necesidades<\/li>\n<\/ul>\n<p>Es importante destacar que con la presencia del Director Ejecutivo del Instituto Nacional de Educaci\u00f3n Tecnol\u00f3gica &#8211; INET -,\u00a0 Lic. Gerardo Marchesini y la Ministro de Educaci\u00f3n del Gobierno de San Juan, Prof. Cecilia Trincado expusieron y agradecieron a los presentes por la responsabilidad y la tarea encomendada en una jornada de trabajo profundo.<\/p>\n<p><img loading=\"lazy\" decoding=\"async\" class=\"alignnone size-full wp-image-48237\" src=\"https:\/\/vocesparalelas.com.ar\/sitio\/wp-content\/uploads\/2022\/04\/INET-REUNION-02.jpg\" alt=\"\" width=\"800\" height=\"533\" srcset=\"https:\/\/vocesparalelas.com.ar\/sitio\/wp-content\/uploads\/2022\/04\/INET-REUNION-02.jpg 800w, https:\/\/vocesparalelas.com.ar\/sitio\/wp-content\/uploads\/2022\/04\/INET-REUNION-02-300x200.jpg 300w, https:\/\/vocesparalelas.com.ar\/sitio\/wp-content\/uploads\/2022\/04\/INET-REUNION-02-768x512.jpg 768w\" sizes=\"auto, (max-width: 800px) 100vw, 800px\" \/><\/p>\n<p>El Director Ejecutivo del INET ,\u00a0 Lic. Gerardo Marchesini describi\u00f3 la mirada de la Educaci\u00f3n T\u00e9cnica en Argentina y la preocupaci\u00f3n de organizar estos encuentros regionales para fortalecer hacia la formaci\u00f3n de mano de obra laboral.<\/p>\n<p><iframe loading=\"lazy\" title=\"INET SAN JUAN\" width=\"800\" height=\"450\" src=\"https:\/\/www.youtube.com\/embed\/tqgCdMHz-3w?feature=oembed\" frameborder=\"0\" allow=\"accelerometer; autoplay; clipboard-write; encrypted-media; gyroscope; picture-in-picture\" allowfullscreen><\/iframe><\/p>\n<p>Posteriormente, la Ministro de Educaci\u00f3n del Gobierno de San Juan, Prof. Cecilia Trincado agradeci\u00f3 la presencia del Lic. Gerardo Marchesini y el trabajo que se realiz\u00f3 en el Ministerio el Martes, 26 y que contin\u00faa el Mi\u00e9rcoles, 27 de Abril para fortalecer la Educaci\u00f3n T\u00e9cnica adaptando a la realidad ho.<\/p>\n<p><iframe loading=\"lazy\" title=\"INET SAN JUAN\" width=\"800\" height=\"450\" src=\"https:\/\/www.youtube.com\/embed\/h4LUKdg6lMo?feature=oembed\" frameborder=\"0\" allow=\"accelerometer; autoplay; clipboard-write; encrypted-media; gyroscope; picture-in-picture\" allowfullscreen><\/iframe><\/p>\n<p><img loading=\"lazy\" decoding=\"async\" class=\"alignnone size-full wp-image-48240\" src=\"https:\/\/vocesparalelas.com.ar\/sitio\/wp-content\/uploads\/2022\/04\/INET-REUNION-05.jpg\" alt=\"\" width=\"800\" height=\"533\" srcset=\"https:\/\/vocesparalelas.com.ar\/sitio\/wp-content\/uploads\/2022\/04\/INET-REUNION-05.jpg 800w, https:\/\/vocesparalelas.com.ar\/sitio\/wp-content\/uploads\/2022\/04\/INET-REUNION-05-300x200.jpg 300w, https:\/\/vocesparalelas.com.ar\/sitio\/wp-content\/uploads\/2022\/04\/INET-REUNION-05-768x512.jpg 768w\" sizes=\"auto, (max-width: 800px) 100vw, 800px\" \/><\/p>\n<p><img loading=\"lazy\" decoding=\"async\" class=\"alignnone size-full wp-image-48239\" src=\"https:\/\/vocesparalelas.com.ar\/sitio\/wp-content\/uploads\/2022\/04\/INET-REUNION-04.jpg\" alt=\"\" width=\"800\" height=\"533\" srcset=\"https:\/\/vocesparalelas.com.ar\/sitio\/wp-content\/uploads\/2022\/04\/INET-REUNION-04.jpg 800w, https:\/\/vocesparalelas.com.ar\/sitio\/wp-content\/uploads\/2022\/04\/INET-REUNION-04-300x200.jpg 300w, https:\/\/vocesparalelas.com.ar\/sitio\/wp-content\/uploads\/2022\/04\/INET-REUNION-04-768x512.jpg 768w\" sizes=\"auto, (max-width: 800px) 100vw, 800px\" \/><\/p>\n<p><img loading=\"lazy\" decoding=\"async\" class=\"alignnone size-full wp-image-48238\" src=\"https:\/\/vocesparalelas.com.ar\/sitio\/wp-content\/uploads\/2022\/04\/INET-REUNION-03.jpg\" alt=\"\" width=\"800\" height=\"533\" srcset=\"https:\/\/vocesparalelas.com.ar\/sitio\/wp-content\/uploads\/2022\/04\/INET-REUNION-03.jpg 800w, https:\/\/vocesparalelas.com.ar\/sitio\/wp-content\/uploads\/2022\/04\/INET-REUNION-03-300x200.jpg 300w, https:\/\/vocesparalelas.com.ar\/sitio\/wp-content\/uploads\/2022\/04\/INET-REUNION-03-768x512.jpg 768w\" sizes=\"auto, (max-width: 800px) 100vw, 800px\" \/><\/p>\n<p>&nbsp;<\/p>\n<p>Finalizado la presentaci\u00f3n de la iniciativa, los asistentes formaron las mesas de trabajo durante la ma\u00f1ana y continu\u00f3 durante la tarde.<\/p>\n<p><img loading=\"lazy\" decoding=\"async\" class=\"alignnone size-full wp-image-48241\" src=\"https:\/\/vocesparalelas.com.ar\/sitio\/wp-content\/uploads\/2022\/04\/INET-REUNION-06.jpg\" alt=\"\" width=\"800\" height=\"533\" srcset=\"https:\/\/vocesparalelas.com.ar\/sitio\/wp-content\/uploads\/2022\/04\/INET-REUNION-06.jpg 800w, https:\/\/vocesparalelas.com.ar\/sitio\/wp-content\/uploads\/2022\/04\/INET-REUNION-06-300x200.jpg 300w, https:\/\/vocesparalelas.com.ar\/sitio\/wp-content\/uploads\/2022\/04\/INET-REUNION-06-768x512.jpg 768w\" sizes=\"auto, (max-width: 800px) 100vw, 800px\" \/><\/p>\n<p>Se defini\u00f3 que el pr\u00f3ximo encuentro de Educaci\u00f3n T\u00e9cnica se desarrolla en la Provincia de Mendoza<\/p>\n<p>&nbsp;<\/p>\n","protected":false},"excerpt":{"rendered":"<p>En el Sal\u00f3n Cruce de los Andes del Centro C\u00edvico de San Juan, se desarroll\u00f3 el Primer Encuentro Regional Cuyo<\/p>\n","protected":false},"author":3,"featured_media":48236,"comment_status":"closed","ping_status":"closed","sticky":false,"template":"","format":"video","meta":{"_acf_changed":false,"_seopress_robots_primary_cat":"none","_seopress_titles_title":"","_seopress_titles_desc":"","_seopress_robots_index":"","colormag_page_container_layout":"default_layout","colormag_page_sidebar_layout":"default_layout","footnotes":""},"categories":[10,7],"tags":[],"class_list":["post-48234","post","type-post","status-publish","format-video","has-post-thumbnail","hentry","category-opiniones","category-videos","post_format-post-format-video"],"acf":[],"_links":{"self":[{"href":"https:\/\/vocesparalelas.com.ar\/sitio\/wp-json\/wp\/v2\/posts\/48234","targetHints":{"allow":["GET"]}}],"collection":[{"href":"https:\/\/vocesparalelas.com.ar\/sitio\/wp-json\/wp\/v2\/posts"}],"about":[{"href":"https:\/\/vocesparalelas.com.ar\/sitio\/wp-json\/wp\/v2\/types\/post"}],"author":[{"embeddable":true,"href":"https:\/\/vocesparalelas.com.ar\/sitio\/wp-json\/wp\/v2\/users\/3"}],"replies":[{"embeddable":true,"href":"https:\/\/vocesparalelas.com.ar\/sitio\/wp-json\/wp\/v2\/comments?post=48234"}],"version-history":[{"count":1,"href":"https:\/\/vocesparalelas.com.ar\/sitio\/wp-json\/wp\/v2\/posts\/48234\/revisions"}],"predecessor-version":[{"id":48243,"href":"https:\/\/vocesparalelas.com.ar\/sitio\/wp-json\/wp\/v2\/posts\/48234\/revisions\/48243"}],"wp:featuredmedia":[{"embeddable":true,"href":"https:\/\/vocesparalelas.com.ar\/sitio\/wp-json\/wp\/v2\/media\/48236"}],"wp:attachment":[{"href":"https:\/\/vocesparalelas.com.ar\/sitio\/wp-json\/wp\/v2\/media?parent=48234"}],"wp:term":[{"taxonomy":"category","embeddable":true,"href":"https:\/\/vocesparalelas.com.ar\/sitio\/wp-json\/wp\/v2\/categories?post=48234"},{"taxonomy":"post_tag","embeddable":true,"href":"https:\/\/vocesparalelas.com.ar\/sitio\/wp-json\/wp\/v2\/tags?post=48234"}],"curies":[{"name":"wp","href":"https:\/\/api.w.org\/{rel}","templated":true}]}}