{"id":48186,"date":"2022-04-26T22:42:08","date_gmt":"2022-04-27T01:42:08","guid":{"rendered":"https:\/\/vocesparalelas.com.ar\/sitio\/?p=48186"},"modified":"2022-04-26T22:42:08","modified_gmt":"2022-04-27T01:42:08","slug":"primer-encuentro-regional-cuyo-inet-san-juan-2022","status":"publish","type":"post","link":"https:\/\/vocesparalelas.com.ar\/sitio\/primer-encuentro-regional-cuyo-inet-san-juan-2022\/","title":{"rendered":"Primer Encuentro Regional Cuyo INET \u00abSan Juan 2022\u00bb"},"content":{"rendered":"<div class=\"itemFullText\">\n<p>En el Sal\u00f3n Cruce de los Andes del Centro C\u00edvico, el Mi\u00e9rcoles, 27 de Abril, se desarrolla el Primer Encuentro Regional Cuyo INET, organizado por el Instituto Nacional de Educaci\u00f3n Tecnol\u00f3gica, el Ministerio de Educaci\u00f3n de San Juan y la Direcci\u00f3n de Educaci\u00f3n T\u00e9cnica. Participan referentes de ETP de San Luis y Mendoza, como as\u00ed tambi\u00e9n el Ministerio de la Producci\u00f3n, INTI, INTA y Senasa.<\/p>\n<p>Este es un \u00e1mbito de an\u00e1lisis de los lineamientos y criterios para el desarrollo de los programas federales y regionales que luego ser\u00e1n presentadas ante Comisi\u00f3n Federal de Educaci\u00f3n T\u00e9cnico Profesional para su posterior implementaci\u00f3n.<\/p>\n<p>Participan el director ejecutivo del Instituto Nacional de Educaci\u00f3n Tecnol\u00f3gica &#8211; INET -, Lic. Gerardo Marchesini; el coordinador general de INET Regi\u00f3n Interior, Jos\u00e9 Vera D\u00edaz; la ministro de Educaci\u00f3n de San Juan, Prof. Cecilia Trincado Moncho; la secretaria de Estado de Educaci\u00f3n de Mendoza; el director general de Escuelas de San Luis, Prof. Jos\u00e9 Thomas; el director de Educaci\u00f3n T\u00e9cnica y Formaci\u00f3n Profesional, Prof. Jorge Codorni\u00fa y la subdirectora de Educaci\u00f3n T\u00e9cnica y Formaci\u00f3n Profesional, Prof. Anal\u00eda Andrada.<\/p>\n<p><span style=\"color: #99cc00;\"><strong>Cronograma de actividades:<\/strong><\/span><\/p>\n<table width=\"616\">\n<tbody>\n<tr>\n<td width=\"106\"><span style=\"color: #99cc00;\"><strong>HORARIO<\/strong><\/span><\/td>\n<td width=\"416\"><span style=\"color: #99cc00;\"><strong>TEMAS<\/strong><\/span><\/td>\n<td width=\"95\"><span style=\"color: #99cc00;\"><strong>TIPO<\/strong><\/span><\/td>\n<\/tr>\n<tr>\n<td width=\"106\">8.30 a 8.45<\/td>\n<td width=\"416\">Recepci\u00f3n de los asistentes<\/td>\n<td width=\"95\">&nbsp;<\/td>\n<\/tr>\n<tr>\n<td width=\"106\">8.45 a 9.15<\/td>\n<td width=\"416\">Apertura a cargo del director Ejecutivo de INET Lic. Gerardo Marchesini y la ministro de Educaci\u00f3n del Gobierno de San Juan, Prof. Cecilia Trincado Moncho.<\/td>\n<td width=\"95\">Plenario<\/td>\n<\/tr>\n<tr>\n<td width=\"106\">9.15 a 10.00<\/td>\n<td width=\"416\">Presentaci\u00f3n de prop\u00f3sitos, objetivos y ejes de trabajo del primer Encuentro Regional SUR de la ETP. Presentaci\u00f3n de las Direcciones Nacionales del INET<\/td>\n<td width=\"95\">Plenario<\/td>\n<\/tr>\n<tr>\n<td width=\"106\">10.00 a 10.15<\/td>\n<td width=\"416\">Pausa caf\u00e9<\/td>\n<td width=\"95\">&nbsp;<\/td>\n<\/tr>\n<tr>\n<td width=\"106\">10.15 a 13.00<\/td>\n<td width=\"416\">Mesas de trabajo simult\u00e1neas:<\/p>\n<p><strong>Mesa N\u00b0 1<\/strong>: Agro (INTA, MGAyP, SENASA, Producci\u00f3n Provincial, etc.). Estado de situaci\u00f3n. Experiencias de vinculaci\u00f3n con el Sector Socio productivo y con organismos oficiales. Perspectivas a llevar a la Mesa Federal de Agro. Propuesta de plan estrat\u00e9gico regional<\/p>\n<p><strong>Mesa N\u00b0 2:<\/strong>\u00a0J\u00f3venes en la ETP: referentes jurisdiccionales de la Regi\u00f3n. Situaci\u00f3n, necesidades y plan estrat\u00e9gico regional.<\/p>\n<p><strong>Mesa N\u00b03: ATM<\/strong>\u00a0encuentro con referentes jurisdiccionales de la Regi\u00f3n. Situaci\u00f3n. Perspectiva regional, necesidades y requerimientos<\/p>\n<p><strong>Mesa N\u00b04:<\/strong>\u00a0EPS: encuentro con los referentes jurisdiccionales de la Regi\u00f3n. Situaci\u00f3n, necesidades y requerimientos.<\/p>\n<p><strong>Mesa N\u00b0 5:<\/strong>\u00a0Planeamiento estrat\u00e9gico<\/p>\n<p><strong>Mesa N\u00b0 6:<\/strong>\u00a0*FP encuentro con los referentes jurisdiccionales de la Regi\u00f3n. Situaci\u00f3n, necesidades y requerimientos<\/p>\n<p>CoNETyP &#8211; CoPETyP: situaci\u00f3n, realidades y necesidades. Contribuci\u00f3n desde la ETP en la Econom\u00eda Social. Plan estrat\u00e9gico regional.<\/p>\n<p><strong>Mesa N\u00b0 7:<\/strong>\u00a0Educaci\u00f3n Superior T\u00e9cnico &#8211; Formaci\u00f3n Continua. Mapa regional de instituciones que puedan asumir la formaci\u00f3n t\u00e9cnica espec\u00edfica del profesorado o instructorado de ETP.<\/p>\n<p><strong>Mesa N\u00b0 8:<\/strong>\u00a0G\u00e9nero, integraci\u00f3n y discapacidad en la ETP: actualidad y necesidades<\/td>\n<td width=\"95\">Comisiones<\/td>\n<\/tr>\n<tr>\n<td width=\"106\">13.00 a 14.00<\/td>\n<td width=\"416\">Almuerzo<\/td>\n<td width=\"95\">&nbsp;<\/td>\n<\/tr>\n<tr>\n<td width=\"106\">14.00 a 16.00<\/td>\n<td width=\"416\">Contin\u00faa la actividad de las Mesas de Trabajo<\/td>\n<td width=\"95\">Comisi\u00f3n<\/td>\n<\/tr>\n<tr>\n<td width=\"106\">16.00 a 16.15<\/td>\n<td width=\"416\">Pausa caf\u00e9<\/td>\n<td width=\"95\">&nbsp;<\/td>\n<\/tr>\n<tr>\n<td width=\"106\">16.15 a 17.30<\/td>\n<td width=\"416\">Hacia una agenda estrat\u00e9gica com\u00fan de la ETP en la Regi\u00f3n CUYO:\u00a0Intercambio de lo trabajado en las mesas comisiones, reflexi\u00f3n, an\u00e1lisis y acuerdos posibles a partir de las realidades de cada Jurisdicci\u00f3n.<\/td>\n<td width=\"95\">Plenario<\/td>\n<\/tr>\n<tr>\n<td width=\"106\">17.30 a 18.15<\/td>\n<td width=\"416\">S\u00edntesis de lo trabajado. Propuestas y elecci\u00f3n de nueva fecha y sede para la Segunda Jornada Regional ETP CUYO.<\/td>\n<td width=\"95\">Plenario<\/td>\n<\/tr>\n<tr>\n<td width=\"106\">18.15 a 19:00<\/td>\n<td width=\"416\">Cierre del encuentro<\/td>\n<td width=\"95\">Plenario<\/td>\n<\/tr>\n<\/tbody>\n<\/table>\n<\/div>\n<div class=\"clr\"><\/div>\n<div class=\"itemContentFooter\"><\/div>\n","protected":false},"excerpt":{"rendered":"<p>En el Sal\u00f3n Cruce de los Andes del Centro C\u00edvico, el Mi\u00e9rcoles, 27 de Abril, se desarrolla el Primer Encuentro<\/p>\n","protected":false},"author":3,"featured_media":48188,"comment_status":"closed","ping_status":"closed","sticky":false,"template":"","format":"standard","meta":{"_acf_changed":false,"_seopress_robots_primary_cat":"none","_seopress_titles_title":"","_seopress_titles_desc":"","_seopress_robots_index":"","colormag_page_container_layout":"default_layout","colormag_page_sidebar_layout":"default_layout","footnotes":""},"categories":[1],"tags":[],"class_list":["post-48186","post","type-post","status-publish","format-standard","has-post-thumbnail","hentry","category-destacadas"],"acf":[],"_links":{"self":[{"href":"https:\/\/vocesparalelas.com.ar\/sitio\/wp-json\/wp\/v2\/posts\/48186","targetHints":{"allow":["GET"]}}],"collection":[{"href":"https:\/\/vocesparalelas.com.ar\/sitio\/wp-json\/wp\/v2\/posts"}],"about":[{"href":"https:\/\/vocesparalelas.com.ar\/sitio\/wp-json\/wp\/v2\/types\/post"}],"author":[{"embeddable":true,"href":"https:\/\/vocesparalelas.com.ar\/sitio\/wp-json\/wp\/v2\/users\/3"}],"replies":[{"embeddable":true,"href":"https:\/\/vocesparalelas.com.ar\/sitio\/wp-json\/wp\/v2\/comments?post=48186"}],"version-history":[{"count":1,"href":"https:\/\/vocesparalelas.com.ar\/sitio\/wp-json\/wp\/v2\/posts\/48186\/revisions"}],"predecessor-version":[{"id":48189,"href":"https:\/\/vocesparalelas.com.ar\/sitio\/wp-json\/wp\/v2\/posts\/48186\/revisions\/48189"}],"wp:featuredmedia":[{"embeddable":true,"href":"https:\/\/vocesparalelas.com.ar\/sitio\/wp-json\/wp\/v2\/media\/48188"}],"wp:attachment":[{"href":"https:\/\/vocesparalelas.com.ar\/sitio\/wp-json\/wp\/v2\/media?parent=48186"}],"wp:term":[{"taxonomy":"category","embeddable":true,"href":"https:\/\/vocesparalelas.com.ar\/sitio\/wp-json\/wp\/v2\/categories?post=48186"},{"taxonomy":"post_tag","embeddable":true,"href":"https:\/\/vocesparalelas.com.ar\/sitio\/wp-json\/wp\/v2\/tags?post=48186"}],"curies":[{"name":"wp","href":"https:\/\/api.w.org\/{rel}","templated":true}]}}