{"id":48135,"date":"2022-04-25T21:32:13","date_gmt":"2022-04-26T00:32:13","guid":{"rendered":"https:\/\/vocesparalelas.com.ar\/sitio\/?p=48135"},"modified":"2022-04-27T00:51:33","modified_gmt":"2022-04-27T03:51:33","slug":"inscripcion-para-alumnos-de-secundaria-olimpiada-de-historia-2022","status":"publish","type":"post","link":"https:\/\/vocesparalelas.com.ar\/sitio\/inscripcion-para-alumnos-de-secundaria-olimpiada-de-historia-2022\/","title":{"rendered":"Inscripci\u00f3n para alumnos de secundaria \u00abOlimp\u00edada de Historia 2022\u00bb"},"content":{"rendered":"<p>La Olimp\u00edada de Historia es una oportunidad de aprendizaje cuyo prop\u00f3sito fundamental es brindar herramientas para el abordaje de la realidad social.<\/p>\n<p>El proyecto est\u00e1 dirigido a alumnos del nivel secundario, secundario t\u00e9cnico, secundario para adultos y secundario para adultos en contextos de encierro en todas sus modalidades, ya sea, com\u00fan, especial, j\u00f3venes y adultos, art\u00edstica, rural, biling\u00fce, hospitalaria, entre otros.<\/p>\n<p>El per\u00edodo de inscripci\u00f3n est\u00e1 abierto y vence el 16 de Mayo de 2022, a trav\u00e9s del BLOG, secci\u00f3n \u201cInscribite 2022\u201d, desde la cual se puede acceder a la ficha de inscripci\u00f3n online.<\/p>\n<p>Blog:\u00a0<a href=\"http:\/\/olimpiadaargentinadehistoria.wordpress.com\">http:\/\/olimpiadaargentinadehistoria.wordpress.com<\/a><\/p>\n<p>La instancia nacional 2022 ser\u00e1 presencial, en la Facultad de Humanidades y Ciencia FHUC-UNL, de Santa Fe.<\/p>\n<p>Tambi\u00e9n se puede acceder a informaci\u00f3n a trav\u00e9s de:<\/p>\n<p>Facebook: www.facebook.com\/ OlimpiadaHistoriaflrg<\/p>\n<p>E-mail:\u00a0<span id=\"cloak3ff309fdddc3e02855ed2f04224abfe8\"><a href=\"mailto:olimphistoria@fhuc.unl.edu.ar\">olimphistoria@fhuc.unl.edu.ar<\/a><\/span><\/p>\n<p>Por mayor informaci\u00f3n o asesoramiento comun\u00edcate a:<\/p>\n<p><strong>CECyT\u00a0<\/strong>Centro de Educaci\u00f3n Cient\u00edfica y Tecnol\u00f3gica<\/p>\n<p><span id=\"cloak23c076f42b687b97d05b541fbecd5230\"><a href=\"mailto:cecyt@me.sanjuan.edu.ar\">cecyt@me.sanjuan.edu.ar<\/a><\/span><\/p>\n<p><strong>Facebook<\/strong><\/p>\n<p>CECyT San Juan https:\/\/www.facebook.com\/CECyT.SanJuan<\/p>\n<p><strong>Instagram<\/strong><\/p>\n<p>CECyT. San Juan https:\/\/instagram.com\/cecyt.sanjuan?utm_medium=copy_link<\/p>\n<p>CECyT , de 8 a 13 horas en Centro C\u00edvico, 2\u00b0 Piso. N\u00facleo 3, Oficina de Planes y Programas.<\/p>\n","protected":false},"excerpt":{"rendered":"<p>La Olimp\u00edada de Historia es una oportunidad de aprendizaje cuyo prop\u00f3sito fundamental es brindar herramientas para el abordaje de la<\/p>\n","protected":false},"author":3,"featured_media":43758,"comment_status":"closed","ping_status":"closed","sticky":false,"template":"","format":"standard","meta":{"_acf_changed":false,"_seopress_robots_primary_cat":"none","_seopress_titles_title":"","_seopress_titles_desc":"","_seopress_robots_index":"","colormag_page_container_layout":"default_layout","colormag_page_sidebar_layout":"default_layout","footnotes":""},"categories":[8],"tags":[],"class_list":["post-48135","post","type-post","status-publish","format-standard","has-post-thumbnail","hentry","category-concursos"],"acf":[],"_links":{"self":[{"href":"https:\/\/vocesparalelas.com.ar\/sitio\/wp-json\/wp\/v2\/posts\/48135","targetHints":{"allow":["GET"]}}],"collection":[{"href":"https:\/\/vocesparalelas.com.ar\/sitio\/wp-json\/wp\/v2\/posts"}],"about":[{"href":"https:\/\/vocesparalelas.com.ar\/sitio\/wp-json\/wp\/v2\/types\/post"}],"author":[{"embeddable":true,"href":"https:\/\/vocesparalelas.com.ar\/sitio\/wp-json\/wp\/v2\/users\/3"}],"replies":[{"embeddable":true,"href":"https:\/\/vocesparalelas.com.ar\/sitio\/wp-json\/wp\/v2\/comments?post=48135"}],"version-history":[{"count":1,"href":"https:\/\/vocesparalelas.com.ar\/sitio\/wp-json\/wp\/v2\/posts\/48135\/revisions"}],"predecessor-version":[{"id":48137,"href":"https:\/\/vocesparalelas.com.ar\/sitio\/wp-json\/wp\/v2\/posts\/48135\/revisions\/48137"}],"wp:featuredmedia":[{"embeddable":true,"href":"https:\/\/vocesparalelas.com.ar\/sitio\/wp-json\/wp\/v2\/media\/43758"}],"wp:attachment":[{"href":"https:\/\/vocesparalelas.com.ar\/sitio\/wp-json\/wp\/v2\/media?parent=48135"}],"wp:term":[{"taxonomy":"category","embeddable":true,"href":"https:\/\/vocesparalelas.com.ar\/sitio\/wp-json\/wp\/v2\/categories?post=48135"},{"taxonomy":"post_tag","embeddable":true,"href":"https:\/\/vocesparalelas.com.ar\/sitio\/wp-json\/wp\/v2\/tags?post=48135"}],"curies":[{"name":"wp","href":"https:\/\/api.w.org\/{rel}","templated":true}]}}