{"id":48083,"date":"2022-04-23T00:41:20","date_gmt":"2022-04-23T03:41:20","guid":{"rendered":"https:\/\/vocesparalelas.com.ar\/sitio\/?p=48083"},"modified":"2022-04-23T00:41:20","modified_gmt":"2022-04-23T03:41:20","slug":"reconocimiento-a-las-enfermeras-navales-de-la-guerra-de-malvinas-en-san-juan","status":"publish","type":"post","link":"https:\/\/vocesparalelas.com.ar\/sitio\/reconocimiento-a-las-enfermeras-navales-de-la-guerra-de-malvinas-en-san-juan\/","title":{"rendered":"Reconocimiento a las Enfermeras Navales de la Guerra de Malvinas en San Juan"},"content":{"rendered":"<div class=\"itemFullText jbintrotext\">\n<p>En el marco del 40\u00ba aniversario de la guerra de Malvinas (1982), la C\u00e1mara de Diputados realiz\u00f3 un homenaje a las enfermeras navales de la Escuela de Sanidad de Puerto Belgrano, promociones 1980, 1981 y 1982, por la ardua labor cumplida por ellas en el Hospital Naval Puerto Belgrano. El emotivo acto estuvo organizado por el bloque Bloquista y tuvo lugar en la sala de vicegobernadores del edificio Legislativo.<\/p>\n<\/div>\n<div class=\"itemFullText\">\n<p>Presidi\u00f3 la ceremonia el titular del bloque Bloquista, diputado Andr\u00e9s Chanampa junto con el legislador Edgardo Sancassani. Asimismo, particip\u00f3 Mar\u00eda Elena Otero, autora de la muestra Fotogr\u00e1fica\u00bb MUJERES, MEMORIA Y MALVINAS\u201d que fue inaugurada en el hall central de la C\u00e1mara de Diputados. Acompa\u00f1aron las legisladoras Celina Ramella, Fernanda Paredes, y el diputado Horacio Quiroga.<\/p>\n<p>La actividad comenz\u00f3 con la disertaci\u00f3n de la magister en Partidos Pol\u00edticos y licenciada en Comunicaci\u00f3n Social Mar\u00eda Elena Otero. Luego, dos enfermeras Liliana Castro y Mar\u00eda del Carmen Mu\u00f1oz, dieron testimonio de su servicio brindado durante el tiempo de la guerra.<\/p>\n<p>Seguidamente, los diputados provinciales presentes realizaron la entrega de diplomas de honor a las mujeres que han colaborado y desarrollado diversas actividades brindando contenci\u00f3n y acompa\u00f1amiento a los h\u00e9roes del conflicto b\u00e9lico de Malvinas.<\/p>\n<p>Cabe se\u00f1alar que en el mencionado acto se reconoci\u00f3 como Heroica e Hist\u00f3rica la Gesta de las Islas Malvinas, por tal motivo fue declarado de Inter\u00e9s Hist\u00f3rico, Cultural, Social y Educativo, la visita de las Enfermeras Navales, supra mencionadas, a la provincia de San Juan. Adem\u00e1s, fue declarado de inter\u00e9s Social, Cultural, Educativo e Hist\u00f3rico a la Muestra Fotogr\u00e1fica, Exposici\u00f3n y Disertaci\u00f3n por parte de Mar\u00eda Elena Otero.<\/p>\n<p>En la ocasi\u00f3n, el legislador Andr\u00e9s Chanampa transmiti\u00f3 los saludos del vicegobernador Roberto Gattoni quien no pudo estar presente por cuestiones de agenda, y luego se\u00f1al\u00f3 que \u201cla deuda que tiene la democracia y Malvinas con estas mujeres es que son hero\u00ednas. Estos testimonios que escuchamos reci\u00e9n hacen a la construcci\u00f3n de la memoria colectiva, cuarenta a\u00f1os despu\u00e9s, pero es un avance. Yo les voy a pedir como tarea a todos los que est\u00e1n ac\u00e1 que salgamos a contar lo que estas mujeres hicieron porque eran chicas de diecisiete y dieciocho a\u00f1os que cumplieron con su deber, eran estudiantes de enfermer\u00eda y fueron parte fundamental de lo que fue Malvinas\u201d.<\/p>\n<p>Por su parte, el diputado Edgardo Sancassani expres\u00f3 \u201cen un mundo tan convulsionado, este acto, este momento viene a ser un b\u00e1lsamo para nuestro esp\u00edritu. Esto es esencial porque tenemos que humanizar un poco m\u00e1s y qu\u00e9 mejor momento de hacerlo con los testimonios de ustedes, estas enfermeras que dieron todo siendo muy j\u00f3venes para que estuviesen al lado de esa gente que pasaba por una situaci\u00f3n dif\u00edcil. M\u00e1s all\u00e1 del conflicto, yo creo que todos los que directamente o indirectamente han estado en esta guerra tienen que ser reconocidos. La mujer tiene ese don que Dios le dio de dar vida, ellas pudieron contener a esos chicos, soldados, oficiales en un momento dif\u00edcil, esto no tiene precio, este reconocimiento es algo m\u00e1s al esp\u00edritu y m\u00e1s precisamente a ustedes que estuvieron ah\u00ed dando aliento y la posibilidad no solamente de sanar el f\u00edsico de los soldados sino tambi\u00e9n de contener su mente, su esp\u00edritu. Creo que esto es lo m\u00e1s importante y relevante del d\u00eda de hoy. Todos les tenemos que agradecer a ustedes lo que hicieron por toda esa gente que luch\u00f3 por nuestra tierra y que se merec\u00eda tener una contenci\u00f3n que se la brindaron ustedes\u201d.<\/p>\n<p><img loading=\"lazy\" decoding=\"async\" class=\"alignnone size-full wp-image-48086\" src=\"https:\/\/vocesparalelas.com.ar\/sitio\/wp-content\/uploads\/2022\/04\/CDSJ-MALVINAS-02.jpg\" alt=\"\" width=\"800\" height=\"361\" srcset=\"https:\/\/vocesparalelas.com.ar\/sitio\/wp-content\/uploads\/2022\/04\/CDSJ-MALVINAS-02.jpg 800w, https:\/\/vocesparalelas.com.ar\/sitio\/wp-content\/uploads\/2022\/04\/CDSJ-MALVINAS-02-300x135.jpg 300w, https:\/\/vocesparalelas.com.ar\/sitio\/wp-content\/uploads\/2022\/04\/CDSJ-MALVINAS-02-768x347.jpg 768w\" sizes=\"auto, (max-width: 800px) 100vw, 800px\" \/><\/p>\n<p><span style=\"color: #800080;\"><strong>Disertaci\u00f3n<\/strong><\/span><\/p>\n<p>Durante el acto, Mar\u00eda Elena Otero brind\u00f3 una exposici\u00f3n sobre la muestra fotogr\u00e1fica e indic\u00f3 que \u201cesta iniciativa surgi\u00f3 con la idea de compartir im\u00e1genes de experiencias de dolor, de encuentro, de lucha en torno a otras protagonistas de la guerra: las mujeres. Ellas no pelearon en las islas, pero lucharon contra el olvido y la indiferencia en el continente\u201d.<\/p>\n<p>\u201cComenc\u00e9 a escuchar otros relatos, voces diferentes y diversas que nos transportan a ese acontecimiento cr\u00edtico que es Malvinas y que muchas veces como sociedad queremos eludir y tambi\u00e9n como comunidad acad\u00e9mica porque a\u00fan no hemos logrado abordar esta tem\u00e1tica desde la historia reciente\u201d, explic\u00f3.<\/p>\n<p>Luego, sostuvo que \u201cesta muestra fotogr\u00e1fica quiere dar cuenta de que no hubo solo una guerra de Malvinas porque si bien el combate se desarroll\u00f3 en las islas, en cada rinc\u00f3n de la sociedad argentina la guerra fue vivida de formas diferentes y el abordaje desde una perspectiva de g\u00e9nero nos posibilita entramar sentidos muchos m\u00e1s complejos de la guerra. En este sentido, la muestra aborda de manera paralela algo que en otras \u00e9pocas fue silenciado, por un lado, la guerra de Malvinas olvidada a trav\u00e9s de procesos de desmalvinizaci\u00f3n a partir de 1983 y por otro lugar, el espacio que tuvieron las mujeres siempre en los conflictos b\u00e9licos\u201d.<\/p>\n<p><span style=\"color: #800080;\"><strong>Muestra Fotogr\u00e1fica<\/strong><\/span><\/p>\n<p>La muestra fotogr\u00e1fica Mujeres, Memorias y Malvinas se inscribe en las conmemoraciones por el 40\u00ba aniversario de la guerra de Malvinas (1982). A trav\u00e9s de la misma se propone reflexionar sobre el rol de las mujeres durante el conflicto b\u00e9lico desde una perspectiva historiogr\u00e1fica en im\u00e1genes de \u00e9poca y actuales. El abordaje de pasados traum\u00e1ticos, contenciosos y abiertos plantea m\u00faltiples dilemas entre quienes investigan acerca del pasado reciente, entre ellos los vinculados a los diversos modos de concebir y articular historia, memoria y experiencia. Muchos factores aumentan esa complejidad: la incidencia en el presente de esos pasados, las reactualizaciones promovidas por distintos actores contempor\u00e1neos, la actividad de memorias y actores de distinto orden, entre otros.<\/p>\n<p>La presente muestra busca hacer emerger memorias olvidadas de la guerra visibilizando im\u00e1genes de madres, hermanas, novias, esposas, hijas, pero tambi\u00e9n de tambi\u00e9n v\u00edctimas civiles, madrinas de guerra y enfermeras y estudiantes de enfermer\u00eda de las FFAA.<\/p>\n<p><span style=\"color: #800080;\"><strong>Sobre la autora<\/strong><\/span><\/p>\n<p>Mar\u00eda Elena Otero es magister en Partidos Pol\u00edticos y licenciada en Comunicaci\u00f3n Social por la Universidad Nacional de C\u00f3rdoba. Fue becaria SECyT en el periodo 2017-2019. Realiz\u00f3 su tesis de maestr\u00eda en Partidos Pol\u00edticos en el Centro de Estudios Avanzados (FCS- UNC) bajo el t\u00edtulo Mujeres de Malvinas: voces y representaciones de aspirantes navales de la guerra dirigida por la Dra. Alicia Servetto. Es curadora de la muestra fotogr\u00e1fica itinerante Mujeres, memorias y Malvinas. Participa como investigadora del Proyecto: \u00abConfiguraciones contempor\u00e1neas de las relaciones entre Estado y Sociedad: Participaci\u00f3n pol\u00edtica, representaciones sociales, identidades colectivas y producciones culturales en la Historia Reciente de la Argentina\u00bb, radicado en el Centro de Estudios Avanzados de la Universidad Nacional de C\u00f3rdoba. Asimismo, es parte del proyecto: \u00abAcontecimientos cr\u00edticos, experiencias y (re)construcci\u00f3n de memorias sociales\u00bb radicado en el Museo de Antropolog\u00eda de la UNC. Es integrante de la Red Federal de Estudios sobre la Cuesti\u00f3n Malvinas y docente de nivel Medio. Est\u00e1 casada y es madre de cuatro hijos.<\/p>\n<\/div>\n","protected":false},"excerpt":{"rendered":"<p>En el marco del 40\u00ba aniversario de la guerra de Malvinas (1982), la C\u00e1mara de Diputados realiz\u00f3 un homenaje a<\/p>\n","protected":false},"author":3,"featured_media":48085,"comment_status":"closed","ping_status":"closed","sticky":false,"template":"","format":"standard","meta":{"_acf_changed":false,"_seopress_robots_primary_cat":"none","_seopress_titles_title":"","_seopress_titles_desc":"","_seopress_robots_index":"","colormag_page_container_layout":"default_layout","colormag_page_sidebar_layout":"default_layout","footnotes":""},"categories":[1],"tags":[],"class_list":["post-48083","post","type-post","status-publish","format-standard","has-post-thumbnail","hentry","category-destacadas"],"acf":[],"_links":{"self":[{"href":"https:\/\/vocesparalelas.com.ar\/sitio\/wp-json\/wp\/v2\/posts\/48083","targetHints":{"allow":["GET"]}}],"collection":[{"href":"https:\/\/vocesparalelas.com.ar\/sitio\/wp-json\/wp\/v2\/posts"}],"about":[{"href":"https:\/\/vocesparalelas.com.ar\/sitio\/wp-json\/wp\/v2\/types\/post"}],"author":[{"embeddable":true,"href":"https:\/\/vocesparalelas.com.ar\/sitio\/wp-json\/wp\/v2\/users\/3"}],"replies":[{"embeddable":true,"href":"https:\/\/vocesparalelas.com.ar\/sitio\/wp-json\/wp\/v2\/comments?post=48083"}],"version-history":[{"count":1,"href":"https:\/\/vocesparalelas.com.ar\/sitio\/wp-json\/wp\/v2\/posts\/48083\/revisions"}],"predecessor-version":[{"id":48087,"href":"https:\/\/vocesparalelas.com.ar\/sitio\/wp-json\/wp\/v2\/posts\/48083\/revisions\/48087"}],"wp:featuredmedia":[{"embeddable":true,"href":"https:\/\/vocesparalelas.com.ar\/sitio\/wp-json\/wp\/v2\/media\/48085"}],"wp:attachment":[{"href":"https:\/\/vocesparalelas.com.ar\/sitio\/wp-json\/wp\/v2\/media?parent=48083"}],"wp:term":[{"taxonomy":"category","embeddable":true,"href":"https:\/\/vocesparalelas.com.ar\/sitio\/wp-json\/wp\/v2\/categories?post=48083"},{"taxonomy":"post_tag","embeddable":true,"href":"https:\/\/vocesparalelas.com.ar\/sitio\/wp-json\/wp\/v2\/tags?post=48083"}],"curies":[{"name":"wp","href":"https:\/\/api.w.org\/{rel}","templated":true}]}}