{"id":48066,"date":"2022-04-22T23:53:59","date_gmt":"2022-04-23T02:53:59","guid":{"rendered":"https:\/\/vocesparalelas.com.ar\/sitio\/?p=48066"},"modified":"2022-04-23T00:09:42","modified_gmt":"2022-04-23T03:09:42","slug":"se-firmo-acta-complementaria-para-el-dictado-de-la-diplomatura-de-extension-en-competencias-digitales-para-la-virtualidad-de-la-fcefn-de-la-unsj","status":"publish","type":"post","link":"https:\/\/vocesparalelas.com.ar\/sitio\/se-firmo-acta-complementaria-para-el-dictado-de-la-diplomatura-de-extension-en-competencias-digitales-para-la-virtualidad-de-la-fcefn-de-la-unsj\/","title":{"rendered":"Se firm\u00f3 Acta Complementaria para el dictado de la \u00abDiplomatura de Extensi\u00f3n en Competencias Digitales para la Virtualidad\u00bb de la FCEFN de la UNSJ"},"content":{"rendered":"<p>En el Complejo Deportivo y Cultural \u00abLa Superiora\u00bb se firm\u00f3 el Acta Complementaria entre el Decano de la Facultad de Ciencias Exactas, F\u00edsicas y Naturales de la Universidad Nacional de San Juan, Ing. Rodolfo Bloch y el Intendente de la Municipalidad de Rawson, Tec. Rub\u00e9n Garc\u00eda para que se dicte la \u00abDiplomatura de Extensi\u00f3n en Competencias Digitales para la Virtualidad\u00bb destinada a los docentes de todos los niveles del Departamento.<\/p>\n<p><img loading=\"lazy\" decoding=\"async\" class=\"alignnone size-full wp-image-48070\" src=\"https:\/\/vocesparalelas.com.ar\/sitio\/wp-content\/uploads\/2022\/04\/FCEFN-RAWSON-02.jpg\" alt=\"\" width=\"800\" height=\"533\" srcset=\"https:\/\/vocesparalelas.com.ar\/sitio\/wp-content\/uploads\/2022\/04\/FCEFN-RAWSON-02.jpg 800w, https:\/\/vocesparalelas.com.ar\/sitio\/wp-content\/uploads\/2022\/04\/FCEFN-RAWSON-02-300x200.jpg 300w, https:\/\/vocesparalelas.com.ar\/sitio\/wp-content\/uploads\/2022\/04\/FCEFN-RAWSON-02-768x512.jpg 768w\" sizes=\"auto, (max-width: 800px) 100vw, 800px\" \/><\/p>\n<p>&nbsp;<\/p>\n<p>Por ello, Voces Paralelas entrevist\u00f3 al Decano de la FCEFN de la UNSJ, Ing. Rodolfo Bloch, quien explic\u00f3 la importancia de la firma de convenio para dictar la Diplomatura de Extensi\u00f3n en Competencias Digitales para la Virtualidad para los docentes del Departamento.<\/p>\n<p><iframe loading=\"lazy\" title=\"FCEFN UNSJ DECANO ING RODOLFO BLOCH\" width=\"800\" height=\"450\" src=\"https:\/\/www.youtube.com\/embed\/rPyq6JXT4Tg?feature=oembed\" frameborder=\"0\" allow=\"accelerometer; autoplay; clipboard-write; encrypted-media; gyroscope; picture-in-picture\" allowfullscreen><\/iframe><\/p>\n<p>Posteriormente, el Intendente de la Municipalidad de Rawson, Tec. Rub\u00e9n Garc\u00eda, remarc\u00f3 que el convenio para beneficiar a la comunidad educativa de nuestro departamento y que siempre hace falta m\u00e1s. Este es el comienzo de un camino de capacitaci\u00f3n.<\/p>\n<p><iframe loading=\"lazy\" title=\"FCEFN UNSJ RAWSON TEC\" width=\"800\" height=\"450\" src=\"https:\/\/www.youtube.com\/embed\/Kwz-vIzyGjE?feature=oembed\" frameborder=\"0\" allow=\"accelerometer; autoplay; clipboard-write; encrypted-media; gyroscope; picture-in-picture\" allowfullscreen><\/iframe><\/p>\n<p>&nbsp;<\/p>\n<p><img loading=\"lazy\" decoding=\"async\" class=\"alignnone size-full wp-image-48069\" src=\"https:\/\/vocesparalelas.com.ar\/sitio\/wp-content\/uploads\/2022\/04\/FCEFN-RAWSON-03.jpg\" alt=\"\" width=\"800\" height=\"533\" srcset=\"https:\/\/vocesparalelas.com.ar\/sitio\/wp-content\/uploads\/2022\/04\/FCEFN-RAWSON-03.jpg 800w, https:\/\/vocesparalelas.com.ar\/sitio\/wp-content\/uploads\/2022\/04\/FCEFN-RAWSON-03-300x200.jpg 300w, https:\/\/vocesparalelas.com.ar\/sitio\/wp-content\/uploads\/2022\/04\/FCEFN-RAWSON-03-768x512.jpg 768w\" sizes=\"auto, (max-width: 800px) 100vw, 800px\" \/><\/p>\n<p>El Ing. Am\u00e9rco Sirvente explic\u00f3 en que consiste la Diplomatura que es presencial y que se dicta en el Complejo Deportivo y Cultural \u00abLa Superiora\u00bb. Los d\u00edas y horarios a confirmar como as\u00ed tambi\u00e9n cuando comiencen las inscripciones se informar\u00e1.<\/p>\n<p><img loading=\"lazy\" decoding=\"async\" class=\"alignnone size-full wp-image-48071\" src=\"https:\/\/vocesparalelas.com.ar\/sitio\/wp-content\/uploads\/2022\/04\/FCEFN-RAWSON-04.jpg\" alt=\"\" width=\"800\" height=\"533\" srcset=\"https:\/\/vocesparalelas.com.ar\/sitio\/wp-content\/uploads\/2022\/04\/FCEFN-RAWSON-04.jpg 800w, https:\/\/vocesparalelas.com.ar\/sitio\/wp-content\/uploads\/2022\/04\/FCEFN-RAWSON-04-300x200.jpg 300w, https:\/\/vocesparalelas.com.ar\/sitio\/wp-content\/uploads\/2022\/04\/FCEFN-RAWSON-04-768x512.jpg 768w\" sizes=\"auto, (max-width: 800px) 100vw, 800px\" \/><\/p>\n","protected":false},"excerpt":{"rendered":"<p>En el Complejo Deportivo y Cultural \u00abLa Superiora\u00bb se firm\u00f3 el Acta Complementaria entre el Decano de la Facultad de<\/p>\n","protected":false},"author":3,"featured_media":48068,"comment_status":"closed","ping_status":"closed","sticky":false,"template":"","format":"video","meta":{"_acf_changed":false,"_seopress_robots_primary_cat":"none","_seopress_titles_title":"","_seopress_titles_desc":"","_seopress_robots_index":"","colormag_page_container_layout":"default_layout","colormag_page_sidebar_layout":"default_layout","footnotes":""},"categories":[1,7],"tags":[],"class_list":["post-48066","post","type-post","status-publish","format-video","has-post-thumbnail","hentry","category-destacadas","category-videos","post_format-post-format-video"],"acf":[],"_links":{"self":[{"href":"https:\/\/vocesparalelas.com.ar\/sitio\/wp-json\/wp\/v2\/posts\/48066","targetHints":{"allow":["GET"]}}],"collection":[{"href":"https:\/\/vocesparalelas.com.ar\/sitio\/wp-json\/wp\/v2\/posts"}],"about":[{"href":"https:\/\/vocesparalelas.com.ar\/sitio\/wp-json\/wp\/v2\/types\/post"}],"author":[{"embeddable":true,"href":"https:\/\/vocesparalelas.com.ar\/sitio\/wp-json\/wp\/v2\/users\/3"}],"replies":[{"embeddable":true,"href":"https:\/\/vocesparalelas.com.ar\/sitio\/wp-json\/wp\/v2\/comments?post=48066"}],"version-history":[{"count":1,"href":"https:\/\/vocesparalelas.com.ar\/sitio\/wp-json\/wp\/v2\/posts\/48066\/revisions"}],"predecessor-version":[{"id":48072,"href":"https:\/\/vocesparalelas.com.ar\/sitio\/wp-json\/wp\/v2\/posts\/48066\/revisions\/48072"}],"wp:featuredmedia":[{"embeddable":true,"href":"https:\/\/vocesparalelas.com.ar\/sitio\/wp-json\/wp\/v2\/media\/48068"}],"wp:attachment":[{"href":"https:\/\/vocesparalelas.com.ar\/sitio\/wp-json\/wp\/v2\/media?parent=48066"}],"wp:term":[{"taxonomy":"category","embeddable":true,"href":"https:\/\/vocesparalelas.com.ar\/sitio\/wp-json\/wp\/v2\/categories?post=48066"},{"taxonomy":"post_tag","embeddable":true,"href":"https:\/\/vocesparalelas.com.ar\/sitio\/wp-json\/wp\/v2\/tags?post=48066"}],"curies":[{"name":"wp","href":"https:\/\/api.w.org\/{rel}","templated":true}]}}