{"id":48056,"date":"2022-04-22T22:40:06","date_gmt":"2022-04-23T01:40:06","guid":{"rendered":"https:\/\/vocesparalelas.com.ar\/sitio\/?p=48056"},"modified":"2022-04-22T22:40:06","modified_gmt":"2022-04-23T01:40:06","slug":"se-desarrollo-libros-que-andan-en-la-unsj","status":"publish","type":"post","link":"https:\/\/vocesparalelas.com.ar\/sitio\/se-desarrollo-libros-que-andan-en-la-unsj\/","title":{"rendered":"Se desarroll\u00f3 \u00abLibros que andan\u00bb en la UNSJ"},"content":{"rendered":"<p>La Editorial Universidad Nacional de San Juan trabaja diariamente en la edici\u00f3n de libros que acerca la producci\u00f3n acad\u00e9mica y art\u00edstica de escritores de San Juan a las aulas de escuelas y universidades, a instituciones p\u00fablicas y privadas, a proyectos comunitarios y a los diversos hogares de la provincia.<\/p>\n<p>Para fortalecer ese objetivo y para celebrar el D\u00eda Mundial del Libro y del Derecho de Autor, la Editorial desarroll\u00f3 \u201cLibros que andan\u201d, actividad organizada junto al Plan Nacional de Lecturas, dependiente del Ministerio de Educaci\u00f3n de la Naci\u00f3n, que cuenta con el apoyo de la Secretar\u00eda de Extensi\u00f3n Universitaria de la UNSJ.<\/p>\n<p>La meta es intervenir los espacios cercanos al Edificio Central de la UNSJ donde junto con la comunidad de San Juan al libro y a la lectura a trav\u00e9s de una serie de acciones que dinamicen las producciones literarias locales.<\/p>\n<p>La jornada incluy\u00f3 la entrega gratuita de libros de Editorial UNSJ, se exhibi\u00f3 el material del Plan Nacional de Lecturas, Clase abierta de c\u00e1tedras de Letras y Teatro de la Facultad de Filosof\u00eda, Humanidades y Artes de la UNSJ, lectura p\u00fablica de obras del sello editorial de la UNSJ y de otras editoriales y se exhibi\u00f3 el material de la carrera de Bibliotecolog\u00eda.<\/p>\n<p>Adem\u00e1s, participaron las escuelas de nivel medio como EPET 2 y Escuela Industrial Domingo Faustino Sarmiento y la incondicional realizaci\u00f3n de la Radio Abierta con transmisi\u00f3n en vivo de FM 93.1, Radio Universidad.<\/p>\n<p><img loading=\"lazy\" decoding=\"async\" class=\"alignnone size-full wp-image-48058\" src=\"https:\/\/vocesparalelas.com.ar\/sitio\/wp-content\/uploads\/2022\/04\/UNSJ-LIBROS-01.jpg\" alt=\"\" width=\"800\" height=\"533\" srcset=\"https:\/\/vocesparalelas.com.ar\/sitio\/wp-content\/uploads\/2022\/04\/UNSJ-LIBROS-01.jpg 800w, https:\/\/vocesparalelas.com.ar\/sitio\/wp-content\/uploads\/2022\/04\/UNSJ-LIBROS-01-300x200.jpg 300w, https:\/\/vocesparalelas.com.ar\/sitio\/wp-content\/uploads\/2022\/04\/UNSJ-LIBROS-01-768x512.jpg 768w\" sizes=\"auto, (max-width: 800px) 100vw, 800px\" \/><\/p>\n<p>Por ello, Voces Paralelas entrevist\u00f3 a la Directora de la Editorial de la UNSJ, Mg. Paula Mateos, quien describi\u00f3 la intervenci\u00f3n con gran emoci\u00f3n porque lograron las metas propuestas.<\/p>\n<p><iframe loading=\"lazy\" title=\"UNSJ MG PAULA MATEOS\" width=\"800\" height=\"450\" src=\"https:\/\/www.youtube.com\/embed\/vM-n2tDI6yE?feature=oembed\" frameborder=\"0\" allow=\"accelerometer; autoplay; clipboard-write; encrypted-media; gyroscope; picture-in-picture\" allowfullscreen><\/iframe><\/p>\n<p>&nbsp;<\/p>\n<p>&nbsp;<\/p>\n<p>&nbsp;<\/p>\n<p>&nbsp;<\/p>\n<p>&nbsp;<\/p>\n","protected":false},"excerpt":{"rendered":"<p>La Editorial Universidad Nacional de San Juan trabaja diariamente en la edici\u00f3n de libros que acerca la producci\u00f3n acad\u00e9mica y<\/p>\n","protected":false},"author":3,"featured_media":48059,"comment_status":"closed","ping_status":"closed","sticky":false,"template":"","format":"video","meta":{"_acf_changed":false,"_seopress_robots_primary_cat":"none","_seopress_titles_title":"","_seopress_titles_desc":"","_seopress_robots_index":"","colormag_page_container_layout":"default_layout","colormag_page_sidebar_layout":"default_layout","footnotes":""},"categories":[1,7],"tags":[],"class_list":["post-48056","post","type-post","status-publish","format-video","has-post-thumbnail","hentry","category-destacadas","category-videos","post_format-post-format-video"],"acf":[],"_links":{"self":[{"href":"https:\/\/vocesparalelas.com.ar\/sitio\/wp-json\/wp\/v2\/posts\/48056","targetHints":{"allow":["GET"]}}],"collection":[{"href":"https:\/\/vocesparalelas.com.ar\/sitio\/wp-json\/wp\/v2\/posts"}],"about":[{"href":"https:\/\/vocesparalelas.com.ar\/sitio\/wp-json\/wp\/v2\/types\/post"}],"author":[{"embeddable":true,"href":"https:\/\/vocesparalelas.com.ar\/sitio\/wp-json\/wp\/v2\/users\/3"}],"replies":[{"embeddable":true,"href":"https:\/\/vocesparalelas.com.ar\/sitio\/wp-json\/wp\/v2\/comments?post=48056"}],"version-history":[{"count":1,"href":"https:\/\/vocesparalelas.com.ar\/sitio\/wp-json\/wp\/v2\/posts\/48056\/revisions"}],"predecessor-version":[{"id":48060,"href":"https:\/\/vocesparalelas.com.ar\/sitio\/wp-json\/wp\/v2\/posts\/48056\/revisions\/48060"}],"wp:featuredmedia":[{"embeddable":true,"href":"https:\/\/vocesparalelas.com.ar\/sitio\/wp-json\/wp\/v2\/media\/48059"}],"wp:attachment":[{"href":"https:\/\/vocesparalelas.com.ar\/sitio\/wp-json\/wp\/v2\/media?parent=48056"}],"wp:term":[{"taxonomy":"category","embeddable":true,"href":"https:\/\/vocesparalelas.com.ar\/sitio\/wp-json\/wp\/v2\/categories?post=48056"},{"taxonomy":"post_tag","embeddable":true,"href":"https:\/\/vocesparalelas.com.ar\/sitio\/wp-json\/wp\/v2\/tags?post=48056"}],"curies":[{"name":"wp","href":"https:\/\/api.w.org\/{rel}","templated":true}]}}