{"id":48047,"date":"2022-04-22T21:22:25","date_gmt":"2022-04-23T00:22:25","guid":{"rendered":"https:\/\/vocesparalelas.com.ar\/sitio\/?p=48047"},"modified":"2022-04-23T20:01:51","modified_gmt":"2022-04-23T23:01:51","slug":"teatro-a-cielo-abierto-para-disfrutar-en-familia","status":"publish","type":"post","link":"https:\/\/vocesparalelas.com.ar\/sitio\/teatro-a-cielo-abierto-para-disfrutar-en-familia\/","title":{"rendered":"Teatro a Cielo Abierto para disfrutar en familia"},"content":{"rendered":"<p>El programa del Ministerio de Turismo y Cultura Verano Cultural todo el a\u00f1o sum\u00f3 una nueva iniciativa: teatro a cielo abierto e intervenciones de teatro. Verano Cultural todo el a\u00f1o sum\u00f3 una nueva iniciativa: teatro a cielo abierto e intervenciones de teatro.<\/p>\n<p>En este marco, los sanjuaninos y sanjuaninas podr\u00e1n disfrutar de obras en espacios p\u00fablicos de todos los departamentos de la provincia.<\/p>\n<p>Las propuestas que se ofrecen son ideales para pasar un momento \u00fanico en familia y con amigos de todas las edades. Adem\u00e1s, son libre y gratuitas.<\/p>\n<p>El programa Verano Cultural se gest\u00f3 en el marco del Acuerdo San Juan y se instal\u00f3 como pol\u00edtica de estado generando trabajo genuino en el sector cultural para actrices y actores, adem\u00e1s de crear una posibilidad para que la comunidad pueda acceder a actividades recreativas y culturales sanjuaninas.<\/p>\n<p><span style=\"color: #99cc00;\"><strong>Programa<\/strong><\/span><\/p>\n<ul>\n<li>Viernes, 22 de Abril, a las 21 hs, Cultura Drag expone su obra \u201cLa variete del verano \u2013 la fiesta\u201d, en el Complejo Cultural Cine Teatro Albard\u00f3n, Departamento Albard\u00f3n.<\/li>\n<li>S\u00e1bado, 23 de Abril a las 19 hs.; en el Parque Latinoamericano, Departamento Albard\u00f3n, es el turno del elenco Az\u00facar Amargo, que presentar\u00e1 \u201cIdiosincracia\u201d.<\/li>\n<li>Domingo, 24 de Abril, a las 19 hs.; en la plaza departamental de Villa El Salvador, Departamento Angaco, T\u00edteres a Contramano exhibe \u201cAmores de Papel\u201d.<\/li>\n<\/ul>\n","protected":false},"excerpt":{"rendered":"<p>El programa del Ministerio de Turismo y Cultura Verano Cultural todo el a\u00f1o sum\u00f3 una nueva iniciativa: teatro a cielo<\/p>\n","protected":false},"author":3,"featured_media":20451,"comment_status":"closed","ping_status":"closed","sticky":false,"template":"","format":"standard","meta":{"_acf_changed":false,"_seopress_robots_primary_cat":"none","_seopress_titles_title":"","_seopress_titles_desc":"","_seopress_robots_index":"","colormag_page_container_layout":"default_layout","colormag_page_sidebar_layout":"default_layout","footnotes":""},"categories":[20],"tags":[],"class_list":["post-48047","post","type-post","status-publish","format-standard","has-post-thumbnail","hentry","category-cartelera"],"acf":[],"_links":{"self":[{"href":"https:\/\/vocesparalelas.com.ar\/sitio\/wp-json\/wp\/v2\/posts\/48047","targetHints":{"allow":["GET"]}}],"collection":[{"href":"https:\/\/vocesparalelas.com.ar\/sitio\/wp-json\/wp\/v2\/posts"}],"about":[{"href":"https:\/\/vocesparalelas.com.ar\/sitio\/wp-json\/wp\/v2\/types\/post"}],"author":[{"embeddable":true,"href":"https:\/\/vocesparalelas.com.ar\/sitio\/wp-json\/wp\/v2\/users\/3"}],"replies":[{"embeddable":true,"href":"https:\/\/vocesparalelas.com.ar\/sitio\/wp-json\/wp\/v2\/comments?post=48047"}],"version-history":[{"count":1,"href":"https:\/\/vocesparalelas.com.ar\/sitio\/wp-json\/wp\/v2\/posts\/48047\/revisions"}],"predecessor-version":[{"id":48049,"href":"https:\/\/vocesparalelas.com.ar\/sitio\/wp-json\/wp\/v2\/posts\/48047\/revisions\/48049"}],"wp:featuredmedia":[{"embeddable":true,"href":"https:\/\/vocesparalelas.com.ar\/sitio\/wp-json\/wp\/v2\/media\/20451"}],"wp:attachment":[{"href":"https:\/\/vocesparalelas.com.ar\/sitio\/wp-json\/wp\/v2\/media?parent=48047"}],"wp:term":[{"taxonomy":"category","embeddable":true,"href":"https:\/\/vocesparalelas.com.ar\/sitio\/wp-json\/wp\/v2\/categories?post=48047"},{"taxonomy":"post_tag","embeddable":true,"href":"https:\/\/vocesparalelas.com.ar\/sitio\/wp-json\/wp\/v2\/tags?post=48047"}],"curies":[{"name":"wp","href":"https:\/\/api.w.org\/{rel}","templated":true}]}}