{"id":48035,"date":"2022-04-22T01:27:04","date_gmt":"2022-04-22T04:27:04","guid":{"rendered":"https:\/\/vocesparalelas.com.ar\/sitio\/?p=48035"},"modified":"2022-04-22T01:27:04","modified_gmt":"2022-04-22T04:27:04","slug":"comienza-la-vacunacion-contra-la-gripe-del-grupo-de-riesgo-de-2-a-64-anos-con-comorbilidades-en-san-juan","status":"publish","type":"post","link":"https:\/\/vocesparalelas.com.ar\/sitio\/comienza-la-vacunacion-contra-la-gripe-del-grupo-de-riesgo-de-2-a-64-anos-con-comorbilidades-en-san-juan\/","title":{"rendered":"Comienza la vacunaci\u00f3n contra la Gripe del grupo de riesgo de 2 a 64 a\u00f1os con comorbilidades en San Juan"},"content":{"rendered":"<p>De acuerdo a lo informado por las autoridades de la cartera sanitaria, la incorporaci\u00f3n de los nuevos grupos de riesgo se est\u00e1 realizando de manera escalonada tal cual est\u00e1 planificado. Tambi\u00e9n recalcaron que las dosis se suministraran seg\u00fan disponibilidad y deber\u00e1n concurrir a los Centros de Salud.<\/p>\n<p>Entre tanto el Jefe del Programa de Inmunizaciones Provincial Lic. Fabio Mu\u00f1oz, recalc\u00f3 que para recibir la vacuna correspondiente es necesario presentar DNI, carnet de vacunaci\u00f3n y certificado m\u00e9dico con la indicaci\u00f3n de la comorbilidad.<\/p>\n<p>La campa\u00f1a antigripal se lanz\u00f3 hace casi un mes y se dio en consonancia con el Ministerio de Salud de la Naci\u00f3n y el resto de las provincias. Inmunizando primero al personal de salud, embarazadas, pu\u00e9rperas, adultos de m\u00e1s de 64 a\u00f1os, ni\u00f1os de 6 a 24 meses y personas de 2 a 64 a\u00f1os con comorbilidades.<\/p>\n<p><span style=\"color: #ff0000;\"><strong>Cu\u00e1les son los factores de riesgo para recibir la vacuna antigripal<\/strong><\/span><\/p>\n<p><span style=\"color: #ff0000;\"><strong>Enfermedades respiratorias cr\u00f3nicas<\/strong><\/span><\/p>\n<ul>\n<li>Cr\u00f3nica: hernia diafragm\u00e1tica, enfermedad pulmonar obstructiva cr\u00f3nica (EPOC), enfisema cong\u00e9nito, displasia broncopulmonar, traqueostomizados cr\u00f3nicos, bronquiectasias, fibrosis qu\u00edstica, etc.<\/li>\n<li>Asma moderada y grave.<\/li>\n<\/ul>\n<p><span style=\"color: #ff0000;\"><strong>Enfermedades card\u00edacas<\/strong><\/span><\/p>\n<ul>\n<li>Insuficiencia card\u00edaca, enfermedad coronaria, reemplazo valvular, valvulopat\u00edas.<\/li>\n<li>Cardiopat\u00edas cong\u00e9nitas.<\/li>\n<\/ul>\n<p><span style=\"color: #ff0000;\"><strong>Inmunodeficiencias cong\u00e9nitas o adquiridas (no oncohematol\u00f3gica)<\/strong><\/span><\/p>\n<ul>\n<li>Infecci\u00f3n por VIH\/sida.<\/li>\n<li>Utilizaci\u00f3n de medicaci\u00f3n inmunosupresora o corticoides en altas dosis.<\/li>\n<li>Inmunodeficiencia cong\u00e9nita.<\/li>\n<li>Asplenia funcional o anat\u00f3mica (incluida anemia drepanoc\u00edtica)<\/li>\n<li>Desnutrici\u00f3n grave.<\/li>\n<\/ul>\n<p><span style=\"color: #ff0000;\"><strong>Pacientes oncohematol\u00f3gicos y trasplantados<\/strong><\/span><\/p>\n<ul>\n<li>Tumor de \u00f3rgano s\u00f3lido en tratamiento.<\/li>\n<li>Enfermedad oncohematol\u00f3gica, hasta seis meses posteriores a la remisi\u00f3n completa.<\/li>\n<li>Trasplantados de \u00f3rganos s\u00f3lidos o precursores hematopoy\u00e9ticos.<\/li>\n<\/ul>\n<p><span style=\"color: #ff0000;\"><strong>Otros factores de riesgo para gripe<\/strong><\/span><\/p>\n<ul>\n<li>Obesidad m\u00f3rbida (con \u00edndice de masa corporal mayor a 40 Kg\/m2).<\/li>\n<li>Diabetes.<\/li>\n<li>Insuficiencia renal cr\u00f3nica en di\u00e1lisis o expectativas de ingresar a di\u00e1lisis en los siguientes seis meses.<\/li>\n<li>Retraso madurativo grave en menores de 18 a\u00f1os de edad.<\/li>\n<\/ul>\n","protected":false},"excerpt":{"rendered":"<p>De acuerdo a lo informado por las autoridades de la cartera sanitaria, la incorporaci\u00f3n de los nuevos grupos de riesgo<\/p>\n","protected":false},"author":3,"featured_media":42671,"comment_status":"closed","ping_status":"closed","sticky":false,"template":"","format":"standard","meta":{"_acf_changed":false,"_seopress_robots_primary_cat":"none","_seopress_titles_title":"","_seopress_titles_desc":"","_seopress_robots_index":"","colormag_page_container_layout":"default_layout","colormag_page_sidebar_layout":"default_layout","footnotes":""},"categories":[1],"tags":[],"class_list":["post-48035","post","type-post","status-publish","format-standard","has-post-thumbnail","hentry","category-destacadas"],"acf":[],"_links":{"self":[{"href":"https:\/\/vocesparalelas.com.ar\/sitio\/wp-json\/wp\/v2\/posts\/48035","targetHints":{"allow":["GET"]}}],"collection":[{"href":"https:\/\/vocesparalelas.com.ar\/sitio\/wp-json\/wp\/v2\/posts"}],"about":[{"href":"https:\/\/vocesparalelas.com.ar\/sitio\/wp-json\/wp\/v2\/types\/post"}],"author":[{"embeddable":true,"href":"https:\/\/vocesparalelas.com.ar\/sitio\/wp-json\/wp\/v2\/users\/3"}],"replies":[{"embeddable":true,"href":"https:\/\/vocesparalelas.com.ar\/sitio\/wp-json\/wp\/v2\/comments?post=48035"}],"version-history":[{"count":1,"href":"https:\/\/vocesparalelas.com.ar\/sitio\/wp-json\/wp\/v2\/posts\/48035\/revisions"}],"predecessor-version":[{"id":48037,"href":"https:\/\/vocesparalelas.com.ar\/sitio\/wp-json\/wp\/v2\/posts\/48035\/revisions\/48037"}],"wp:featuredmedia":[{"embeddable":true,"href":"https:\/\/vocesparalelas.com.ar\/sitio\/wp-json\/wp\/v2\/media\/42671"}],"wp:attachment":[{"href":"https:\/\/vocesparalelas.com.ar\/sitio\/wp-json\/wp\/v2\/media?parent=48035"}],"wp:term":[{"taxonomy":"category","embeddable":true,"href":"https:\/\/vocesparalelas.com.ar\/sitio\/wp-json\/wp\/v2\/categories?post=48035"},{"taxonomy":"post_tag","embeddable":true,"href":"https:\/\/vocesparalelas.com.ar\/sitio\/wp-json\/wp\/v2\/tags?post=48035"}],"curies":[{"name":"wp","href":"https:\/\/api.w.org\/{rel}","templated":true}]}}