{"id":47938,"date":"2022-04-19T20:11:30","date_gmt":"2022-04-19T23:11:30","guid":{"rendered":"https:\/\/vocesparalelas.com.ar\/sitio\/?p=47938"},"modified":"2022-04-21T01:31:38","modified_gmt":"2022-04-21T04:31:38","slug":"curso-patologias-de-tuneles-del-eicam-de-la-fi-de-la-unsj","status":"publish","type":"post","link":"https:\/\/vocesparalelas.com.ar\/sitio\/curso-patologias-de-tuneles-del-eicam-de-la-fi-de-la-unsj\/","title":{"rendered":"Curso \u201cPatolog\u00edas de T\u00faneles\u201d del EICAM de la FI de la UNSJ"},"content":{"rendered":"<p>La Escuela de Ingenier\u00eda de Caminos de Monta\u00f1a &#8211; EICAM &#8211; de la Facultad e Ingenier\u00eda de la Universidad Nacional de San Juan informa que del 27 al 29 de Abril se desarrolla el curso \u201cPatolog\u00edas de T\u00faneles\u201d.<\/p>\n<p>Este curso se propone introducir a los y las participantes en los conceptos fundamentales sobre patolog\u00edas de da\u00f1os en t\u00faneles, haciendo referencia a la mayor\u00eda de los da\u00f1os, defectos, anomal\u00edas o alteraciones encontradas en los t\u00faneles en mina y en las obras subterr\u00e1neas en general.<\/p>\n<p>El seminario est\u00e1 orientado a ingenieros civiles, ingenieros viales y graduados universitarios con labores en tareas afines a la actividad.<\/p>\n<p>Curso presencial, con cupo y arancelado.<\/p>\n<p><span style=\"color: #339966;\"><strong>M\u00e1s informaci\u00f3n e inscripci\u00f3n<\/strong><\/span><\/p>\n<p>EICAM<\/p>\n<p><a href=\"https:\/\/www.eicam.unsj.edu.ar\/2022\/04\/08\/patologias-de-tuneles\/\">https:\/\/www.eicam.unsj.edu.ar\/2022\/04\/08\/patologias-de-tuneles\/<\/a><\/p>\n<p>&nbsp;<\/p>\n<p><img loading=\"lazy\" decoding=\"async\" class=\"alignnone size-full wp-image-47942\" src=\"https:\/\/vocesparalelas.com.ar\/sitio\/wp-content\/uploads\/2022\/04\/FI-TUNELES.jpg\" alt=\"\" width=\"800\" height=\"671\" srcset=\"https:\/\/vocesparalelas.com.ar\/sitio\/wp-content\/uploads\/2022\/04\/FI-TUNELES.jpg 800w, https:\/\/vocesparalelas.com.ar\/sitio\/wp-content\/uploads\/2022\/04\/FI-TUNELES-300x252.jpg 300w, https:\/\/vocesparalelas.com.ar\/sitio\/wp-content\/uploads\/2022\/04\/FI-TUNELES-768x644.jpg 768w\" sizes=\"auto, (max-width: 800px) 100vw, 800px\" \/><\/p>\n<p>&nbsp;<\/p>\n<p>&nbsp;<\/p>\n","protected":false},"excerpt":{"rendered":"<p>La Escuela de Ingenier\u00eda de Caminos de Monta\u00f1a &#8211; EICAM &#8211; de la Facultad e Ingenier\u00eda de la Universidad Nacional<\/p>\n","protected":false},"author":3,"featured_media":43605,"comment_status":"closed","ping_status":"closed","sticky":false,"template":"","format":"standard","meta":{"_acf_changed":false,"_seopress_robots_primary_cat":"none","_seopress_titles_title":"","_seopress_titles_desc":"","_seopress_robots_index":"","colormag_page_container_layout":"default_layout","colormag_page_sidebar_layout":"default_layout","footnotes":""},"categories":[9],"tags":[],"class_list":["post-47938","post","type-post","status-publish","format-standard","has-post-thumbnail","hentry","category-cursos"],"acf":[],"_links":{"self":[{"href":"https:\/\/vocesparalelas.com.ar\/sitio\/wp-json\/wp\/v2\/posts\/47938","targetHints":{"allow":["GET"]}}],"collection":[{"href":"https:\/\/vocesparalelas.com.ar\/sitio\/wp-json\/wp\/v2\/posts"}],"about":[{"href":"https:\/\/vocesparalelas.com.ar\/sitio\/wp-json\/wp\/v2\/types\/post"}],"author":[{"embeddable":true,"href":"https:\/\/vocesparalelas.com.ar\/sitio\/wp-json\/wp\/v2\/users\/3"}],"replies":[{"embeddable":true,"href":"https:\/\/vocesparalelas.com.ar\/sitio\/wp-json\/wp\/v2\/comments?post=47938"}],"version-history":[{"count":2,"href":"https:\/\/vocesparalelas.com.ar\/sitio\/wp-json\/wp\/v2\/posts\/47938\/revisions"}],"predecessor-version":[{"id":47943,"href":"https:\/\/vocesparalelas.com.ar\/sitio\/wp-json\/wp\/v2\/posts\/47938\/revisions\/47943"}],"wp:featuredmedia":[{"embeddable":true,"href":"https:\/\/vocesparalelas.com.ar\/sitio\/wp-json\/wp\/v2\/media\/43605"}],"wp:attachment":[{"href":"https:\/\/vocesparalelas.com.ar\/sitio\/wp-json\/wp\/v2\/media?parent=47938"}],"wp:term":[{"taxonomy":"category","embeddable":true,"href":"https:\/\/vocesparalelas.com.ar\/sitio\/wp-json\/wp\/v2\/categories?post=47938"},{"taxonomy":"post_tag","embeddable":true,"href":"https:\/\/vocesparalelas.com.ar\/sitio\/wp-json\/wp\/v2\/tags?post=47938"}],"curies":[{"name":"wp","href":"https:\/\/api.w.org\/{rel}","templated":true}]}}