{"id":47923,"date":"2022-04-18T22:26:40","date_gmt":"2022-04-19T01:26:40","guid":{"rendered":"https:\/\/vocesparalelas.com.ar\/sitio\/?p=47923"},"modified":"2022-04-21T01:54:59","modified_gmt":"2022-04-21T04:54:59","slug":"charla-informativa-programa-de-mejoramiento-de-la-infraestructura-escolar","status":"publish","type":"post","link":"https:\/\/vocesparalelas.com.ar\/sitio\/charla-informativa-programa-de-mejoramiento-de-la-infraestructura-escolar\/","title":{"rendered":"Charla informativa \u201cPrograma de Mejoramiento de la Infraestructura Escolar\u201d"},"content":{"rendered":"<p>La Direcci\u00f3n de Personas con Discapacidad, dependiente del Ministerio de Desarrollo Humano y Promoci\u00f3n Social del Gobierno de San Juan en un trabajo articulado con el Ministerio de Educaci\u00f3n, llev\u00f3 adelante una charla informativa sobre el \u201cPrograma de Mejoramiento de la Infraestructura Escolar\u201d que brinda la Agencia Nacional de Discapacidad &#8211; ANDIS -, a trav\u00e9s de la Ley de Cheques y que est\u00e1 destinados a mejorar la calidad de vida de las personas con discapacidad.<\/p>\n<p>El objetivo de esta charla fue brindar informaci\u00f3n y asesoramiento acerca de uno de los programas que promueve el mejoramiento de la infraestructura de instituciones escolares (incluye mejoras edilicias y\/o equipamiento) que cuenten en su matr\u00edcula con alumnos con discapacidad y cuya gesti\u00f3n sea p\u00fablica.<\/p>\n<p>Al respecto, el subsecretario de Promoci\u00f3n, Protecci\u00f3n y Desarrollo Social, Marcos Andino expres\u00f3\u00a0\u201ces muy importante que podamos trabajar una pol\u00edtica de alcance nacional y que es extensiva a los establecimientos educativos. Se trata de una pol\u00edtica de redistribuci\u00f3n y de alcance federal. La provincia de San Juan siempre se destac\u00f3 no solo por la cantidad sino por la calidad de los proyectos que se presentan y que est\u00e1n destinados a mejorar la calidad de vida de las personas con discapacidad\u201d.<\/p>\n<p>Por su parte, la directora de Personas con Discapacidad, Andrea L\u00e9pez quien agradeci\u00f3 a las instituciones presentes, agreg\u00f3 \u201cdesde la direcci\u00f3n nos encargamos de la difusi\u00f3n y del asesoramiento del programa, que es una l\u00ednea de financiamiento nacional para la inclusi\u00f3n de personas con discapacidad\u00a0y el mismo se encuentra orientado a aquellas instituciones de gesti\u00f3n p\u00fablica en cuya matr\u00edcula figuren alumnos con discapacidad. Las escuelas que presenten proyectos podr\u00e1n acceder a un monto de hasta 3 millones de pesos\u201d.<\/p>\n<p>Por \u00faltimo, la secretaria de Educaci\u00f3n de San Juan, Prof. Ana S\u00e1nchez dijo que \u201cla asociaci\u00f3n cooperadora es el brazo extendido de la gesti\u00f3n, porque a trav\u00e9s de estas instituciones las escuelas puedan acceder a otros recursos. Este programa es una oportunidad no solo para las escuelas que accedan al beneficio, sino principalmente, para las personas con discapacidad. Y esto tambi\u00e9n se traduce en un trabajo articulado ministerialmente para que todas las instituciones educativas puedan tener posibilidades de acceder a estos programas nacionales de tanta relevancia\u201d.<\/p>\n<p>Es importante destacar que hasta el 20 de Mayo de 2022, se encuentra vigente el plazo de recepci\u00f3n y evaluaci\u00f3n de los proyectos, teniendo en cuenta cada uno de los puntos se\u00f1alados en el programa para su correspondiente presentaci\u00f3n.<\/p>\n<p>Adem\u00e1s, la ANDIS estableci\u00f3 que la presentaci\u00f3n de los mismos se realizar\u00e1 exclusivamente a trav\u00e9s de la plataforma de Tr\u00e1mite a Distancia &#8211; TAD<\/p>\n<p><a href=\"https:\/\/tramitesadistancia.gob.ar\/#\/inicio\">https:\/\/tramitesadistancia.gob.ar\/#\/inicio<\/a><\/p>\n<p>En tanto, la publicaci\u00f3n de la n\u00f3mina de proyectos seleccionados se concreta el 1 Julio de 2022.<\/p>\n<p><img loading=\"lazy\" decoding=\"async\" class=\"alignnone size-full wp-image-47926\" src=\"https:\/\/vocesparalelas.com.ar\/sitio\/wp-content\/uploads\/2022\/04\/UPCN-ANDREA.jpg\" alt=\"\" width=\"800\" height=\"533\" srcset=\"https:\/\/vocesparalelas.com.ar\/sitio\/wp-content\/uploads\/2022\/04\/UPCN-ANDREA.jpg 800w, https:\/\/vocesparalelas.com.ar\/sitio\/wp-content\/uploads\/2022\/04\/UPCN-ANDREA-300x200.jpg 300w, https:\/\/vocesparalelas.com.ar\/sitio\/wp-content\/uploads\/2022\/04\/UPCN-ANDREA-768x512.jpg 768w\" sizes=\"auto, (max-width: 800px) 100vw, 800px\" \/><\/p>\n","protected":false},"excerpt":{"rendered":"<p>La Direcci\u00f3n de Personas con Discapacidad, dependiente del Ministerio de Desarrollo Humano y Promoci\u00f3n Social del Gobierno de San Juan<\/p>\n","protected":false},"author":3,"featured_media":47925,"comment_status":"closed","ping_status":"closed","sticky":false,"template":"","format":"standard","meta":{"_acf_changed":false,"_seopress_robots_primary_cat":"none","_seopress_titles_title":"","_seopress_titles_desc":"","_seopress_robots_index":"","colormag_page_container_layout":"default_layout","colormag_page_sidebar_layout":"default_layout","footnotes":""},"categories":[5],"tags":[],"class_list":["post-47923","post","type-post","status-publish","format-standard","has-post-thumbnail","hentry","category-ofrecimientos"],"acf":[],"_links":{"self":[{"href":"https:\/\/vocesparalelas.com.ar\/sitio\/wp-json\/wp\/v2\/posts\/47923","targetHints":{"allow":["GET"]}}],"collection":[{"href":"https:\/\/vocesparalelas.com.ar\/sitio\/wp-json\/wp\/v2\/posts"}],"about":[{"href":"https:\/\/vocesparalelas.com.ar\/sitio\/wp-json\/wp\/v2\/types\/post"}],"author":[{"embeddable":true,"href":"https:\/\/vocesparalelas.com.ar\/sitio\/wp-json\/wp\/v2\/users\/3"}],"replies":[{"embeddable":true,"href":"https:\/\/vocesparalelas.com.ar\/sitio\/wp-json\/wp\/v2\/comments?post=47923"}],"version-history":[{"count":1,"href":"https:\/\/vocesparalelas.com.ar\/sitio\/wp-json\/wp\/v2\/posts\/47923\/revisions"}],"predecessor-version":[{"id":47927,"href":"https:\/\/vocesparalelas.com.ar\/sitio\/wp-json\/wp\/v2\/posts\/47923\/revisions\/47927"}],"wp:featuredmedia":[{"embeddable":true,"href":"https:\/\/vocesparalelas.com.ar\/sitio\/wp-json\/wp\/v2\/media\/47925"}],"wp:attachment":[{"href":"https:\/\/vocesparalelas.com.ar\/sitio\/wp-json\/wp\/v2\/media?parent=47923"}],"wp:term":[{"taxonomy":"category","embeddable":true,"href":"https:\/\/vocesparalelas.com.ar\/sitio\/wp-json\/wp\/v2\/categories?post=47923"},{"taxonomy":"post_tag","embeddable":true,"href":"https:\/\/vocesparalelas.com.ar\/sitio\/wp-json\/wp\/v2\/tags?post=47923"}],"curies":[{"name":"wp","href":"https:\/\/api.w.org\/{rel}","templated":true}]}}