{"id":47918,"date":"2022-04-18T21:11:04","date_gmt":"2022-04-19T00:11:04","guid":{"rendered":"https:\/\/vocesparalelas.com.ar\/sitio\/?p=47918"},"modified":"2022-04-21T00:57:10","modified_gmt":"2022-04-21T03:57:10","slug":"se-habilito-el-link-para-corroborar-avales-de-cursos-y-actualizaciones-de-los-docentes-de-san-juan","status":"publish","type":"post","link":"https:\/\/vocesparalelas.com.ar\/sitio\/se-habilito-el-link-para-corroborar-avales-de-cursos-y-actualizaciones-de-los-docentes-de-san-juan\/","title":{"rendered":"Se habilit\u00f3 el link para corroborar avales de cursos y actualizaciones de los docentes de San Juan"},"content":{"rendered":"<p>La Subsecretar\u00eda de Planeamiento Educativo informa que est\u00e1 habilitada para consulta en el sitio web oficial del Ministerio de Educaci\u00f3n la secci\u00f3n Avales, donde se encuentran detallados los cursos, capacitaciones y actualizaciones acad\u00e9micas avaladas por el Ministerio de Educaci\u00f3n del Gobierno de San Juan.<\/p>\n<p><strong><span style=\"color: #99cc00;\">Los interesados deben acceder a:\u00a0<\/span><\/strong><\/p>\n<p><a href=\"https:\/\/educacion.sanjuan.edu.ar\/mesj\/PlaneamientoEducativo\/Avales.aspx\" target=\"_blank\" rel=\"noopener noreferrer\">https:\/\/educacion.sanjuan.edu.ar\/mesj\/PlaneamientoEducativo\/Avales.aspx<\/a><\/p>\n","protected":false},"excerpt":{"rendered":"<p>La Subsecretar\u00eda de Planeamiento Educativo informa que est\u00e1 habilitada para consulta en el sitio web oficial del Ministerio de Educaci\u00f3n<\/p>\n","protected":false},"author":3,"featured_media":35071,"comment_status":"closed","ping_status":"closed","sticky":false,"template":"","format":"standard","meta":{"_acf_changed":false,"_seopress_robots_primary_cat":"none","_seopress_titles_title":"","_seopress_titles_desc":"","_seopress_robots_index":"","colormag_page_container_layout":"default_layout","colormag_page_sidebar_layout":"default_layout","footnotes":""},"categories":[5],"tags":[],"class_list":["post-47918","post","type-post","status-publish","format-standard","has-post-thumbnail","hentry","category-ofrecimientos"],"acf":[],"_links":{"self":[{"href":"https:\/\/vocesparalelas.com.ar\/sitio\/wp-json\/wp\/v2\/posts\/47918","targetHints":{"allow":["GET"]}}],"collection":[{"href":"https:\/\/vocesparalelas.com.ar\/sitio\/wp-json\/wp\/v2\/posts"}],"about":[{"href":"https:\/\/vocesparalelas.com.ar\/sitio\/wp-json\/wp\/v2\/types\/post"}],"author":[{"embeddable":true,"href":"https:\/\/vocesparalelas.com.ar\/sitio\/wp-json\/wp\/v2\/users\/3"}],"replies":[{"embeddable":true,"href":"https:\/\/vocesparalelas.com.ar\/sitio\/wp-json\/wp\/v2\/comments?post=47918"}],"version-history":[{"count":1,"href":"https:\/\/vocesparalelas.com.ar\/sitio\/wp-json\/wp\/v2\/posts\/47918\/revisions"}],"predecessor-version":[{"id":47920,"href":"https:\/\/vocesparalelas.com.ar\/sitio\/wp-json\/wp\/v2\/posts\/47918\/revisions\/47920"}],"wp:featuredmedia":[{"embeddable":true,"href":"https:\/\/vocesparalelas.com.ar\/sitio\/wp-json\/wp\/v2\/media\/35071"}],"wp:attachment":[{"href":"https:\/\/vocesparalelas.com.ar\/sitio\/wp-json\/wp\/v2\/media?parent=47918"}],"wp:term":[{"taxonomy":"category","embeddable":true,"href":"https:\/\/vocesparalelas.com.ar\/sitio\/wp-json\/wp\/v2\/categories?post=47918"},{"taxonomy":"post_tag","embeddable":true,"href":"https:\/\/vocesparalelas.com.ar\/sitio\/wp-json\/wp\/v2\/tags?post=47918"}],"curies":[{"name":"wp","href":"https:\/\/api.w.org\/{rel}","templated":true}]}}