{"id":47905,"date":"2022-04-18T18:45:54","date_gmt":"2022-04-18T21:45:54","guid":{"rendered":"https:\/\/vocesparalelas.com.ar\/sitio\/?p=47905"},"modified":"2022-04-21T01:40:36","modified_gmt":"2022-04-21T04:40:36","slug":"san-juan-sede-del-la-reunion-del-codfaun","status":"publish","type":"post","link":"https:\/\/vocesparalelas.com.ar\/sitio\/san-juan-sede-del-la-reunion-del-codfaun\/","title":{"rendered":"San Juan sede del la reuni\u00f3n del CODFAUN"},"content":{"rendered":"<p>El Mi\u00e9rcoles, 20 de Abril, la Provincia de San Juan es sede de una nueva reuni\u00f3n del Consejo de Decanos de Arquitectura de las Universidades Nacionales de Argentina &#8211; CODFAUN &#8211; siendo anfitriona la Facultad de Arquitectura, Urbanismo y Dise\u00f1o de la Universidad Nacional de San Juan.<\/p>\n<p><span style=\"color: #339966;\"><strong>Cronograma<\/strong><\/span><\/p>\n<p><strong><span style=\"color: #339966;\">\u00a0Mi\u00e9rcoles, 20 de Abril de 2022<\/span><\/strong><\/p>\n<p><strong><span style=\"color: #339966;\">En el Sal\u00f3n Hotel Del Bono Park<\/span><\/strong><\/p>\n<ul>\n<li><strong>\u00a0<\/strong><strong><em>9:00 horas &#8211;<\/em><\/strong><em>\u00a0<\/em>Recepci\u00f3n por parte de las autoridades de la FAUD\/UNSJ.<\/li>\n<li><strong><em>9:30 horas &#8211;\u00a0<\/em><\/strong>Aprobaci\u00f3n del acta de la reuni\u00f3n anterior del 25 de Noviembre de 2021. Informe de lo actuado por la Mesa Ejecutiva. Exposici\u00f3n por parte de la Asesor\u00eda T\u00e9cnica del CIN<\/li>\n<\/ul>\n<p><span style=\"color: #339966;\"><strong>En la Facultad de Arquitectura, Urbanismo y Dise\u00f1o<\/strong><\/span><\/p>\n<ul>\n<li><em>\u00a0<\/em>16:00 a 20:00 horas &#8211; Trabajo en Comisi\u00f3n junto a los Secretarios Acad\u00e9micos<\/li>\n<li>Otros Temas<\/li>\n<li>Cierre<\/li>\n<\/ul>\n<p><span style=\"color: #339966;\"><strong>Jueves, 21 de Abril de 2022<\/strong><\/span><\/p>\n<ul>\n<li>Trabajo de la Comisi\u00f3n Para la Revisi\u00f3n de los Est\u00e1ndares de la Carrera.<\/li>\n<\/ul>\n<p><span style=\"color: #339966;\"><strong>Viernes, 22 de Abril de 2022<\/strong><\/span><\/p>\n<ul>\n<li>Trabajo de la Comisi\u00f3n para la Revisi\u00f3n de los Est\u00e1ndares de la Carrera<\/li>\n<li>Elevaci\u00f3n de un documento con lo hasta ah\u00ed acordado<\/li>\n<\/ul>\n<p><span style=\"color: #339966;\"><strong>\u00bfQu\u00e9 es el CODFAUN?<\/strong><\/span><\/p>\n<p>El CODFAUN est\u00e1 integrado actualmente por 10 universidades nacionales: Universidad de Buenos Aires, Universidad Nacional de La Plata, Universidad Nacional de Avellaneda, Universidad Nacional de Mar del Plata, Universidad Nacional de Rosario, Universidad Nacional de C\u00f3rdoba, Universidad Nacional de San Juan, Universidad Nacional de Tucum\u00e1n, Universidad Nacional del Litoral y la Universidad Nacional de Nordeste.<\/p>\n<p>Justamente la UNL fue la sede donde fue creado CODFAUN en julio de 1986, considerado entonces uno de los acontecimientos acad\u00e9micos relativos al campo de la arquitectura y el urbanismo m\u00e1s importantes que tuvo lugar en esos a\u00f1os. CODFAUN tuvo una intensa tarea para establecer formatos comunes en los objetivos, contenidos y cargas horarias que deb\u00edan tener los planes de estudio, generando el documento que sirvi\u00f3 de base para la resoluci\u00f3n del Ministerio de Educaci\u00f3n que estableci\u00f3 los est\u00e1ndares para la acreditaci\u00f3n de las carreras de arquitectura.<\/p>\n<p><img loading=\"lazy\" decoding=\"async\" class=\"alignnone size-full wp-image-43789\" src=\"https:\/\/vocesparalelas.com.ar\/sitio\/wp-content\/uploads\/2021\/11\/FAUD-LOGO-NUEVO.jpg\" alt=\"\" width=\"800\" height=\"533\" srcset=\"https:\/\/vocesparalelas.com.ar\/sitio\/wp-content\/uploads\/2021\/11\/FAUD-LOGO-NUEVO.jpg 800w, https:\/\/vocesparalelas.com.ar\/sitio\/wp-content\/uploads\/2021\/11\/FAUD-LOGO-NUEVO-300x200.jpg 300w, https:\/\/vocesparalelas.com.ar\/sitio\/wp-content\/uploads\/2021\/11\/FAUD-LOGO-NUEVO-768x512.jpg 768w\" sizes=\"auto, (max-width: 800px) 100vw, 800px\" \/><\/p>\n<p>&nbsp;<\/p>\n<p>&nbsp;<\/p>\n<p>&nbsp;<\/p>\n","protected":false},"excerpt":{"rendered":"<p>El Mi\u00e9rcoles, 20 de Abril, la Provincia de San Juan es sede de una nueva reuni\u00f3n del Consejo de Decanos<\/p>\n","protected":false},"author":3,"featured_media":47907,"comment_status":"closed","ping_status":"closed","sticky":false,"template":"","format":"standard","meta":{"_acf_changed":false,"_seopress_robots_primary_cat":"none","_seopress_titles_title":"","_seopress_titles_desc":"","_seopress_robots_index":"","colormag_page_container_layout":"default_layout","colormag_page_sidebar_layout":"default_layout","footnotes":""},"categories":[6],"tags":[],"class_list":["post-47905","post","type-post","status-publish","format-standard","has-post-thumbnail","hentry","category-eventos"],"acf":[],"_links":{"self":[{"href":"https:\/\/vocesparalelas.com.ar\/sitio\/wp-json\/wp\/v2\/posts\/47905","targetHints":{"allow":["GET"]}}],"collection":[{"href":"https:\/\/vocesparalelas.com.ar\/sitio\/wp-json\/wp\/v2\/posts"}],"about":[{"href":"https:\/\/vocesparalelas.com.ar\/sitio\/wp-json\/wp\/v2\/types\/post"}],"author":[{"embeddable":true,"href":"https:\/\/vocesparalelas.com.ar\/sitio\/wp-json\/wp\/v2\/users\/3"}],"replies":[{"embeddable":true,"href":"https:\/\/vocesparalelas.com.ar\/sitio\/wp-json\/wp\/v2\/comments?post=47905"}],"version-history":[{"count":1,"href":"https:\/\/vocesparalelas.com.ar\/sitio\/wp-json\/wp\/v2\/posts\/47905\/revisions"}],"predecessor-version":[{"id":47908,"href":"https:\/\/vocesparalelas.com.ar\/sitio\/wp-json\/wp\/v2\/posts\/47905\/revisions\/47908"}],"wp:featuredmedia":[{"embeddable":true,"href":"https:\/\/vocesparalelas.com.ar\/sitio\/wp-json\/wp\/v2\/media\/47907"}],"wp:attachment":[{"href":"https:\/\/vocesparalelas.com.ar\/sitio\/wp-json\/wp\/v2\/media?parent=47905"}],"wp:term":[{"taxonomy":"category","embeddable":true,"href":"https:\/\/vocesparalelas.com.ar\/sitio\/wp-json\/wp\/v2\/categories?post=47905"},{"taxonomy":"post_tag","embeddable":true,"href":"https:\/\/vocesparalelas.com.ar\/sitio\/wp-json\/wp\/v2\/tags?post=47905"}],"curies":[{"name":"wp","href":"https:\/\/api.w.org\/{rel}","templated":true}]}}