{"id":47879,"date":"2022-04-16T18:47:54","date_gmt":"2022-04-16T21:47:54","guid":{"rendered":"https:\/\/vocesparalelas.com.ar\/sitio\/?p=47879"},"modified":"2022-04-16T22:39:43","modified_gmt":"2022-04-17T01:39:43","slug":"solicitaron-informe-sobre-la-aplicacion-de-las-leyes-2190-l-y-2005-l-en-san-juan","status":"publish","type":"post","link":"https:\/\/vocesparalelas.com.ar\/sitio\/solicitaron-informe-sobre-la-aplicacion-de-las-leyes-2190-l-y-2005-l-en-san-juan\/","title":{"rendered":"Solicitaron informe sobre la aplicaci\u00f3n de las Leyes 2190-L y 2005-L en San Juan"},"content":{"rendered":"<div class=\"itemFullText jbintrotext\">\n<p>Tras el cuarto intermedio producido luego de la presentaci\u00f3n del Mensaje Anual del gobernador de San Juan, Dr. Sergio U\u00f1ac el Viernes, 1 de Abril, fue reanudada la Primera Sesi\u00f3n del Periodo Ordinario 2022 en cuyo transcurso aprobaron un proyecto de comunicaci\u00f3n de autor\u00eda del diputado Dr. Edgardo Sancassani que solicita a la Secretar\u00eda de Ambiente y Desarrollo Sustentable un informe sobre la aplicaci\u00f3n de las Leyes de Tenencia Responsable de Perros Potencialmente Peligrosos; y del R\u00e9gimen de Protecci\u00f3n, Bienestar y Tenencia Responsable de los Animales de Compa\u00f1\u00eda, y la adhesi\u00f3n a las mismas de los municipios de la provincia de San Juan.<\/p>\n<\/div>\n<div class=\"itemFullText\">\n<p>Asimismo, designaron a las autoridades del Poder Legislativo; conformaron las Salas Acusadora y Juzgadora; eligieron a los legisladores representantes de la C\u00e1mara ante Ente Provincial Regulador de la Electricidad (EPRE); y otorgaron acuerdo a las versiones taquigr\u00e1ficas de las \u00faltimas sesiones.<\/p>\n<p>Tambi\u00e9n, aceptaron la renuncia al cargo de Juez de Paz Letrado, presentada por Pedro Rodolfo Rizo; y declararon de inter\u00e9s el \u00abXXII Festival del Lazo, Doma y Folclore\u00bb y el \u201cAscenso a las Sierras Azules en Semana Santa\u201d<\/p>\n<p>Por otro lado, ingresaron a sus respectivas comisiones para su tratamiento, catorce comunicaciones oficiales, nueve comunicaciones particulares; y sesenta y cuatro proyectos de Ley, siete de proyectos de Resoluci\u00f3n, cuatro de Comunicaci\u00f3n y uno de Declaraci\u00f3n presentados por los diferentes bloques que forman parte de la Legislatura.<\/p>\n<p>La sesi\u00f3n estuvo encabezada de forma alternada por el vicegobernador y presidente nato de la C\u00e1mara de Diputados, CPN Roberto Gattoni, y el vicepresidente primero, diputado Eduardo Cabello. Acompa\u00f1aron los secretarios Administrativo, Roberto Iglesias, y Legislativo, Nicol\u00e1s Alvo.<\/p>\n<p><span style=\"color: #800080;\"><strong>Pedido de informe s<\/strong><strong>obre la aplicaci\u00f3n de las Leyes 2190-L y 2005-L<\/strong><\/span><\/p>\n<p>La C\u00e1mara de Diputados aprob\u00f3 sobre tablas un proyecto de Comunicaci\u00f3n que solicita un informe sobre la aplicaci\u00f3n de las Leyes 2190-L (Tenencia Responsable de Perros Potencialmente Peligrosos); y 2005-L (R\u00e9gimen de protecci\u00f3n, bienestar y tenencia responsable de los animales de compa\u00f1\u00eda), y la adhesi\u00f3n a las mismas de los Municipios de la provincia de San Juan. En la ocasi\u00f3n, habl\u00f3 el diputado Edgardo Sancassani, autor del proyecto, quien se\u00f1al\u00f3 que esto se debe a las situaciones irremediables y cruentas causadas por la acci\u00f3n agresiva de perros peligrosos y que a\u00fan continuaron sucediendo en la Provincia de San Juan.<\/p>\n<p>En este sentido, sostuvo que tiene por objeto obtener la debida informaci\u00f3n en relaci\u00f3n a las leyes antes mencionadas y en virtud de los art\u00edculos 15\u00b0 y 16\u00b0 &#8211; CAP\u00cdTULO II- DE LOS DERECHOS INDIVIDUALES- DE LA CONSTITUCI\u00d3N PROVINCIAL -.<\/p>\n<p>Por ello, solicit\u00f3 a la autoridad de Aplicaci\u00f3n, la Secretar\u00eda de Ambiente y Desarrollo Sustentable dependiente del Poder Ejecutivo Provincial: Informe sobre los Municipios que han adherido a las Leyes 2190 -L y 2216-E, y si han dictado normas complementarias a \u00e9stas con el fin de promover las pol\u00edticas integradas destinadas a la consecuci\u00f3n y obtenci\u00f3n de sus objetivos.<\/p>\n<p><span style=\"color: #800080;\"><strong>Designaci\u00f3n de autoridades<\/strong><\/span><\/p>\n<p>El cuerpo legislativo eligi\u00f3 las autoridades del Poder Legislativo conforme al art\u00edculo 5\u00ba del Reglamento Interno y Ley N\u00ba 501-E. Para ello, el diputado Juan Carlos Abarca propuso para el cargo de vicepresidente primero al legislador Eduardo Cabello. Para la vicepresidencia segunda, el diputado Sergio Miodowsky postul\u00f3 al legislador Carlos Platero; y para la vicepresidencia alterna, el legislador Mauro Marinero propuso al diputado Edgardo Sancassani.<\/p>\n<p>Las tres mociones fueron aprobadas por unanimidad mediante votaci\u00f3n nominal. Seguidamente, cada uno de los vicepresidentes prestaron juramento reglamentario correspondiente.<\/p>\n<p><span style=\"color: #800080;\"><strong>Sala Acusadora y Sala Juzgadora<\/strong><\/span><\/p>\n<p>Luego, el secretario Legislativo realiz\u00f3 el sorteo, a trav\u00e9s de un bolillero, para la conformaci\u00f3n de las dos salas encargadas de la tramitaci\u00f3n del Juicio Pol\u00edtico de acuerdo a lo establecido en el art\u00edculo 220\u00ba de la Constituci\u00f3n provincial. De esta manera, la Sala Acusadora qued\u00f3 compuesta por los siguientes legisladores: Francisco Berenguer, Eduardo Cabello, Rub\u00e9n Carri\u00f3n, Leonardo Gioja, Federico Hensel, Carlos Jaime Quiroga, Mauro Marinero, Enrique Monta\u00f1o, Marcela Monti, Fernanda Paredes, Nancy Pic\u00f3n, Marcela Quiroga, Celina Ramella, Gustavo Rodr\u00edguez, Mario Romero, Edgardo Sancassani, Graciela Seva, y Gustavo Us\u00edn.<\/p>\n<p>En cuanto a la Sala Juzgadora, qued\u00f3 integrada por los siguientes diputados: Juan Carlos Abarca, Silvio Atencio, Jorge Barifusa, Andr\u00e9s Chanampa, Juan Jos\u00e9 Chica, Enzo Cornejo, Jos\u00e9 Luis Esteve, Juan Carlos Gioja, Rodolfo Jalife, Andr\u00e9s Mallea, Sergio Miodowsky, Miguel N\u00fa\u00f1ez, Sim\u00f3n Ortiz, Florencia Pe\u00f1aloza, Carlos Platero, Horacio Quiroga, Juan Manuel Roca, Miguel S\u00e1nchez.<\/p>\n<p>Acto seguido, el vicepresidente primero procedi\u00f3 a tomarles juramento reglamentario a los integrantes de ambas salas. Despu\u00e9s, el diputado Juan Carlos Abarca hizo moci\u00f3n para realizar un cuarto intermedio para la elegir a los titulares de las salas y los cinco miembros de la Comisi\u00f3n Investigadora que tiene por objeto investigar la verdad de los hechos en que se funda la acusaci\u00f3n, teniendo para ese efecto, las m\u00e1s amplias facultades.<\/p>\n<p>Una vez restablecida la sesi\u00f3n, la Marcela Monti anunci\u00f3 que la sala Acusadora ser\u00e1 presidida por la legisladora Celina Ramella y que la Comisi\u00f3n Investigadora qued\u00f3 constituida por las diputadas Fernanda Paredes, Nancy Pic\u00f3n, Graciela Seva y los legisladores Gustavo Rodr\u00edguez y Eduardo Cabello. Despu\u00e9s, el diputado Jos\u00e9 Luis Esteve inform\u00f3 que el diputado Juan Carlos Abarca ser\u00e1 el titular de la sala Juzgadora.<\/p>\n<p>A continuaci\u00f3n, el vicepresidente primero de la C\u00e1mara tom\u00f3 juramento de forma a los secretarios Legislativo y Administrativo.<\/p>\n<p><span style=\"color: #800080;\"><strong>Designaci\u00f3n de representantes del EPRE<\/strong><\/span><\/p>\n<p>Despu\u00e9s, la C\u00e1mara design\u00f3 a quienes representar\u00e1n a este Poder Legislativo ante las audiencias p\u00fablicas que sean convocadas por el EPRE. En este sentido, el diputado Juan Carlos Abarca comunic\u00f3 que los diputados Jorge Barifusa y Jos\u00e9 Luis Esteve ser\u00e1n los integrantes titulares y Juan Manuel Roca ser\u00e1 el miembro suplente.<\/p>\n<p><span style=\"color: #800080;\"><strong>Versiones taquigr\u00e1ficas<\/strong><\/span><\/p>\n<p>M\u00e1s tarde, los diputados y diputadas aprobaron la versi\u00f3n taquigr\u00e1fica correspondiente a la 18\u00ba Sesi\u00f3n Ordinaria de 23 de diciembre de 2021; 1\u00ba Sesi\u00f3n Extraordinaria de 21 de enero de 2022; 2\u00ba Sesi\u00f3n Extraordinaria de 16 de febrero de 2022; y Sesi\u00f3n Preparatoria de 23 de marzo de 2022.<\/p>\n<p><span style=\"color: #800080;\"><strong>Renuncia al cargo de Juez<\/strong><\/span><\/p>\n<p>Posteriormente, sobre tablas, los legisladores y legisladoras aceptaron la renuncia de Pedro Rodolfo Rizo titular del cargo de Juez de Paz del Juzgado de Albard\u00f3n.<\/p>\n<p><span style=\"color: #800080;\"><strong>Resoluciones<\/strong><\/span><\/p>\n<p>Por \u00faltimo, el cuerpo legislativo resolvi\u00f3, sobre tablas, declarar de inter\u00e9s:<\/p>\n<ul>\n<li>\u201cSocial, Cultural, Recreativo y Tur\u00edstico\u201d al \u00abXXII FESTIVAL DEL LAZO, DOMA Y FOLCLORE ENCUENTRO SOCIO CULTURAL a realizarse los d\u00edas 15 y 16 de abril en Tudcum, en el Departamento de Iglesia San Juan, organizado por la \u00abAgrupaci\u00f3n Gaucha Arriero de los Andes y Municipalidad de Iglesia. (Diputado Mauro Marinero)<\/li>\n<li>\u201cCultural, Social y Religioso\u201d, el Ascenso a las Sierras Azules en Semana Santa. (Diputado Edgardo Sancassani)<\/li>\n<\/ul>\n<p><strong><span style=\"color: #800080;\">Proyectos que ser\u00e1n girados a las Comisiones<\/span><\/strong><\/p>\n<p>La C\u00e1mara de Diputados envi\u00f3 para estudio y an\u00e1lisis de las respectivas comisiones, los siguientes proyectos de Ley remitidos por el Poder Ejecutivo que proponen:<\/p>\n<ul>\n<li>Aprobar el convenio espec\u00edfico suscripto entre la Secretar\u00eda de Pol\u00edticas Integrales sobre Drogas de la Naci\u00f3n (SEDRONAR) y el Ministerio de Desarrollo Humano y Promoci\u00f3n Social de la provincia de San Juan. (Comisiones: Legislaci\u00f3n y Asuntos Constitucionales; Hacienda y Presupuesto; y Salud y Deporte).<\/li>\n<li>Ratificar el convenio de adhesi\u00f3n celebrado entre el Ministerio de Educaci\u00f3n de la Naci\u00f3n y el Ministerio de Educaci\u00f3n de la Provincia de San Juan, por el que se acuerda la ejecuci\u00f3n del Proyecto de Mejoramiento de la Infraestructura Escolar Vuelta al Aula. (Comisiones: Legislaci\u00f3n y Asuntos Constitucionales; Hacienda y Presupuesto; y Educaci\u00f3n, Cultura, Ciencia y T\u00e9cnica).<\/li>\n<li>Aprobar el acta acuerdo de colaboraci\u00f3n del Cluster Renovable Nacional, suscripto entre el Poder Ejecutivo Nacional y las Provincias de La Rioja, Mendoza, Neuqu\u00e9n, R\u00edo Negro, Catamarca y San Juan. (Comisiones: Legislaci\u00f3n y Asuntos Constitucionales; Educaci\u00f3n, Cultura, Ciencia y T\u00e9cnica; y Obras y Servicios P\u00fablicos).<\/li>\n<li>Ratificar el convenio celebrado entre la Secretar\u00eda de Abordaje Integral del Ministerio de Desarrollo Social de la Naci\u00f3n y el Ministerio de Desarrollo Humano y Promoci\u00f3n social de la Provincia. (Comisiones: Legislaci\u00f3n y Asuntos Constitucionales; y Hacienda y Presupuesto).<\/li>\n<li>Aprobar el convenio de cooperaci\u00f3n y el convenio espec\u00edfico y Anexo I Compromiso de Gesti\u00f3n, suscriptos entre el Instituto Nacional del C\u00e1ncer y la provincia de San Juan. (Comisiones: Legislaci\u00f3n y Asuntos Constitucionales; y Salud y Deporte).<\/li>\n<li>Ratificar el Convenio Espec\u00edfico de Co-Ejecuci\u00f3n Programa Nacional Relevamiento Territorial de Comunidades Ind\u00edgenas Ley Nacional N\u00ba 26.160\/ Prorroga Leyes Nacionales N\u00b0 26.554\/26.894\/27.400; celebrado entre el Instituto Nacional de Asuntos Ind\u00edgenas \u00abINAI\u00bb y el Ministerio de Desarrollo Humano y Promoci\u00f3n Social de la Provincia de San Juan. (Comisiones: Legislaci\u00f3n y Asuntos Constitucionales; y Obras y Servicios P\u00fablicos).<\/li>\n<li>Presentar Informaci\u00f3n relativa a las Proyecciones de Presupuestos Plurianuales de la Provincia de San Juan para el siguiente trienio. (Comisi\u00f3n: Hacienda y Presupuesto).<\/li>\n<li>Aprobar el CONTRATO DE LICENCIA CURSO MCCR, suscripto entre la provincia de San Juan, Yissum Compa\u00f1\u00eda de Desarrollo de Investigaci\u00f3n de la Universidad Hebrea de Jerusalem LTD., y Hadasit Servicios de Investigaci\u00f3n y Desarrollo M\u00e9dico LTD. (Comisiones: Legislaci\u00f3n y Asuntos Constitucionales; y Educaci\u00f3n, Cultura, Ciencia y T\u00e9cnica).<\/li>\n<li>Ratificar el Convenio N\u00b0 152\/2021 \u00abConvenio entre el Ministerio de Agricultura, Ganader\u00eda y Pesca y la Provincia de San Juan, Para Implementar Medidas de Apoyo a la Emergencia en el Marco de la Ley N\u00b0 26.509\u00bb, y sus Anexos I, II y III, suscripto entre el Ministerio de Agricultura, Ganader\u00eda y Pesca de la Naci\u00f3n y la Provincia de San Juan. (Comisiones: Legislaci\u00f3n y Asuntos Constitucionales; y Hacienda y Presupuesto).<\/li>\n<li>Ratificar el Acta Compromiso, su Anexo A y SubAnexo 1, celebrado entre la provincia de San Juan y la empresa minera Andina del Sol S.R.L. (Comisiones: Legislaci\u00f3n y Asuntos Constitucionales; y Justicia y Seguridad).<\/li>\n<\/ul>\n<p>Asimismo, enviaron a comisiones para su tratamiento las siguientes Comunicaciones Oficiales:<\/p>\n<ul>\n<li>Nota presentada por Interbloque (Con Vos, PRO Juntos por el Cambio y Producci\u00f3n y Trabajo) por la que solicitan al Presidente de la C\u00e1mara que exija a las Comisiones de LAC y de Justicia y Seguridad que traten el expediente N\u00ba 195-2021. (A conocimiento).<\/li>\n<li>Nota remitida por el E.P.R.E. por la que remite copia autenticada de Resoluci\u00f3n N\u00ba 60\/22. (A conocimiento).<\/li>\n<li>Nota remitida por el Tribunal de Cuentas de la Provincia por la que acompa\u00f1a el Protocolo de Actas A\u00f1o 2021. (Comisi\u00f3n: Hacienda y Presupuesto).<\/li>\n<\/ul>\n<p>Tambi\u00e9n, fueron girados a sus respectivas comisiones las siguientes comunicaciones particulares:<\/p>\n<ul>\n<li>Nota presentada por varias personas por las que manifiestan su necesidad habitacional. (A conocimiento).<\/li>\n<li>Nota presentada por un grupo de personas autodenominadas \u00abGrupo Sarmiento\u00bb, por la que proponen una alianza entre la miner\u00eda y el agua, en proyecto de ley. (A conocimiento).<\/li>\n<li>Nota presentada por Noelia \u00c1vila, por la que solicita que se declare de inter\u00e9s el proceso de realizaci\u00f3n y obra del documental \u00abEmar Acosta, Dra. tiene la palabra\u00bb. (A conocimiento).<\/li>\n<li>Nota presentada por la Fundaci\u00f3n Arte M\u00f3vil por la que expresa su agradecimiento a la C\u00e1mara de Diputados de la Provincia. (A conocimiento).<\/li>\n<li>Nota presentada por el Sr. Luis Ovalles por la que solicita que se declare de inter\u00e9s el libro \u00abLa identidad t\u00e9cnica en las instituciones escolares\u00bb. (A sus antecedentes).<\/li>\n<li>Notas presentadas por los directores de comit\u00e9 organizador del Congreso Nacional de Estudiantes de Ingenier\u00eda Civil por el que solicita se declare de inter\u00e9s provincial al XIV Congreso Nacional de Estudiantes de Ingenier\u00eda Civil (CONEIC XIV). (A conocimiento).<\/li>\n<li>Nota presentada por la Asociaci\u00f3n Civil Ruta del Algarrobo, Sabores, Aromas, Colores &#8211; ARASAC, por la que presentan un proyecto de rescate y preservaci\u00f3n de la Quebrada de las Piedras Pintadas, Distrito San Isidro, Departamento San Mart\u00edn. (A conocimiento).<\/li>\n<li>Nota presentada por el VGM Leandro Neri Caballero por la que solicita que la provincia de San Juan se adhiera al Decreto Nacional N\u00ba 1244\/98. (A conocimiento).<\/li>\n<li>Nota presentada por la Organizaci\u00f3n Mujeres y G\u00e9neros por la que solicita soluciones a requerimientos. (A conocimiento).<\/li>\n<\/ul>\n<p><span style=\"color: #800080;\"><strong>Proyectos Presentados<\/strong><\/span><\/p>\n<p>Por otro lado, el cuerpo parlamentario envi\u00f3 a las respectivas comisiones los proyectos de Ley presentados por los diferentes bloques que proponen:<\/p>\n<ul>\n<li>Adherir a la Ley Nacional N\u00ba 23184, sobre espect\u00e1culos deportivos, violencia, r\u00e9gimen penal y contravencional. (Autor\u00eda: bloque Bloquista. Comisiones: Legislaci\u00f3n y Asuntos Constitucionales; y Justicia y Seguridad).<\/li>\n<li>Regular el debate p\u00fablico obligatorio de los candidatos a gobernadores de la Provincia de San Juan. (Autor\u00eda: bloque Bloquista. Comisiones:\u00a0 Legislaci\u00f3n y Asuntos Constitucionales; y Justicia y Seguridad; Peticiones y Poderes).<\/li>\n<li>Adherir a la Ley Nacional N\u00ba 27.130, sobre prevenci\u00f3n del suicidio. (Autor\u00eda:\u00a0 bloque Bloquista. Comisiones:\u00a0 Legislaci\u00f3n y Asuntos Constitucionales; Derechos Humanos y Garant\u00edas; y Familia y Desarrollo Humano).<\/li>\n<li>Modificar la Ley N\u00ba 1100-E, Ley Org\u00e1nica del Tribunal de Cuentas. (Autor\u00eda: bloque bloquista. Comisiones: Legislaci\u00f3n y Asuntos Constitucionales; Justicia y Seguridad; y Hacienda y Presupuesto).<\/li>\n<li>Abrogar la Ley N\u00ba 838-E y restablece la vigencia de la Ley N\u00ba 742-E referida al Concejo de la Magistratura. (Autor\u00eda: bloque Bloquista. Comisiones: Legislaci\u00f3n y Asuntos Constitucionales; Justicia y Seguridad).<\/li>\n<li>Regular el uso y expendio de antibi\u00f3ticos. (Autor\u00eda: bloque Justicialista. Comisiones: Legislaci\u00f3n y Asuntos Constitucionales; Salud y Deporte).<\/li>\n<li>Disponer y regular la instalaci\u00f3n de videoc\u00e1maras en jardines maternales, guarder\u00edas, geri\u00e1tricos, centros de cuidados, casas de reposo y rehabilitaci\u00f3n de personas en condici\u00f3n de discapacidad. (Autor\u00eda: bloque Justicialista. Comisiones: Legislaci\u00f3n y Asuntos Constitucionales; Familia y Desarrollo Humano; Justicia y Seguridad).<\/li>\n<li>Regular actividad de cosmetolog\u00eda. (Autor\u00eda: bloque Justicialista. Comisiones: Legislaci\u00f3n y Asuntos Constitucionales; Salud y Deporte).<\/li>\n<li>Constituir el Consejo de Profesionales del Ambiente de la Provincia de San Juan. (Autor\u00eda: bloque Justicialista. Comisiones: Legislaci\u00f3n y Asuntos Constitucionales; y Turismo, Ambiente y Desarrollo Sostenible).<\/li>\n<li>Crear la figura del \u201cAbogado del Ni\u00f1o\u201d. (Autor\u00eda: bloque Justicialista. Comisiones: Legislaci\u00f3n y Asuntos Constitucionales; Justicia y Seguridad; Familia y Desarrollo Humano; y Derechos Humanos y Garant\u00edas).<\/li>\n<li>Crear Registro de Infractores a la Ley N\u00ba 989-E sobre prevenci\u00f3n y sanci\u00f3n de la violencia en el \u00e1mbito familiar y Ley Nacional N\u00ba 26485. (Autor\u00eda: bloque Justicialista. Comisiones: Legislaci\u00f3n y Asuntos Constitucionales; Justicia y Seguridad; Derechos Humanos y Garant\u00edas).<\/li>\n<li>Modificar la Ley N\u00ba 536-A, sobre licencias de la administraci\u00f3n p\u00fablica provincial. (Autor\u00eda: bloque Justicialista. Comisiones: Legislaci\u00f3n y Asuntos Constitucionales; Justicia y Seguridad; y Familia y Desarrollo Humano).<\/li>\n<li>Modificar la Ley N\u00ba 533-H, sobre licencias del personal docente. (Autor\u00eda: bloque Justicialista. Comisiones: Legislaci\u00f3n y Asuntos Constitucionales; Educaci\u00f3n, Cultura, Ciencia y T\u00e9cnica; Familia y Desarrollo Humano; y Hacienda y Presupuesto).<\/li>\n<li>Declarar al a\u00f1o 2023 como \u00ab40\u00ba aniversario de la democracia ininterrumpida en la Rep\u00fablica Argentina\u00bb. (Autor\u00eda: bloque Justicialista. Comisiones: Legislaci\u00f3n y Asuntos Constitucionales; y Educaci\u00f3n, Cultura, Ciencia y T\u00e9cnica).<\/li>\n<li>Crear el programa de acceso integral a la detecci\u00f3n, diagn\u00f3stico, control, tratamiento, f\u00e1rmacos, terapia de apoyo, capacitaci\u00f3n profesional y concientizaci\u00f3n para el abordaje de la endometriosis. (Autor\u00eda: bloque Producci\u00f3n y Trabajo.\u00a0 Comisiones: Legislaci\u00f3n y Asuntos Constitucionales; Salud y Deporte; Hacienda y Presupuesto).<\/li>\n<li>Prohibir proh\u00edbe en el \u00e1mbito provincial la comercializaci\u00f3n, manipulaci\u00f3n y venta ambulante, entre otras cosas, de artificios pirot\u00e9cnicos. (Autor\u00eda: bloque Producci\u00f3n y Trabajo. Comisiones: Legislaci\u00f3n y Asuntos Constitucionales; Econom\u00eda y Defensa al Consumidor; y Justicia y Seguridad).<\/li>\n<li>Declarar el a\u00f1o 2022 como el \u00aba\u00f1o homenaje a los ca\u00eddos y a los veteranos de Malvinas\u00bb. (Autor\u00eda: bloque PRO-Juntos por el cambio. Comisi\u00f3n: Control y Seguimiento Legislativo).<\/li>\n<li>Declarar al a\u00f1o 2022 como a\u00f1o homenaje por el conflicto de las Islas Malvinas. (Autor\u00eda: bloque Justicialista. Comisi\u00f3n: Control y Seguimiento Legislativo).<\/li>\n<li>Crear la figura del Defensor de los derechos del Ni\u00f1o, Ni\u00f1a y Adolescente. (Autor\u00eda: bloque CONFE Somos San Juan. A su antecedente).<\/li>\n<li>Regular la colocaci\u00f3n de carteler\u00eda y distribuci\u00f3n de folleter\u00eda en lugares p\u00fablicos referidas a la violencia de genero. (Autor\u00eda: bloque CONFE Somos San Juan. Comisiones: Legislaci\u00f3n y Asuntos Constitucionales; Justicia y Seguridad).<\/li>\n<li>Crear el registro \u00fanico de ni\u00f1os, ni\u00f1as y adolescentes en situaci\u00f3n de vulnerabilidad. (Autor\u00eda: bloque CONFE Somos San Juan. Comisiones: Legislaci\u00f3n y Asuntos Constitucionales; Familia y Desarrollo Humano; Derechos Humanos y Garant\u00edas.<\/li>\n<li>Adherir a la Ley Nacional N\u00ba 27306, que declara de inter\u00e9s el abordaje integral e interdisciplinario de sujetos que presentan dificultades espec\u00edficas de aprendizaje. (Autor\u00eda: bloque CONFE Somos San Juan. A sus antecedentes).<\/li>\n<li>Regular el tratamiento especial para la donaci\u00f3n de alimentos en buen estado. (Autor\u00eda: bloque CONFE Somos San Juan. Comisiones:\u00a0 Legislaci\u00f3n y Asuntos Constitucionales; y Salud y Deporte).<\/li>\n<li>Facilitar el alquiler a viviendas a mujeres con personas a cargo v\u00edctimas de violencia de g\u00e9nero. (Autor\u00eda: bloque CONFE Somos San Juan. Comisiones: Legislaci\u00f3n y Asuntos Constitucionales; Justicia y Seguridad; Derechos Humanos y Garant\u00edas).<\/li>\n<li>Modificar el art\u00edculo 53 del C\u00f3digo Procesal Civil, Comercial y Miner\u00eda de la Provincia de San Juan, Ley N\u00ba 988-O. (Autor\u00eda: bloque CONFE Somos San Juan. Comisiones: Legislaci\u00f3n y Asuntos Constitucionales; Justicia y Seguridad).<\/li>\n<li>Instituir una licencia para mujeres v\u00edctimas de violencia. (Autor\u00eda: bloque CONFE Somos San Juan. Comisiones: Legislaci\u00f3n y Asuntos Constitucionales; Justicia y Seguridad; y Derechos Humanos y Garant\u00edas).<\/li>\n<li>Crear el Plan de arraigo de los j\u00f3venes. (Autor\u00eda: bloque CONFE Somos San Juan. Comisiones: Legislaci\u00f3n y Asuntos Constitucionales; Hacienda y Presupuesto; y Familia y Desarrollo Humano).<\/li>\n<li>Campa\u00f1a de difusi\u00f3n para prevenir las intoxicaciones y accidentes producidos por emisi\u00f3n de mon\u00f3xido de carbono. (Autor\u00eda: bloque CONFE Somos San Juan. Comisiones: Legislaci\u00f3n y Asuntos Constitucionales; Educaci\u00f3n, Cultura, Ciencia y T\u00e9cnica; Obras y Servicios P\u00fablicos).<\/li>\n<li>Crear Bancos de leche materna humana pasteurizada en establecimientos asistenciales. (Autor\u00eda: bloque CONFE Somos San Juan. Comisiones: Legislaci\u00f3n y Asuntos Constitucionales; Familia y Desarrollo Humano; y Salud y Deporte).<\/li>\n<li>Incorporar la ense\u00f1anza en educaci\u00f3n financiera a la estructura curricular obligatoria del nivel secundario. (Autor\u00eda: bloque PRO-Juntos por el cambio. Comisiones: Legislaci\u00f3n y Asuntos Constitucionales; Educaci\u00f3n, Cultura, Ciencia y T\u00e9cnica;<\/li>\n<li>Promover el derecho de acceso a la salud de las personas con albinismo. (Autor\u00eda: bloque Justicialista. Comisiones: Legislaci\u00f3n y Asuntos Constitucionales; Salud y Deporte).<\/li>\n<li>Establecer el Plan Maestro Estrat\u00e9gico de gesti\u00f3n Integrada de Recursos H\u00eddricos. (Autor\u00eda: Interbloque Actuar, Producci\u00f3n y Trabajo y Pro- Juntos por el Cambio. Comisiones: Legislaci\u00f3n y Asuntos Constitucionales; Turismo, Ambiente y Desarrollo Sostenible; Miner\u00eda; y Hacienda y Presupuesto).<\/li>\n<li>Establecer cupo habitacional para personas trasplantadas o en lista de espera. (Autor\u00eda: bloque Justicialista. Comisiones: Legislaci\u00f3n y Asuntos Constitucionales; Salud y Deporte; Obra y Servicios P\u00fablicos).<\/li>\n<li>Establecer regulaci\u00f3n de los jardines maternales. (Autor\u00eda: bloque Justicialista. Comisiones: Legislaci\u00f3n y Asuntos Constitucionales; y Educaci\u00f3n, Cultura, Ciencia y T\u00e9cnica).<\/li>\n<li>Adherir a la Ley Nacional N\u00ba 27043 de abordaje integral e interdisciplinario de las personas que presentan trastornos de espectro autista (T.E.A). (Autor\u00eda: bloque Confe Somos San Juan. A su antecedente).<\/li>\n<li>Imponer el \u00abMaestro Juan Reyes Luna a la unidad de educaci\u00f3n primaria para adultos N\u00ba 14 del departamento de 25 mayo. (Autor\u00eda: bloque Justicialista. Comisiones: Legislaci\u00f3n y Asuntos Constitucionales; Educaci\u00f3n, Cultura, Ciencia y T\u00e9cnica; Peticiones y Poderes).<\/li>\n<li>Adherir a la Ley Nacional N\u00ba 27.043 que declara de inter\u00e9s nacional el abordaje integral e interdisciplinario de las personas que presentan trastornos del espectro autista (TEA). (Autor\u00eda: bloque Justicialista. A sus antecedentes).<\/li>\n<li>Crear un Registro, Centro de Contenci\u00f3n y concientizaci\u00f3n sobre cardiopat\u00edas cong\u00e9nitas. (Autor\u00eda: bloque Producci\u00f3n y Trabajo. Comisiones: Legislaci\u00f3n y Asuntos Constitucionales; Salud y Deporte).<\/li>\n<li>Adherir a la Ley Nacional N\u00ba 26835 sobre promoci\u00f3n y capacitaci\u00f3n en las t\u00e9cnicas de reanimaci\u00f3n cardiopulmonar b\u00e1sica. (Autor\u00eda: bloque Bloquista. Comisiones: Legislaci\u00f3n y Asuntos Constitucionales; Salud y Deporte; Educaci\u00f3n, Cultura, Ciencia y T\u00e9cnica).<\/li>\n<li>Garantizar la formaci\u00f3n de ni\u00f1os, ni\u00f1as y adolescentes en contra de la violencia educativa. (Autor\u00eda: bloque ConFe Somos San Juan. Comisiones: Legislaci\u00f3n y Asuntos Constitucionales; Familia y Desarrollo Humano; y Educaci\u00f3n, Cultura, Ciencia y T\u00e9cnica).<\/li>\n<li>Crear el R\u00e9gimen Integral de Promoci\u00f3n y Fomento de Econom\u00eda Social y Solidaria de la provincia de San Juan. (Autor\u00eda: bloque Lealtad. Comisiones: Legislaci\u00f3n y Asuntos Constitucionales; Econom\u00eda y Defensa del Consumidor; Hacienda y Presupuesto).<\/li>\n<li>Propender a la disminuci\u00f3n del pasivo ambiental producido por la generaci\u00f3n de residuos s\u00f3lidos urbanos. (Autor\u00eda: bloque Lealtad. Comisiones: Legislaci\u00f3n y Asuntos Constitucionales; Turismo, Ambiente y Desarrollo Sostenible; Sistema Municipal; y Hacienda y Presupuesto).<\/li>\n<li>Modificar la Ley N\u00ba 1811-P, sobre R\u00e9gimen de Coparticipaci\u00f3n de Impuestos entre la Provincia de San Juan y sus municipios. (Autor\u00eda: bloque Lealtad. Comisiones: Legislaci\u00f3n y Asuntos Constitucionales; Sistema Municipal; Hacienda y Presupuesto).<\/li>\n<li>Disponer el tratamiento y abordaje integral para personas afectadas por el trastorno del espectro autista. (Autor\u00eda: bloque Lealtad. A sus antecedentes).<\/li>\n<li>Crear el Sistema Provincial de Protecci\u00f3n, Tratamiento, Control y Asistencia del paciente con S\u00edndrome de Fibromialgia. (Autor\u00eda: bloque Lealtad. Comisiones: Legislaci\u00f3n y Asuntos Constitucionales; Salud y Deporte; Hacienda y Presupuesto).<\/li>\n<li>Adherir a la Ley Nacional N\u00ba 27305 de incorporaci\u00f3n al Programa M\u00e9dico Obligatorio de leches medicamentosas. (Autor\u00eda: bloque Producci\u00f3n y Trabajo. A su antecedente).<\/li>\n<li>Crear un registro departamental de donantes voluntarios de sangre en cada departamento de la Provincia de San Juan. (Autor\u00eda: bloque Producci\u00f3n y Trabajo. \u00a0Comisiones: Legislaci\u00f3n y Asuntos Constitucionales; Salud y Deporte).<\/li>\n<li>Adherir a la Ley Nacional N\u00ba 26862 que regula el acceso integral a los procedimientos y t\u00e9cnicas m\u00e9dico asistenciales de reproducci\u00f3n asistida. (Autor\u00eda: bloque Producci\u00f3n y Trabajo. Comisiones: Legislaci\u00f3n y Asuntos Constitucionales; Salud y Deporte; y Familia y Desarrollo Humano).<\/li>\n<li>Declarar el 28 de julio de cada a\u00f1o como \u00abd\u00eda provincial de la concientizaci\u00f3n del trastorno del d\u00e9ficit de atenci\u00f3n e hiperactividad (TDAH). (Autor\u00eda: bloque Pro-Juntos por el cambio. Comisiones: Legislaci\u00f3n y Asuntos Constitucionales; Salud y Deporte).<\/li>\n<li>Adherir a la Ley Nacional N\u00ba 26689 que promueve el cuidado integral de la salud de las personas con enfermedad poco frecuentes. (Autor\u00eda: bloque Pro-Juntos por el cambio. Comisiones: Legislaci\u00f3n y Asuntos Constitucionales; Salud y Deporte).<\/li>\n<li>Modifica la Ley N\u00ba 430-P, Ley Org\u00e1nica Municipal. (Autor\u00eda: bloque Bloquista. Comisiones: Legislaci\u00f3n y Asuntos Constitucionales; Sistema Municipal).<\/li>\n<li>Implementar el Plan de Rescate de documentaci\u00f3n de Identidad \u00abResDI\u00bb. (Autor\u00eda: bloque Bloquista. Comisiones: Legislaci\u00f3n y Asuntos Constitucionales; Derechos Humanos y Garant\u00edas).<\/li>\n<li>Tener a disposici\u00f3n del cliente una carta-men\u00fa inclusivo en sistema braille a todos los comercios habilitados de rubro gastron\u00f3mico. (Autor\u00eda: bloque Bloquista. Comisiones: Legislaci\u00f3n y Asuntos Constitucionales; Discapacidad; Econom\u00eda y Defensa del Consumidor).<\/li>\n<li>Crear el crea el Banco Provincia de ayudas t\u00e9cnicas. (Autor\u00eda: bloque Bloquista. Comisiones: Legislaci\u00f3n y Asuntos Constitucionales; Discapacidad; Hacienda y Presupuesto).<\/li>\n<li>Instituir el d\u00eda 2 de mayo como \u00abD\u00eda del Crucero A.R.A. General Belgrano\u00bb. (Autor\u00eda: bloque Justicialista. Comisiones: Legislaci\u00f3n y Asuntos Constitucionales; Peticiones y Poderes).<\/li>\n<li>Incluir a los docentes que desempe\u00f1an funciones en el Ciclo B\u00e1sico Rural Aislado en los beneficios y derechos de los docentes de nivel pre primario, primario y especiales. (Autor\u00eda: bloque Justicialista. A su antecedente).<\/li>\n<li>Modificar la Ley N\u00ba 787-L que crea la Administraci\u00f3n del Parque Provincial Ischigualasto. (Autor\u00eda: bloque Justicialista.\u00a0 Comisiones; Legislaci\u00f3n y Asuntos Constitucionales; y Turismo, Ambiente y Desarrollo Sostenible).<\/li>\n<li>Adherir a la Ley Nacional N\u00ba 27517 que instituye el d\u00eda 18 de febrero de cada a\u00f1o como \u00abD\u00eda Nacional del S\u00edndrome de Asperger\u00bb. (Autor\u00eda: bloque Producci\u00f3n y Trabajo. Comisiones: Legislaci\u00f3n y Asuntos Constitucionales; Salud y Deporte; y Peticiones y Poderes).<\/li>\n<li>Instaurar la \u00abHora Silenciosa\u00bb. (Autor\u00eda: bloque Producci\u00f3n y Trabajo. A su antecedente).<\/li>\n<li>Autorizar al IPV a donar a la Asociaci\u00f3n Civil \u00abUni\u00f3n Vecinal Gaucho Rivero\u00bb un terreno. (Autor\u00eda: bloque Producci\u00f3n y Trabajo. Comisiones: Legislaci\u00f3n y Asuntos Constitucionales; Obras y Servicios P\u00fablicos).<\/li>\n<li>Implementar el uso obligatorio del bordado de las Islas Malvinas, en guardapolvos y\/o uniformes de nivel inicial, primaria y secundaria en las Escuelas de Gesti\u00f3n Estatal o Privada de la Provincia. (Autor\u00eda: bloque Producci\u00f3n y Trabajo. Comisiones: Legislaci\u00f3n y Asuntos Constitucionales; Educaci\u00f3n, Cultura, Ciencia y T\u00e9cnica).<\/li>\n<li>Consolidar las leyes sancionadas y publicadas en el periodo 2021, conforme Ley N\u00ba 1260-E, art\u00edculo 18. (Autor\u00eda: presentado por la Comisi\u00f3n Permanente. Comisi\u00f3n:\u00a0 Legislaci\u00f3n y Asuntos Constitucionales).<\/li>\n<\/ul>\n<p>Asimismo, ingresaron los siguientes proyectos de Resoluci\u00f3n que proponen:<\/p>\n<ul>\n<li>Crear en el marco de la C\u00e1mara de Diputados de la Provincia, el programa provincial \u00abConociendo el trabajo de los Diputados\u00bb, o \u00abTus Diputados te visitan\u00bb. (Autor\u00eda: bloque ConFe &#8211; Somos San Juan. Comisi\u00f3n: Peticiones y Poderes).<\/li>\n<li>Incorporar un art\u00edculo al Reglamento Interno de la C\u00e1mara de Diputados de la provincia de San Juan. (Autor\u00eda: bloque Justicialista. Comisi\u00f3n: Peticiones y Poderes).<\/li>\n<li>Sustituir \u00edntegramente el Reglamento Interno de la C\u00e1mara de Diputados. (Autor\u00eda: bloque Justicialista. Comisi\u00f3n: Peticiones y Poderes).<\/li>\n<li>Expresar su categ\u00f3rico y p\u00fablico repudio a la comunicaci\u00f3n oficial del Ministerio de Agricultura, Ganader\u00eda y Pesca de la Naci\u00f3n por la suspensi\u00f3n temporal de la Registraci\u00f3n de Declaraciones Juradas de Venta al Exterior. (Autor\u00eda: Bloque PRO-Juntos por el cambio. Comisi\u00f3n: Peticiones y Poderes).<\/li>\n<\/ul>\n<p>Tambi\u00e9n, enviaron a comisiones los siguientes proyectos de Resoluci\u00f3n que proponen declarar de inter\u00e9s:<\/p>\n<ul>\n<li>Educativo, social y cultural la pel\u00edcula y su producci\u00f3n \u00abEmar Acosta. Doctora, tiene la palabra\u00bb. (Autor\u00eda: bloque Bloquista. Comisi\u00f3n: Educaci\u00f3n, Cultura, Ciencia y T\u00e9cnica).<\/li>\n<li>Social, cultural y educativo el festejo anual del \u00abD\u00eda Internacional del Jazz\u00bb. (Autor\u00eda: bloque Producci\u00f3n y Trabajo. Comisi\u00f3n: Educaci\u00f3n, Cultura, Ciencia y T\u00e9cnica).<\/li>\n<li>Cient\u00edfico, social y cultural el \u00abIEE ARGENCOM 2022\u00bb, VI Congreso bienal de la Secci\u00f3n Argentina del IEEE. (Autor\u00eda: bloque Justicialista. Comisi\u00f3n: Peticiones y Poderes).<\/li>\n<\/ul>\n<p>Seguidamente, fueron girados a comisiones para su tratamiento los siguientes proyectos de Comunicaci\u00f3n que solicitan al Poder Ejecutivo:<\/p>\n<ul>\n<li>Gestionar lo necesario para obtener financiamiento para la construcci\u00f3n de dos consultorios, sala de rayos X, laboratorio de an\u00e1lisis cl\u00ednicos y sala de rehabilitaci\u00f3n fisioterap\u00e9utica en el Centro de Salud del Departamento de Zonda. (Autor\u00eda: bloque Bloquista. Comisi\u00f3n Salud y Deporte)<\/li>\n<li>Informar sobra la crisis h\u00eddrica que impacta en la provincia de San Juan. (Autor\u00eda: interbloque. Comisi\u00f3n Turismo, Ambiente y Desarrollo Sostenible).<\/li>\n<li>Modificar la Ley N\u00ba 1101-A para dotar el rango de Ministerio a la Secretar\u00eda del Agua y Energ\u00eda. (Autor\u00eda: Interbloque Actuar, Producci\u00f3n y Trabajo y Pro- Juntos. Comisi\u00f3n: Turismo, Ambiente y Desarrollo Sostenible).<\/li>\n<li>Exigir a las autoridades del Banco San Juan la instalaci\u00f3n de cajero autom\u00e1tico en los C.I.C. ubicados en Villa Krause, Villa Ang\u00e9lica y M\u00e9dano de Oro, del Departamento Rawson. (Autor\u00eda: bloque Lealtad. Comisi\u00f3n: Peticiones y Poderes).<\/li>\n<\/ul>\n<p>Por \u00faltimo, fue enviado a la Comisi\u00f3n de Peticiones y Poderes un proyecto de Declaraci\u00f3n presentado por el bloque PRO-Juntos por el cambio por el que expresa su en\u00e9rgico repudio a la marcha contra la Corte Suprema de Justicia de la Naci\u00f3n.<\/p>\n<\/div>\n","protected":false},"excerpt":{"rendered":"<p>Tras el cuarto intermedio producido luego de la presentaci\u00f3n del Mensaje Anual del gobernador de San Juan, Dr. Sergio U\u00f1ac<\/p>\n","protected":false},"author":3,"featured_media":47881,"comment_status":"closed","ping_status":"closed","sticky":false,"template":"","format":"standard","meta":{"_acf_changed":false,"_seopress_robots_primary_cat":"none","_seopress_titles_title":"","_seopress_titles_desc":"","_seopress_robots_index":"","colormag_page_container_layout":"default_layout","colormag_page_sidebar_layout":"default_layout","footnotes":""},"categories":[1],"tags":[],"class_list":["post-47879","post","type-post","status-publish","format-standard","has-post-thumbnail","hentry","category-destacadas"],"acf":[],"_links":{"self":[{"href":"https:\/\/vocesparalelas.com.ar\/sitio\/wp-json\/wp\/v2\/posts\/47879","targetHints":{"allow":["GET"]}}],"collection":[{"href":"https:\/\/vocesparalelas.com.ar\/sitio\/wp-json\/wp\/v2\/posts"}],"about":[{"href":"https:\/\/vocesparalelas.com.ar\/sitio\/wp-json\/wp\/v2\/types\/post"}],"author":[{"embeddable":true,"href":"https:\/\/vocesparalelas.com.ar\/sitio\/wp-json\/wp\/v2\/users\/3"}],"replies":[{"embeddable":true,"href":"https:\/\/vocesparalelas.com.ar\/sitio\/wp-json\/wp\/v2\/comments?post=47879"}],"version-history":[{"count":2,"href":"https:\/\/vocesparalelas.com.ar\/sitio\/wp-json\/wp\/v2\/posts\/47879\/revisions"}],"predecessor-version":[{"id":47883,"href":"https:\/\/vocesparalelas.com.ar\/sitio\/wp-json\/wp\/v2\/posts\/47879\/revisions\/47883"}],"wp:featuredmedia":[{"embeddable":true,"href":"https:\/\/vocesparalelas.com.ar\/sitio\/wp-json\/wp\/v2\/media\/47881"}],"wp:attachment":[{"href":"https:\/\/vocesparalelas.com.ar\/sitio\/wp-json\/wp\/v2\/media?parent=47879"}],"wp:term":[{"taxonomy":"category","embeddable":true,"href":"https:\/\/vocesparalelas.com.ar\/sitio\/wp-json\/wp\/v2\/categories?post=47879"},{"taxonomy":"post_tag","embeddable":true,"href":"https:\/\/vocesparalelas.com.ar\/sitio\/wp-json\/wp\/v2\/tags?post=47879"}],"curies":[{"name":"wp","href":"https:\/\/api.w.org\/{rel}","templated":true}]}}