{"id":47871,"date":"2022-04-16T13:32:11","date_gmt":"2022-04-16T16:32:11","guid":{"rendered":"https:\/\/vocesparalelas.com.ar\/sitio\/?p=47871"},"modified":"2022-04-16T14:23:32","modified_gmt":"2022-04-16T17:23:32","slug":"hacia-el-curso-de-programacion-y-su-didactica-a-docentes-de-educacion-tecnica-y-formacion-profesional-de-san-juan","status":"publish","type":"post","link":"https:\/\/vocesparalelas.com.ar\/sitio\/hacia-el-curso-de-programacion-y-su-didactica-a-docentes-de-educacion-tecnica-y-formacion-profesional-de-san-juan\/","title":{"rendered":"Hacia el Curso de Programaci\u00f3n y su Did\u00e1ctica a docentes de Educaci\u00f3n T\u00e9cnica y Formaci\u00f3n Profesional de San Juan"},"content":{"rendered":"<p>El director de Educaci\u00f3n Secundaria T\u00e9cnica y Formaci\u00f3n Profesional del Ministerio de Educaci\u00f3n del Gobierno de San Juan, Prof. Jorge Codorni\u00fa, junto a la responsable de TIC, Prof. Agostina Bernal; el subdirector del Departamento de Inform\u00e1tica, Lic. Manuel Ortega y la docente de la Facultad de Ciencias Exactas, F\u00edsicas y Naturales de la UNSJ, Lic. Flavia Mill\u00e1n, acordaron implementar el Proyecto de Formaci\u00f3n de docentes en Programaci\u00f3n y su Did\u00e1ctica<em>,\u00a0<\/em>en el marco del Programa de Investigaci\u00f3n para Plataformas Estrat\u00e9gicas -PIPE-2022.<\/p>\n<p>El proyecto surgi\u00f3 en 2020 ante la crisis sanitaria por la pandemia, donde se puso en valor el rol de la ciencia y el acceso al conocimiento como inductores esenciales para la reconstrucci\u00f3n, la lucha contra la desigualdad y el crecimiento sostenible para el desarrollo de los pa\u00edses.<\/p>\n<p>Las capacitaciones tendr\u00e1n 100 horas, en formato bimodal y se desarrollar\u00e1n en el segundo cuatrimestre. El equipo de formadores estar\u00e1 conformado por profesionales de la Facultad de Ciencias Exactas, F\u00edsicas y Naturales de la Universidad Nacional de San Juan, del Departamento de Inform\u00e1tica y de TIC de la Direcci\u00f3n de Educaci\u00f3n Secundaria T\u00e9cnica y Formaci\u00f3n Profesional.<\/p>\n<p>Los formadores ser\u00e1n los docentes Lic. Marcelo Mondre y el Lic. Sergio Quiroga y los estudiantes avanzados Luc\u00eda Readicetti y Manuel Rossi.<\/p>\n","protected":false},"excerpt":{"rendered":"<p>El director de Educaci\u00f3n Secundaria T\u00e9cnica y Formaci\u00f3n Profesional del Ministerio de Educaci\u00f3n del Gobierno de San Juan, Prof. Jorge<\/p>\n","protected":false},"author":3,"featured_media":32913,"comment_status":"closed","ping_status":"closed","sticky":false,"template":"","format":"standard","meta":{"_acf_changed":false,"_seopress_robots_primary_cat":"none","_seopress_titles_title":"","_seopress_titles_desc":"","_seopress_robots_index":"","colormag_page_container_layout":"default_layout","colormag_page_sidebar_layout":"default_layout","footnotes":""},"categories":[1],"tags":[],"class_list":["post-47871","post","type-post","status-publish","format-standard","has-post-thumbnail","hentry","category-destacadas"],"acf":[],"_links":{"self":[{"href":"https:\/\/vocesparalelas.com.ar\/sitio\/wp-json\/wp\/v2\/posts\/47871","targetHints":{"allow":["GET"]}}],"collection":[{"href":"https:\/\/vocesparalelas.com.ar\/sitio\/wp-json\/wp\/v2\/posts"}],"about":[{"href":"https:\/\/vocesparalelas.com.ar\/sitio\/wp-json\/wp\/v2\/types\/post"}],"author":[{"embeddable":true,"href":"https:\/\/vocesparalelas.com.ar\/sitio\/wp-json\/wp\/v2\/users\/3"}],"replies":[{"embeddable":true,"href":"https:\/\/vocesparalelas.com.ar\/sitio\/wp-json\/wp\/v2\/comments?post=47871"}],"version-history":[{"count":3,"href":"https:\/\/vocesparalelas.com.ar\/sitio\/wp-json\/wp\/v2\/posts\/47871\/revisions"}],"predecessor-version":[{"id":47875,"href":"https:\/\/vocesparalelas.com.ar\/sitio\/wp-json\/wp\/v2\/posts\/47871\/revisions\/47875"}],"wp:featuredmedia":[{"embeddable":true,"href":"https:\/\/vocesparalelas.com.ar\/sitio\/wp-json\/wp\/v2\/media\/32913"}],"wp:attachment":[{"href":"https:\/\/vocesparalelas.com.ar\/sitio\/wp-json\/wp\/v2\/media?parent=47871"}],"wp:term":[{"taxonomy":"category","embeddable":true,"href":"https:\/\/vocesparalelas.com.ar\/sitio\/wp-json\/wp\/v2\/categories?post=47871"},{"taxonomy":"post_tag","embeddable":true,"href":"https:\/\/vocesparalelas.com.ar\/sitio\/wp-json\/wp\/v2\/tags?post=47871"}],"curies":[{"name":"wp","href":"https:\/\/api.w.org\/{rel}","templated":true}]}}