{"id":47865,"date":"2022-04-16T12:21:58","date_gmt":"2022-04-16T15:21:58","guid":{"rendered":"https:\/\/vocesparalelas.com.ar\/sitio\/?p=47865"},"modified":"2022-04-16T12:31:55","modified_gmt":"2022-04-16T15:31:55","slug":"procedimiento-para-solicitar-el-desbloqueo-de-netbook-o-asistencia-tecnica-de-educacion-de-san-juan","status":"publish","type":"post","link":"https:\/\/vocesparalelas.com.ar\/sitio\/procedimiento-para-solicitar-el-desbloqueo-de-netbook-o-asistencia-tecnica-de-educacion-de-san-juan\/","title":{"rendered":"Procedimiento para solicitar el desbloqueo de netbook o asistencia t\u00e9cnica de Educaci\u00f3n de San Juan"},"content":{"rendered":"<p>El Ministerio de Educaci\u00f3n del Gobierno de San Juan informa a los estudiantes y docentes que requieran asistencia para el desbloqueo o solucionar alg\u00fan problema con las notebooks entregadas a trav\u00e9s de los programas Juana Manso o Conectar Igualdad, que deben sacar un turno online a trav\u00e9s de <a href=\"https:\/\/turnos.sanjuan.gob.ar\/\">https:\/\/turnos.sanjuan.gob.ar\/<\/a>\u00a0en Conectar Igualdad &#8211; Desbloqueo de Netbooks.<\/p>\n<p>Luego, con el d\u00eda y horario otorgado deben asistir con el equipo al Dep\u00f3sito Central de Ministerio ubicado en calle 9 de Julio 1515 este, Santa Luc\u00eda. La asistencia es gratuita.<\/p>\n","protected":false},"excerpt":{"rendered":"<p>El Ministerio de Educaci\u00f3n del Gobierno de San Juan informa a los estudiantes y docentes que requieran asistencia para el<\/p>\n","protected":false},"author":3,"featured_media":47870,"comment_status":"closed","ping_status":"closed","sticky":false,"template":"","format":"standard","meta":{"_acf_changed":false,"_seopress_robots_primary_cat":"none","_seopress_titles_title":"","_seopress_titles_desc":"","_seopress_robots_index":"","colormag_page_container_layout":"default_layout","colormag_page_sidebar_layout":"default_layout","footnotes":""},"categories":[1],"tags":[],"class_list":["post-47865","post","type-post","status-publish","format-standard","has-post-thumbnail","hentry","category-destacadas"],"acf":[],"_links":{"self":[{"href":"https:\/\/vocesparalelas.com.ar\/sitio\/wp-json\/wp\/v2\/posts\/47865","targetHints":{"allow":["GET"]}}],"collection":[{"href":"https:\/\/vocesparalelas.com.ar\/sitio\/wp-json\/wp\/v2\/posts"}],"about":[{"href":"https:\/\/vocesparalelas.com.ar\/sitio\/wp-json\/wp\/v2\/types\/post"}],"author":[{"embeddable":true,"href":"https:\/\/vocesparalelas.com.ar\/sitio\/wp-json\/wp\/v2\/users\/3"}],"replies":[{"embeddable":true,"href":"https:\/\/vocesparalelas.com.ar\/sitio\/wp-json\/wp\/v2\/comments?post=47865"}],"version-history":[{"count":2,"href":"https:\/\/vocesparalelas.com.ar\/sitio\/wp-json\/wp\/v2\/posts\/47865\/revisions"}],"predecessor-version":[{"id":47869,"href":"https:\/\/vocesparalelas.com.ar\/sitio\/wp-json\/wp\/v2\/posts\/47865\/revisions\/47869"}],"wp:featuredmedia":[{"embeddable":true,"href":"https:\/\/vocesparalelas.com.ar\/sitio\/wp-json\/wp\/v2\/media\/47870"}],"wp:attachment":[{"href":"https:\/\/vocesparalelas.com.ar\/sitio\/wp-json\/wp\/v2\/media?parent=47865"}],"wp:term":[{"taxonomy":"category","embeddable":true,"href":"https:\/\/vocesparalelas.com.ar\/sitio\/wp-json\/wp\/v2\/categories?post=47865"},{"taxonomy":"post_tag","embeddable":true,"href":"https:\/\/vocesparalelas.com.ar\/sitio\/wp-json\/wp\/v2\/tags?post=47865"}],"curies":[{"name":"wp","href":"https:\/\/api.w.org\/{rel}","templated":true}]}}