{"id":47854,"date":"2022-04-01T22:41:13","date_gmt":"2022-04-02T01:41:13","guid":{"rendered":"https:\/\/vocesparalelas.com.ar\/sitio\/?p=47854"},"modified":"2022-04-15T00:41:35","modified_gmt":"2022-04-15T03:41:35","slug":"pedido-de-informes-por-la-tragedia-ocurrida-en-el-parque-de-tecnologias-ambientales","status":"publish","type":"post","link":"https:\/\/vocesparalelas.com.ar\/sitio\/pedido-de-informes-por-la-tragedia-ocurrida-en-el-parque-de-tecnologias-ambientales\/","title":{"rendered":"Pedido de informes por la tragedia ocurrida en el Parque de Tecnolog\u00edas Ambientales"},"content":{"rendered":"<p>El 13 de Abril de 2022, el Interbloque de Diputados de Juntos por el Cambio San Juan, present\u00f3 un pedido de informes a la Secretar\u00eda de Ambiente y Desarrollo Sustentable, a fin de conocer la situaci\u00f3n del lugar en el momento en que falleci\u00f3 el Sr. N\u00e9stor Daniel Morales, tragedia ocurrida en el Parque Tecnolog\u00edas Ambientales.<\/p>\n<p>Proyecto de Comunicaci\u00f3n del Interbloque de Diputados de Juntos por el Cambio San Juan<\/p>\n<p style=\"text-align: right;\">San Juan , 8 de abril de 2022<\/p>\n<p>Se\u00f1or Vicegobernador y<\/p>\n<p>Presidente Nato de la C\u00e1mara de Diputados<\/p>\n<p>C.P.N. ROBERTO GATONI.<\/p>\n<p>S\u00a0 \u00a0 \u00a0 \u00a0 \u00a0 \u00a0 \u00a0 \u00a0 \u00a0 _______\/______\u00a0 \u00a0 \u00a0 \u00a0 \u00a0 \u00a0 \u00a0 \u00a0 \u00a0 \u00a0 D<\/p>\n<p>De nuestra consideraci\u00f3n:<\/p>\n<p>Tenemos el agrado de dirigirnos a usted se\u00f1or Presidente de esta honorable C\u00e1mara de Diputados a efectos de poner en su conocimiento y posterior consideraci\u00f3n el presente Proyecto de Comunicaci\u00f3n, solicitando que el mismo sea incluido en el orden del d\u00eda de las pr\u00f3ximas Sesiones Ordinarias.<\/p>\n<p>Sin m\u00e1s, aprovecho la ocasi\u00f3n y lo saludo con distinguida consideraci\u00f3n y respeto.<\/p>\n<p>PROYECTO DE COMUNICACI\u00d3N INTERBLOQUE:\u00a0 CON VOS \u2013 JUNTOS POR EL CAMBIO<\/p>\n<p>AUTORES : BLOQUE PRODUCCI\u00d3N Y TRABAJO, PRO-JUNTOS POR EL CAMBIO Y ACTUAR .<\/p>\n<p>ASUNTO:\u00a0 PEDIDO DE INFORMESEN RELACI\u00d3N A LA TRAGEDIA OCURRIDA EN EL\u00a0 PARQUE DE TECNOLOG\u00cdAS AMBIENTALES Y CONDICIONES DE SEGURIDAD REGULACI\u00d3N DE LA LEY 2190-L Y PLANIFICACI\u00d3N.<\/p>\n<p>FUNDAMENTOS<\/p>\n<p>Motiva el presente pedido de informe la tragedia ocurrida el domingo 3 de abril del corriente en a\u00f1o en el Parque de Tecnolog\u00edas Ambientales, dependiente del Complejo Ambiental San Juan, ubicado en calle 5 y Pellegrini, La Bebida, departamento Rivadavia, en el que un empleado muri\u00f3 al ser atacado por una jaur\u00eda de 15 perros.<\/p>\n<p>Dicho parque tiene unas 200 hect\u00e1reas aproximadamente, es un lugar descampado acompa\u00f1ado de una quebrada con pocos lugares para el resguardo.<\/p>\n<p>Medios de informaci\u00f3n masiva aportaron datos sobre el operario fallecido de nombre N\u00e9stor Daniel Morales. El mismo ten\u00eda 53 a\u00f1os de edad y prestaba sus servicios en el\u00a0 Parque de Tecnolog\u00edas Ambientales, donde se desempe\u00f1aba\u00a0 como\u00a0 encargado de controlar los camiones que ingresan con residuos a la escombrera, lugar donde se deja la basura para que sea tratada y reciclada.<\/p>\n<p>En varios de los medios mencionados, su hermano el Sr. Walter Morales, sostuvo que no era la primera vez que\u00a0 animales atacaban a los trabajadores del lugar, y que su hermano ya hab\u00eda alertado sobre esta situaci\u00f3n a las autoridades de la planta y a su esposa. Asimismo afirm\u00f3 que sus compa\u00f1eros sab\u00edan que el mismo es un lugar peligroso, ya que el predio\u00a0 est\u00e1 al lado de donde asiduamente concurren ni\u00f1os escolares y est\u00e1n a escasos metros de donde fue el ataque. Asever\u00f3 que no era el primer ataque y que no\u00a0 se toman medidas al respecto, manifest\u00f3 tambi\u00e9n que el que quiere hacer una denuncia, la realiza en las redes o\u00a0 bajo secreto ya que de lo contrario se toman medidas en contra de los trabajadores.<\/p>\n<p>En virtud de esto y ante los hechos denunciados por el hermano\u00a0 del Sr. Morales, en distinto medios de comunicaci\u00f3n; es relevante\u00a0 destacar que las medidas de higiene y seguridad en el trabajo son sumamente importantes para el mantenimiento de las condiciones de salud f\u00edsica y psicol\u00f3gica de los trabajadores del lugar como tambi\u00e9n de todos los visitantes. La seguridad tiende, por un lado, a conservar\u00a0 la salud de los trabajadores del establecimiento y de terceros ajenas al mismo , y por otro lado, a prevenir accidentes en las actividades desarrolladas.<\/p>\n<p>A ra\u00edz de lo expuesto es que se hace importante obtener informaci\u00f3n sobre las condiciones de higiene y seguridad en todo lo relativo al desarrollo y desempe\u00f1o de las actividades en el Complejo ya que ello repercute indiscutiblemente en los trabajadores del mismo, en los ni\u00f1os que concurren con las escuelas y en la comunidad en general<\/p>\n<p>Por lo expuesto y por las facultades conferidas por la Constituci\u00f3n de la Provincia de San Juan, es que solicitamos que en un plazo perentorio de cinco (5) d\u00edas h\u00e1biles, se informe sobre los siguientes puntos, a saber:<\/p>\n<p>LA C\u00c1MARA DE DIPUTADOS<\/p>\n<p>DE LA PROVINCIA DE SAN JUAN<\/p>\n<p>COMUNICA:<\/p>\n<p>Solicitar al Poder Ejecutivo Provincial, a trav\u00e9s de la Secretaria de Ambiente y Desarrollo Sustentable, en un plazo de cinco (5) d\u00edas h\u00e1biles, informe a esta C\u00e1mara de Diputados sobre:<\/p>\n<p>1) Informe cual era el cargo que ocupaba en la Empresa y las funciones que desempe\u00f1aba el Sr. N\u00e9stor Daniel Morales.<\/p>\n<p>2) En funci\u00f3n del cargo informado, detalle si se entregaban elementos de seguridad. En caso afirmativo mencione cuales eran.<\/p>\n<p>3) \u00bfCu\u00e1l es el horario en que el Sr. Morales desempe\u00f1aba sus funciones?<\/p>\n<p>4) Si el se\u00f1or N\u00e9stor Morales hab\u00eda pedido a la oficina de Recursos Humanos que lo cambien de lugar y el motivo.<\/p>\n<p>5) En relaci\u00f3n al ataque del d\u00eda domingo 03\/04\/2022 sufrido por el Sr. Morales. Indique donde fue el mismo, especificando si ocurri\u00f3 dentro o fuera del Complejo.<\/p>\n<p>6) Si se han adoptado y puesto en pr\u00e1ctica las medidas adecuadas de higiene y\u00a0Seguridad para proteger la vida y la integridad de los trabajadores y de los visitantes. En caso afirmativo indique cuales han sido.<\/p>\n<p>7) Para que informe si el Parque de Tecnolog\u00edas Ambientales posee la Evaluaci\u00f3n de Impacto Ambiental (EIA) y la Declaraci\u00f3n de Impacto Ambiental (DIA). En caso de ser afirmativo acompa\u00f1e copia certificada que respalde tal afirmaci\u00f3n.<\/p>\n<p>8) Si desde el momento en que se puso en funcionamiento el Complejo existieron otros ataques por parte de animales cimarrones o asilvestrados.<\/p>\n<p>9) Informe si los trabajadores del Complejo pusieron en conocimiento a las Autoridades sobre la existencia de perros cimarrones o asilvestrados. En caso afirmativo detalle porque medio se realizaron y en cuantas oportunidades.<\/p>\n<p>10) Indique si los residuos se encuentran al alcance de perros cimarrones o asilvestrados.<\/p>\n<p>11) Si existe un registro con la cantidad de perros cimarrones o asilvestrados\u00a0 en el parque. Caso afirmativo proporcione los datos pertinentes. Adem\u00e1s si se procedi\u00f3 a realizar campa\u00f1a esterilizaci\u00f3n de los mismos. &#8211;<\/p>\n<p>12) Informe\u00a0 si el Estado Provincial tiene registro de la cantidad de perros que hay por habitante en la Provincia y cuantos en situaci\u00f3n de calle. En caso afirmativo indique cuales son las acciones que se est\u00e1n siguiendo.<\/p>\n<p>13) Cual es la soluci\u00f3n planificada por el Gobierno de la Provincia de San Juan a corto, mediando y largo plazo, para la problem\u00e1tica en relaci\u00f3n a los perros cimarrones o asilvestrados.<\/p>\n<p>&nbsp;<\/p>\n<p>&nbsp;<\/p>\n<p>&nbsp;<\/p>\n<p>&nbsp;<\/p>\n","protected":false},"excerpt":{"rendered":"<p>El 13 de Abril de 2022, el Interbloque de Diputados de Juntos por el Cambio San Juan, present\u00f3 un pedido<\/p>\n","protected":false},"author":3,"featured_media":37951,"comment_status":"closed","ping_status":"closed","sticky":false,"template":"","format":"standard","meta":{"_acf_changed":false,"_seopress_robots_primary_cat":"none","_seopress_titles_title":"","_seopress_titles_desc":"","_seopress_robots_index":"","colormag_page_container_layout":"default_layout","colormag_page_sidebar_layout":"default_layout","footnotes":""},"categories":[1],"tags":[],"class_list":["post-47854","post","type-post","status-publish","format-standard","has-post-thumbnail","hentry","category-destacadas"],"acf":[],"_links":{"self":[{"href":"https:\/\/vocesparalelas.com.ar\/sitio\/wp-json\/wp\/v2\/posts\/47854","targetHints":{"allow":["GET"]}}],"collection":[{"href":"https:\/\/vocesparalelas.com.ar\/sitio\/wp-json\/wp\/v2\/posts"}],"about":[{"href":"https:\/\/vocesparalelas.com.ar\/sitio\/wp-json\/wp\/v2\/types\/post"}],"author":[{"embeddable":true,"href":"https:\/\/vocesparalelas.com.ar\/sitio\/wp-json\/wp\/v2\/users\/3"}],"replies":[{"embeddable":true,"href":"https:\/\/vocesparalelas.com.ar\/sitio\/wp-json\/wp\/v2\/comments?post=47854"}],"version-history":[{"count":1,"href":"https:\/\/vocesparalelas.com.ar\/sitio\/wp-json\/wp\/v2\/posts\/47854\/revisions"}],"predecessor-version":[{"id":47856,"href":"https:\/\/vocesparalelas.com.ar\/sitio\/wp-json\/wp\/v2\/posts\/47854\/revisions\/47856"}],"wp:featuredmedia":[{"embeddable":true,"href":"https:\/\/vocesparalelas.com.ar\/sitio\/wp-json\/wp\/v2\/media\/37951"}],"wp:attachment":[{"href":"https:\/\/vocesparalelas.com.ar\/sitio\/wp-json\/wp\/v2\/media?parent=47854"}],"wp:term":[{"taxonomy":"category","embeddable":true,"href":"https:\/\/vocesparalelas.com.ar\/sitio\/wp-json\/wp\/v2\/categories?post=47854"},{"taxonomy":"post_tag","embeddable":true,"href":"https:\/\/vocesparalelas.com.ar\/sitio\/wp-json\/wp\/v2\/tags?post=47854"}],"curies":[{"name":"wp","href":"https:\/\/api.w.org\/{rel}","templated":true}]}}