{"id":47834,"date":"2022-04-14T11:13:00","date_gmt":"2022-04-14T14:13:00","guid":{"rendered":"https:\/\/vocesparalelas.com.ar\/sitio\/?p=47834"},"modified":"2022-04-14T11:14:11","modified_gmt":"2022-04-14T14:14:11","slug":"la-bancaria-declara-el-estado-de-alerta-y-movilizacion-del-sector-en-argentina","status":"publish","type":"post","link":"https:\/\/vocesparalelas.com.ar\/sitio\/la-bancaria-declara-el-estado-de-alerta-y-movilizacion-del-sector-en-argentina\/","title":{"rendered":"La Bancaria declara el estado de alerta y movilizaci\u00f3n del sector en Argentina"},"content":{"rendered":"<p>El Viernes, 13 de Abril de 2022, las c\u00e1maras empresarias realizaron un ofrecimiento que contraviene sus propios pron\u00f3sticos de inflaci\u00f3n, queriendo de este modo que el ajuste lo paguen los trabajadores. Son ellos lo que diagnostican inflaciones en el orden del 60%, y hacen propuestas absolutamente insuficientes.<\/p>\n<p>Adem\u00e1s no trajeron ninguna respuesta respecto de los temas planteados por la\u00a0Asociaci\u00f3n Bancaria, incluido el BCRA, que mantiene las perniciosas circulares a\u00fan vigentes vinculadas a agencias complementarias, a tercerizaciones y externalizaciones de servicios bancarios, que quitan trabajo genuino a los trabajadores y trabajadoras de nuestro sector.<\/p>\n<p>Asimismo, como expresamos en nuestro documento bajo el t\u00edtulo de \u201cInadmisible\u201d, rechazamos clara y firmemente el convenio que dice el ministro Kulfas haber firmado con la aplicaci\u00f3n Ual\u00e1, ya que los cr\u00e9ditos a las pymes y la inclusi\u00f3n financiera deber\u00edan canalizarse a trav\u00e9s de la banca p\u00fablica.<\/p>\n<p>Los bancos p\u00fablicos ya tienen tasas inferiores al 40%, y seg\u00fan expres\u00f3 el titular de la empresa beneficiaria de este convenio, ellos cobrar\u00edan tasas del 40% como m\u00ednimo. Ser\u00eda bueno que explique el funcionario del gobierno que firma el acuerdo, por qu\u00e9 se les impone a los bancos p\u00fablicos que con sus fondos compren t\u00edtulos p\u00fablicos y Lelic, y luego, esos fondos que ingresan al estado se lo prestan a un privado, para que otorgue pr\u00e9stamos que deber\u00eda dar un banco p\u00fablico.<\/p>\n<p>En virtud de ello, el\u00a0Secretariado Nacional de la\u00a0Asociaci\u00f3n Bancaria ha resuelto declarar el estado de alerta y movilizaci\u00f3n, y ha convocado a reuni\u00f3n de sus cuerpos org\u00e1nicos para la semana pr\u00f3xima, a los efectos de disponer las medidas de fuerza pertinentes antes que finalice el mes de abril, en caso de no arribar a un acuerdo.<\/p>\n<p style=\"text-align: right;\">Buenos Aires, 13 de abril de 2022<\/p>\n<p>SECRETARIADO GENERAL NACIONAL DE LA ASOCIACI\u00d3N BANCARIA<\/p>\n","protected":false},"excerpt":{"rendered":"<p>El Viernes, 13 de Abril de 2022, las c\u00e1maras empresarias realizaron un ofrecimiento que contraviene sus propios pron\u00f3sticos de inflaci\u00f3n,<\/p>\n","protected":false},"author":3,"featured_media":47836,"comment_status":"closed","ping_status":"closed","sticky":false,"template":"","format":"standard","meta":{"_acf_changed":false,"_seopress_robots_primary_cat":"none","_seopress_titles_title":"","_seopress_titles_desc":"","_seopress_robots_index":"","colormag_page_container_layout":"default_layout","colormag_page_sidebar_layout":"default_layout","footnotes":""},"categories":[1],"tags":[],"class_list":["post-47834","post","type-post","status-publish","format-standard","has-post-thumbnail","hentry","category-destacadas"],"acf":[],"_links":{"self":[{"href":"https:\/\/vocesparalelas.com.ar\/sitio\/wp-json\/wp\/v2\/posts\/47834","targetHints":{"allow":["GET"]}}],"collection":[{"href":"https:\/\/vocesparalelas.com.ar\/sitio\/wp-json\/wp\/v2\/posts"}],"about":[{"href":"https:\/\/vocesparalelas.com.ar\/sitio\/wp-json\/wp\/v2\/types\/post"}],"author":[{"embeddable":true,"href":"https:\/\/vocesparalelas.com.ar\/sitio\/wp-json\/wp\/v2\/users\/3"}],"replies":[{"embeddable":true,"href":"https:\/\/vocesparalelas.com.ar\/sitio\/wp-json\/wp\/v2\/comments?post=47834"}],"version-history":[{"count":2,"href":"https:\/\/vocesparalelas.com.ar\/sitio\/wp-json\/wp\/v2\/posts\/47834\/revisions"}],"predecessor-version":[{"id":47838,"href":"https:\/\/vocesparalelas.com.ar\/sitio\/wp-json\/wp\/v2\/posts\/47834\/revisions\/47838"}],"wp:featuredmedia":[{"embeddable":true,"href":"https:\/\/vocesparalelas.com.ar\/sitio\/wp-json\/wp\/v2\/media\/47836"}],"wp:attachment":[{"href":"https:\/\/vocesparalelas.com.ar\/sitio\/wp-json\/wp\/v2\/media?parent=47834"}],"wp:term":[{"taxonomy":"category","embeddable":true,"href":"https:\/\/vocesparalelas.com.ar\/sitio\/wp-json\/wp\/v2\/categories?post=47834"},{"taxonomy":"post_tag","embeddable":true,"href":"https:\/\/vocesparalelas.com.ar\/sitio\/wp-json\/wp\/v2\/tags?post=47834"}],"curies":[{"name":"wp","href":"https:\/\/api.w.org\/{rel}","templated":true}]}}