{"id":47805,"date":"2022-04-13T21:36:30","date_gmt":"2022-04-14T00:36:30","guid":{"rendered":"https:\/\/vocesparalelas.com.ar\/sitio\/?p=47805"},"modified":"2022-04-16T22:42:30","modified_gmt":"2022-04-17T01:42:30","slug":"se-lanzo-la-diplomatura-de-extension-en-cultura-y-oficio-de-la-rotulacion-identitaria-regional-en-la-faud-de-la-unsj","status":"publish","type":"post","link":"https:\/\/vocesparalelas.com.ar\/sitio\/se-lanzo-la-diplomatura-de-extension-en-cultura-y-oficio-de-la-rotulacion-identitaria-regional-en-la-faud-de-la-unsj\/","title":{"rendered":"Se lanz\u00f3 la \u00abDiplomatura de Extensi\u00f3n en Cultura y Oficio de la Rotulaci\u00f3n Identitaria Regional\u00bb en la FAUD de la UNSJ"},"content":{"rendered":"<p>En la Facultad de Arquitectura, Urbanismo y Dise\u00f1o de la Universidad Nacional de San Juan lanz\u00f3 la \u00abDiplomatura de Extensi\u00f3n en Cultura y Oficio de la Rotulaci\u00f3n Identitaria Regional\u00bb.<\/p>\n<p>Es importante recordar que, fue una propuesta de la Secretar\u00eda de Extensi\u00f3n Universitaria de la UNSJ para la Escuela de Oficios, que la implementa la FAUD de la UNSJ.<\/p>\n<p>Estuvieron presentes la secretaria de Extensi\u00f3n Universitaria de la UNSJ, Dra. Laura Garc\u00e9s; la vicedecana de la FAUD, Esp. D.I.G. Natalia Sevilla; la secretaria de Extensi\u00f3n de la FAUD, Esp. D.I.G. Eliana Perniche; el coordinador del espacio de formaci\u00f3n Mgter. Nelson Cervi\u00f1o; y estudiantes de la diplomatura.<\/p>\n<p>Por ello, la secretaria de Extensi\u00f3n de la UNSJ, Dra. Laura Garc\u00e9s, dijo que \u00abeste trayecto, como la mayor\u00eda de los cursos de la Escuela de Oficios ha sido muy demandado por distintos sectores de la provincia, y \u00e9sta es un \u00e1rea de vacancia que pretende revalorizar el \u00e1rea de la rotulaci\u00f3n resaltando la identidad regional\u201d.<\/p>\n<p>Posteriormente, la vicedecana de la FAUD de la UNSJ, Esp. D.I.G. Natalia Sevilla destac\u00f3 que \u00abesta Unidad Acad\u00e9mica es el \u00e1mbito pertinente para el dictado de estos trayectos por su pertenencia al campo del dise\u00f1o y porque adem\u00e1s cuenta con las herramientas necesarias, como los Laboratorios de prototipado y Maquetaci\u00f3n. La Diplomatura va a reformular y reafirmar nuestros oficios que les dan base a nuestras carreras. Esto nos llena de orgullo\u201d.<\/p>\n<p>Luego del acto, fueron presentados los docentes y estudiantes que est\u00e1n a cargo de los distintos espacios curriculares. En el espacio de intercambio llevado a cabo entre los presentes, los estudiantes expresaron sus objetivos de participaci\u00f3n.<\/p>\n<p><img loading=\"lazy\" decoding=\"async\" class=\"alignnone size-large wp-image-47808\" src=\"https:\/\/vocesparalelas.com.ar\/sitio\/wp-content\/uploads\/2022\/04\/FAUD-DIPLOMATURA-01-800x286.jpg\" alt=\"\" width=\"800\" height=\"286\" srcset=\"https:\/\/vocesparalelas.com.ar\/sitio\/wp-content\/uploads\/2022\/04\/FAUD-DIPLOMATURA-01-800x286.jpg 800w, https:\/\/vocesparalelas.com.ar\/sitio\/wp-content\/uploads\/2022\/04\/FAUD-DIPLOMATURA-01-300x107.jpg 300w, https:\/\/vocesparalelas.com.ar\/sitio\/wp-content\/uploads\/2022\/04\/FAUD-DIPLOMATURA-01-768x274.jpg 768w, https:\/\/vocesparalelas.com.ar\/sitio\/wp-content\/uploads\/2022\/04\/FAUD-DIPLOMATURA-01.jpg 980w\" sizes=\"auto, (max-width: 800px) 100vw, 800px\" \/><\/p>\n<p>Acto seguido se dict\u00f3 el primer m\u00f3dulo: \u201cEl Cartel en Argentina\u201d, facilitado por la Esp. DIG. Eliana Perniche.<\/p>\n<p>La diplomatura tiene el objetivo de revalorizar el oficio del rotulista en la regi\u00f3n como\u00a0protagonista de la construcci\u00f3n de la identidad gr\u00e1fica local. La Secretar\u00eda de Extensi\u00f3n Universitaria de Rectorado es la responsable acad\u00e9mica de la misma y ser\u00e1 acompa\u00f1ada por la Secretar\u00eda de Extensi\u00f3n Universitaria de la Facultad de Arquitectura, Urbanismo y Dise\u00f1o.<\/p>\n<p>Esta propuesta de formaci\u00f3n surge en el marco del Programa Universitario de Escuelas de Educaci\u00f3n Profesional de la Secretar\u00eda de Pol\u00edticas Universitarias &#8211; SPU &#8211; y tiene por finalidad dar respuestas desde la educaci\u00f3n Superior, haciendo eje en la formaci\u00f3n t\u00e9cnico profesional, considerando la educaci\u00f3n formal y no formal vinculando la ciencia, la investigaci\u00f3n y el desarrollo tecnol\u00f3gico con la resoluci\u00f3n de problemas locales y regionales vinculados al trabajo y la generaci\u00f3n de empleo.<\/p>\n<p>La modalidad de dictado es de car\u00e1cter mixta, es decir virtual y presencial. Las actividades curriculares previstas se realizar\u00e1n mediante la plataforma BigBlueButton y las presenciales se desarrollar\u00e1n en el \u00e1mbito de la FAUD de la Universidad Nacional de San Juan.<\/p>\n","protected":false},"excerpt":{"rendered":"<p>En la Facultad de Arquitectura, Urbanismo y Dise\u00f1o de la Universidad Nacional de San Juan lanz\u00f3 la \u00abDiplomatura de Extensi\u00f3n<\/p>\n","protected":false},"author":3,"featured_media":47807,"comment_status":"closed","ping_status":"closed","sticky":false,"template":"","format":"standard","meta":{"_acf_changed":false,"_seopress_robots_primary_cat":"none","_seopress_titles_title":"","_seopress_titles_desc":"","_seopress_robots_index":"","colormag_page_container_layout":"default_layout","colormag_page_sidebar_layout":"default_layout","footnotes":""},"categories":[9],"tags":[],"class_list":["post-47805","post","type-post","status-publish","format-standard","has-post-thumbnail","hentry","category-cursos"],"acf":[],"_links":{"self":[{"href":"https:\/\/vocesparalelas.com.ar\/sitio\/wp-json\/wp\/v2\/posts\/47805","targetHints":{"allow":["GET"]}}],"collection":[{"href":"https:\/\/vocesparalelas.com.ar\/sitio\/wp-json\/wp\/v2\/posts"}],"about":[{"href":"https:\/\/vocesparalelas.com.ar\/sitio\/wp-json\/wp\/v2\/types\/post"}],"author":[{"embeddable":true,"href":"https:\/\/vocesparalelas.com.ar\/sitio\/wp-json\/wp\/v2\/users\/3"}],"replies":[{"embeddable":true,"href":"https:\/\/vocesparalelas.com.ar\/sitio\/wp-json\/wp\/v2\/comments?post=47805"}],"version-history":[{"count":3,"href":"https:\/\/vocesparalelas.com.ar\/sitio\/wp-json\/wp\/v2\/posts\/47805\/revisions"}],"predecessor-version":[{"id":47811,"href":"https:\/\/vocesparalelas.com.ar\/sitio\/wp-json\/wp\/v2\/posts\/47805\/revisions\/47811"}],"wp:featuredmedia":[{"embeddable":true,"href":"https:\/\/vocesparalelas.com.ar\/sitio\/wp-json\/wp\/v2\/media\/47807"}],"wp:attachment":[{"href":"https:\/\/vocesparalelas.com.ar\/sitio\/wp-json\/wp\/v2\/media?parent=47805"}],"wp:term":[{"taxonomy":"category","embeddable":true,"href":"https:\/\/vocesparalelas.com.ar\/sitio\/wp-json\/wp\/v2\/categories?post=47805"},{"taxonomy":"post_tag","embeddable":true,"href":"https:\/\/vocesparalelas.com.ar\/sitio\/wp-json\/wp\/v2\/tags?post=47805"}],"curies":[{"name":"wp","href":"https:\/\/api.w.org\/{rel}","templated":true}]}}