{"id":47801,"date":"2022-04-13T20:03:03","date_gmt":"2022-04-13T23:03:03","guid":{"rendered":"https:\/\/vocesparalelas.com.ar\/sitio\/?p=47801"},"modified":"2022-04-13T20:03:03","modified_gmt":"2022-04-13T23:03:03","slug":"hlvs-hasta-la-victoria-siempre","status":"publish","type":"post","link":"https:\/\/vocesparalelas.com.ar\/sitio\/hlvs-hasta-la-victoria-siempre\/","title":{"rendered":"\u201cHLVS\u201d &#8211; Hasta la victoria siempre"},"content":{"rendered":"<p>En la comunidad de San Juan causa gran pesar el fallecimiento de Eloy Camus, producido el Martes, 12 de Abril de 2022. Eloy fue un referente de los derechos humanos en la provincia y en la regi\u00f3n. Y en las redes sociales, por ejemplo, un alto n\u00famero de militantes por los derechos humanos, personas de la ciencia, de la docencia, la no docencia y estudiantes de la UNSJ, expresaron su congoja ante la partida de este referente, quien supo lo que fue ser detenido y torturado por la dictadura c\u00edvico militar en Argentina.<\/p>\n<p>Camus fue autor del libro \u00abHistoria de v\u00edctimas de terrorismo de Estado en San Juan &#8211; Argentina\u201d, editado por la entonces EFU &#8211; UNSJ, Editorial Fundaci\u00f3n Universidad, hoy, Editorial de la UNSJ. En 2009, el director de la EFU, Prof. Carlos Fager, dec\u00eda que \u00abmuchos de los que hoy tenemos la suerte de estar vivos y seguir trabajando en esta universidad, sentimos la responsabilidad de traerlo al presente, actualizarlo, por muchas razones que hacen a la recuperaci\u00f3n de nuestra historia y a la necesidad de hacer justicia. Pero tambi\u00e9n, porque muchos de los protagonistas de este libro, fueron nuestros compa\u00f1eros, nuestros amigos, nuestros hermanos, nuestros padres, y pertenec\u00edan a esta casa cuando les fueron arrebatadas sus vidas. (\u2026) Pero como docente, quiero valorar este libro que presentamos como herramienta que permita, en todos los niveles del sistema educativo, recuperar la memoria del pasado reciente, con el valor de lo que est\u00e1 ah\u00ed, as\u00ed de cerca, con muchos de los actores que todav\u00eda pueden dar testimonio de lo que en ese tiempo sucedi\u00f3, y que tiene mucho que ver con la Argentina de nuestros d\u00edas\u201d.<\/p>\n<p>Fue un luchador por la memoria, la verdad y la justicia. Luchador de una lucha que se cristaliza en un permanente camino por recorrer. Por eso en las redes sociales se lo despide con insistentes \u201cHLVS\u201d &#8211; Hasta la victoria siempre.<\/p>\n<p>&nbsp;<\/p>\n<p>&nbsp;<\/p>\n","protected":false},"excerpt":{"rendered":"<p>En la comunidad de San Juan causa gran pesar el fallecimiento de Eloy Camus, producido el Martes, 12 de Abril<\/p>\n","protected":false},"author":3,"featured_media":47803,"comment_status":"closed","ping_status":"closed","sticky":false,"template":"","format":"standard","meta":{"_acf_changed":false,"_seopress_robots_primary_cat":"none","_seopress_titles_title":"","_seopress_titles_desc":"","_seopress_robots_index":"","colormag_page_container_layout":"default_layout","colormag_page_sidebar_layout":"default_layout","footnotes":""},"categories":[1],"tags":[],"class_list":["post-47801","post","type-post","status-publish","format-standard","has-post-thumbnail","hentry","category-destacadas"],"acf":[],"_links":{"self":[{"href":"https:\/\/vocesparalelas.com.ar\/sitio\/wp-json\/wp\/v2\/posts\/47801","targetHints":{"allow":["GET"]}}],"collection":[{"href":"https:\/\/vocesparalelas.com.ar\/sitio\/wp-json\/wp\/v2\/posts"}],"about":[{"href":"https:\/\/vocesparalelas.com.ar\/sitio\/wp-json\/wp\/v2\/types\/post"}],"author":[{"embeddable":true,"href":"https:\/\/vocesparalelas.com.ar\/sitio\/wp-json\/wp\/v2\/users\/3"}],"replies":[{"embeddable":true,"href":"https:\/\/vocesparalelas.com.ar\/sitio\/wp-json\/wp\/v2\/comments?post=47801"}],"version-history":[{"count":1,"href":"https:\/\/vocesparalelas.com.ar\/sitio\/wp-json\/wp\/v2\/posts\/47801\/revisions"}],"predecessor-version":[{"id":47804,"href":"https:\/\/vocesparalelas.com.ar\/sitio\/wp-json\/wp\/v2\/posts\/47801\/revisions\/47804"}],"wp:featuredmedia":[{"embeddable":true,"href":"https:\/\/vocesparalelas.com.ar\/sitio\/wp-json\/wp\/v2\/media\/47803"}],"wp:attachment":[{"href":"https:\/\/vocesparalelas.com.ar\/sitio\/wp-json\/wp\/v2\/media?parent=47801"}],"wp:term":[{"taxonomy":"category","embeddable":true,"href":"https:\/\/vocesparalelas.com.ar\/sitio\/wp-json\/wp\/v2\/categories?post=47801"},{"taxonomy":"post_tag","embeddable":true,"href":"https:\/\/vocesparalelas.com.ar\/sitio\/wp-json\/wp\/v2\/tags?post=47801"}],"curies":[{"name":"wp","href":"https:\/\/api.w.org\/{rel}","templated":true}]}}