{"id":47784,"date":"2022-04-12T23:31:25","date_gmt":"2022-04-13T02:31:25","guid":{"rendered":"https:\/\/vocesparalelas.com.ar\/sitio\/?p=47784"},"modified":"2022-04-14T23:32:02","modified_gmt":"2022-04-15T02:32:02","slug":"se-crea-el-centro-de-investigacion-desarrollo-e-innovacion-para-la-gestion-integral-del-agua-en-el-arido-cigiaa-en-san-juan","status":"publish","type":"post","link":"https:\/\/vocesparalelas.com.ar\/sitio\/se-crea-el-centro-de-investigacion-desarrollo-e-innovacion-para-la-gestion-integral-del-agua-en-el-arido-cigiaa-en-san-juan\/","title":{"rendered":"Se crea el Centro de investigaci\u00f3n, desarrollo e innovaci\u00f3n para la gesti\u00f3n integral del agua en el \u00e1rido &#8211; CIGIAA &#8211; en San Juan"},"content":{"rendered":"<p>La creaci\u00f3n del Centro de investigaci\u00f3n, desarrollo e innovaci\u00f3n para la gesti\u00f3n integral del agua en el \u00e1rido &#8211; CIGIAA &#8211; en San Juan, cuya Directora Dra. Lic. M\u00f3nica Ruiz Guirado, Directora Estaci\u00f3n\u00a0 Experimental INTA San Juan y Docente de la UNSJ, es una propuesta para la conformaci\u00f3n de una nueva organizaci\u00f3n que impulse actividades de I+D+i que apoyen a las decisiones sobre la gesti\u00f3n del agua en ecosistemas \u00e1ridos.<\/p>\n<p>Tendr\u00e1 como finalidad vincular organismos de ciencia y t\u00e9cnica nacionales y provinciales, los gobiernos y usuarios del recurso, promoviendo as\u00ed la formaci\u00f3n de RRHH del sector p\u00fablico y privado de la provincia de San Juan con proyecci\u00f3n regional.<\/p>\n<p>El objetivo del Centro es generar un \u00e1mbito interinstitucional de trabajo en el campo de la investigaci\u00f3n aplicada, la extensi\u00f3n, la transferencia y la formaci\u00f3n de RRHH en relaci\u00f3n con los recursos h\u00eddricos. Los resultados esperados a partir de esta propuesta est\u00e1n direccionados a la generaci\u00f3n de conocimientos que apoyen a los responsables de la toma de decisiones en la gesti\u00f3n sostenible y sustentable de los recursos h\u00eddricos.<\/p>\n<p>El Centro propuesto se proyecta en la provincia de San Juan potenciando las capacidades de las instituciones de C y T participantes en articulaci\u00f3n con el gobierno provincial, facilitando la disponibilidad de informaci\u00f3n de acceso abierto, la investigaci\u00f3n, el desarrollo tecnol\u00f3gico y la innovaci\u00f3n en el manejo del recurso h\u00eddrico y el dise\u00f1o de pol\u00edticas p\u00fablicas que promuevan modificaciones estructurales y no estructurales. As\u00ed se espera contribuir a mejorar la gesti\u00f3n del recurso h\u00eddrico en una zona \u00e1rida, coordinando y sumando las capacidades institucionales de los organismos de C y T del Estado Nacional, la Universidad Nacional de San Juan y el Gobierno Provincial, las cuales actualmente se encuentran dispersas.<\/p>\n<p>El Centro, para cuya conformaci\u00f3n se solicita un aporte al MINCyT de U$D 2.804.795 M, reunir\u00e1 a investigadores y docentes-investigadores de distintas disciplinas: hidrolog\u00eda como geolog\u00eda, geof\u00edsica, geograf\u00eda, ingenier\u00edas; ciencias agrarias como agronom\u00eda, ecofisiolog\u00eda, biotecnolog\u00eda, biolog\u00eda y de disciplinas complementarias como sistemas inform\u00e1ticos, satelitales y estad\u00edsticos y de humanidades y las ciencias sociales como administraci\u00f3n, econom\u00eda, sociolog\u00eda, con el objetivo de sumar capacidades cient\u00edficas y tecnol\u00f3gicas para atender las demandas que plantean los problemas y las oportunidades productivas de la regi\u00f3n.<\/p>\n<p>La propuesta se orienta en una primera etapa a acondicionar y equipar un sector compuesto por aulas destinadas a crear dos nuevos laboratorios: un laboratorio de geom\u00e1tica para el an\u00e1lisis espacio temporal de los eventos h\u00eddricos y uno de biotecnolog\u00eda de cultivos adaptados a zonas \u00e1ridas. De forma complementaria se propone el acondicionamiento y equipamiento del actual laboratorio hidro-qu\u00edmico perteneciente al INA, para constituir un laboratorio de hidroqu\u00edmica de \u00faltima generaci\u00f3n.<\/p>\n<p>Asimismo, se pretende conformar una unidad que cumpla con las expectativas para productores, industrias y otros sectores demandantes. Se pretende que el Centro sea una unidad de apoyo referida a la tem\u00e1tica tanto para el Gobierno de la Provincia como para la UNSJ, el INTA, el INA y la CONAE y los proyectos de I+D+i que a partir de dichas instituciones se generen.<\/p>\n<p>Por ello, Voces Paralelas desarroll\u00f3 una entrevista period\u00edstica al Secretario de Ciencia y T\u00e9cnica de la Universidad Nacional de San Juan,\u00a0Dr. Ing. Eric Laciar Leber, quien explic\u00f3 la aproximaci\u00f3n de la creaci\u00f3n del Centro de investigaci\u00f3n, desarrollo e innovaci\u00f3n para la gesti\u00f3n integral del agua en el \u00e1rido &#8211; CIGIAA &#8211; en San Juan y lo que significa.<\/p>\n<p><iframe loading=\"lazy\" title=\"UNSJ ING ERIC LACIAR\" width=\"800\" height=\"450\" src=\"https:\/\/www.youtube.com\/embed\/sgWNerLKJsE?feature=oembed\" frameborder=\"0\" allow=\"accelerometer; autoplay; clipboard-write; encrypted-media; gyroscope; picture-in-picture\" allowfullscreen><\/iframe><\/p>\n<p>&nbsp;<\/p>\n<p><img loading=\"lazy\" decoding=\"async\" class=\"alignnone size-large wp-image-24303\" src=\"https:\/\/vocesparalelas.com.ar\/sitio\/wp-content\/uploads\/2019\/10\/AGUA-12-800x545.jpg\" alt=\"\" width=\"800\" height=\"545\" srcset=\"https:\/\/vocesparalelas.com.ar\/sitio\/wp-content\/uploads\/2019\/10\/AGUA-12.jpg 800w, https:\/\/vocesparalelas.com.ar\/sitio\/wp-content\/uploads\/2019\/10\/AGUA-12-300x204.jpg 300w, https:\/\/vocesparalelas.com.ar\/sitio\/wp-content\/uploads\/2019\/10\/AGUA-12-768x523.jpg 768w, https:\/\/vocesparalelas.com.ar\/sitio\/wp-content\/uploads\/2019\/10\/AGUA-12-130x90.jpg 130w\" sizes=\"auto, (max-width: 800px) 100vw, 800px\" \/><\/p>\n<p>&nbsp;<\/p>\n<p>&nbsp;<\/p>\n<p>&nbsp;<\/p>\n","protected":false},"excerpt":{"rendered":"<p>La creaci\u00f3n del Centro de investigaci\u00f3n, desarrollo e innovaci\u00f3n para la gesti\u00f3n integral del agua en el \u00e1rido &#8211; CIGIAA<\/p>\n","protected":false},"author":3,"featured_media":47786,"comment_status":"closed","ping_status":"closed","sticky":false,"template":"","format":"video","meta":{"_acf_changed":false,"_seopress_robots_primary_cat":"none","_seopress_titles_title":"","_seopress_titles_desc":"","_seopress_robots_index":"","colormag_page_container_layout":"default_layout","colormag_page_sidebar_layout":"default_layout","footnotes":""},"categories":[10,7],"tags":[],"class_list":["post-47784","post","type-post","status-publish","format-video","has-post-thumbnail","hentry","category-opiniones","category-videos","post_format-post-format-video"],"acf":[],"_links":{"self":[{"href":"https:\/\/vocesparalelas.com.ar\/sitio\/wp-json\/wp\/v2\/posts\/47784","targetHints":{"allow":["GET"]}}],"collection":[{"href":"https:\/\/vocesparalelas.com.ar\/sitio\/wp-json\/wp\/v2\/posts"}],"about":[{"href":"https:\/\/vocesparalelas.com.ar\/sitio\/wp-json\/wp\/v2\/types\/post"}],"author":[{"embeddable":true,"href":"https:\/\/vocesparalelas.com.ar\/sitio\/wp-json\/wp\/v2\/users\/3"}],"replies":[{"embeddable":true,"href":"https:\/\/vocesparalelas.com.ar\/sitio\/wp-json\/wp\/v2\/comments?post=47784"}],"version-history":[{"count":1,"href":"https:\/\/vocesparalelas.com.ar\/sitio\/wp-json\/wp\/v2\/posts\/47784\/revisions"}],"predecessor-version":[{"id":47787,"href":"https:\/\/vocesparalelas.com.ar\/sitio\/wp-json\/wp\/v2\/posts\/47784\/revisions\/47787"}],"wp:featuredmedia":[{"embeddable":true,"href":"https:\/\/vocesparalelas.com.ar\/sitio\/wp-json\/wp\/v2\/media\/47786"}],"wp:attachment":[{"href":"https:\/\/vocesparalelas.com.ar\/sitio\/wp-json\/wp\/v2\/media?parent=47784"}],"wp:term":[{"taxonomy":"category","embeddable":true,"href":"https:\/\/vocesparalelas.com.ar\/sitio\/wp-json\/wp\/v2\/categories?post=47784"},{"taxonomy":"post_tag","embeddable":true,"href":"https:\/\/vocesparalelas.com.ar\/sitio\/wp-json\/wp\/v2\/tags?post=47784"}],"curies":[{"name":"wp","href":"https:\/\/api.w.org\/{rel}","templated":true}]}}