{"id":47778,"date":"2022-04-12T21:08:38","date_gmt":"2022-04-13T00:08:38","guid":{"rendered":"https:\/\/vocesparalelas.com.ar\/sitio\/?p=47778"},"modified":"2022-04-13T01:08:59","modified_gmt":"2022-04-13T04:08:59","slug":"se-lanzo-el-programa-vincular-para-fomentar-el-ingreso-al-trabajo-formal-en-san-juan","status":"publish","type":"post","link":"https:\/\/vocesparalelas.com.ar\/sitio\/se-lanzo-el-programa-vincular-para-fomentar-el-ingreso-al-trabajo-formal-en-san-juan\/","title":{"rendered":"Se lanz\u00f3 el Programa Vincular para fomentar el ingreso al trabajo formal en San Juan"},"content":{"rendered":"<p>El gobernador de San Juan, Dr. Sergio U\u00f1ac, presidi\u00f3 en la tarde de este martes del acto de lanzamiento del programa Vincular, cuyo objetivo es brindar las herramientas para la terminalidad educativa, capacitaci\u00f3n, emprendedurismo, empleo formal, de una poblaci\u00f3n objetivo de 3.398 personas titulares del programa Potenciar Trabajo.<\/p>\n<p>Estuvieron presentes adem\u00e1s, el vicegobernador Roberto Gattoni; el ministro de Desarrollo Humano y Promoci\u00f3n Social, Fabian Aballay: los diputados provinciales Eduardo Cabello y Miguel N\u00fa\u00f1ez; el secretario de Promoci\u00f3n Social, Lucio Gonz\u00e1lez; el subsecretario de Articulaci\u00f3n y Abordaje Territorial, Cristian Morales; el subsecretario de Promoci\u00f3n, Protecci\u00f3n y Desarrollo Social, Federico Barcel\u00f3; la subsecretaria de Asistencia Social, Stella Caparr\u00f3s; el secretario de Promoci\u00f3n y Desarrollo Social, Marcos Andino; el residente de la Uni\u00f3n Industrial de San Juan, Ricardo Palacios; el presidente de la C\u00e1mara de la Construcci\u00f3n de San Juan, Juli\u00e1n Rins, titulares de la capacitaci\u00f3n.<\/p>\n<p>El acto se desarroll\u00f3 en la sala Rogelio Cerdera de Casa de Gobierno y en el inicio se exhibi\u00f3 un video en el que diversos integrantes del programa daban a conocer su expectativa y vinculaci\u00f3n en el desarrollo gracias a la iniciativa.<\/p>\n<p><img loading=\"lazy\" decoding=\"async\" class=\"alignnone size-large wp-image-47781\" src=\"https:\/\/vocesparalelas.com.ar\/sitio\/wp-content\/uploads\/2022\/04\/VINCULAR-02-800x517.jpg\" alt=\"\" width=\"800\" height=\"517\" srcset=\"https:\/\/vocesparalelas.com.ar\/sitio\/wp-content\/uploads\/2022\/04\/VINCULAR-02-800x517.jpg 800w, https:\/\/vocesparalelas.com.ar\/sitio\/wp-content\/uploads\/2022\/04\/VINCULAR-02-300x194.jpg 300w, https:\/\/vocesparalelas.com.ar\/sitio\/wp-content\/uploads\/2022\/04\/VINCULAR-02-768x496.jpg 768w, https:\/\/vocesparalelas.com.ar\/sitio\/wp-content\/uploads\/2022\/04\/VINCULAR-02.jpg 1023w\" sizes=\"auto, (max-width: 800px) 100vw, 800px\" \/><\/p>\n<p>En el inicio de su discurso, el gobernador consider\u00f3 \u00absumamente significativo generar mejores oportunidades, para que todos los sanjuaninos pensemos que San Juan tiene presente y futuro, que en San Juan se generan oportunidades para todos y que trabajamos todos los d\u00edas para todos los sectores\u201d.<\/p>\n<p>Seguidamente, puso de relieve el trabajo conjunto entre los sectores p\u00fablico y privado en la \u00abgeneraci\u00f3n de oportunidades dignas de trabajo y de inclusi\u00f3n en la provincia de San Juan\u00bb.<\/p>\n<p>U\u00f1ac se refiri\u00f3 adem\u00e1s al impacto que generar\u00e1 la puesta en marcha del proyecto Josemar\u00eda, que recientemente recibi\u00f3 la aprobaci\u00f3n de la Declaraci\u00f3n de Impacto Ambiental: \u00abLos sanjuaninos vamos a tener la oportunidad de que una empresa internacional invierta 4.000 millones de d\u00f3lares en San Juan y pueda generar riqueza, pero fundamentalmente de la mano de la riqueza, la generaci\u00f3n de empleo\u201d.<\/p>\n<p>En ese sentido, el gobernador ponder\u00f3 que \u00abel Estado se tiene que capacitar para tener la agilidad necesaria para proveer las demandas que el sector va a necesitar, se tiene que capacitar el sector privado tanto empresarial, como trabajadores, porque en definitiva va a ser muy grande el volumen de inversi\u00f3n, va a ser muy alta la demanda\u201d.<\/p>\n<p>Para finalizar, el primer mandatario provincial asever\u00f3 que la iniciativa puesta en marcha en la jornada \u00abes capaz de transformar realidades y es el mejor ejemplo del trabajo conjunto entres los sectores p\u00fablico y privado. Debemos todos seguir construyendo esta provincia que nos merecemos todos los sanjuaninos\u00bb.<\/p>\n<p>Por su parte, el ministro de Desarrollo Humano, Fabian Aballay, calific\u00f3 como \u201cuna jornada importante en la que presentamos una acci\u00f3n coordinada entre el sector privado y p\u00fablico. Entend\u00edamos que el Estado no es el gran empleador, sino que es el que tiene la gran responsabilidad de generar el clima propicio para que desde el sector privado generar acciones que tengan que ver con la toma de mano de obra\u201d.<\/p>\n<p>Se\u00f1al\u00f3 el ministro que \u201chay un nivel de empresarios que ha entendido que este camino que genera bienestar a la familia sanjuanina se puede llevar adelante siempre y cuando ambos sectores vayan de la mano. Nos permite que muchos titulares del Programa Potenciar puedan ser capacitados para generar mano de obra calificada, que en definitiva es lo que reclama el sector privado\u00bb.<\/p>\n<p>\u00abEstamos ante un gran desaf\u00edo, estamos llevando adelante una idea que surge del sector privado\u00bb, a\u00f1adi\u00f3 Aballay, quien destac\u00f3 la gran convocatoria del programa en b\u00fasqueda de herramientas para alcanzar el empleo formal.<\/p>\n<p>A su turno, el subsecretario de Articulaci\u00f3n y Abordaje Territorial, Cristian Morales, explic\u00f3 que se comenz\u00f3 a trabajar \u201cen vincular demandas, ofertas, propuestas, sue\u00f1os, expectativas, proyectos, tambi\u00e9n las necesidades que el mercado laboral que la Provincia demanda. Conversamos con la UIA, C\u00e1mara de la Construcci\u00f3n, UOCRA y dise\u00f1amos algo para generar un trabajo digno\u00bb.<\/p>\n<p>\u00abEl Gobierno de San Juan escuch\u00f3 las necesidades y en esa tarea de escucharlos realizamos un diagnostico con 3.000 entrevistas y en los \u00faltimos cuatro meses entrevistas presenciales, donde escuchamos sus capacitaciones, experiencias laborales, sus sue\u00f1os\u201d.<\/p>\n<p>En este sentido, explic\u00f3 que el programa contar\u00e1 con cuatro l\u00edneas de trabajo y brindar\u00e1 la posibilidad de \u00abalcanzar la terminalidad educativa gracias al trabajo conjunto con las universidades y el Ministerio de Educaci\u00f3n, as\u00ed como impulsar emprendimientos y capacitaciones, al igual que aprender un oficio, y para otros tener la posibilidad de tener un empleo registrado\u201d.<\/p>\n<p>Morales detall\u00f3 que \u201cel pr\u00f3ximo lunes comenzar\u00e1 el programa con el inicio de cuatro cursos: curso de sanitarista, construcci\u00f3n en seco, soldador y electricista. Esperamos en tres meses tener 80 sanjuaninas y sanjuaninos capacitados, siendo la mitad del cupo mujeres\u201d.<\/p>\n<p>Por \u00faltimo, el presidente de la UIA, Ricardo Palacios, remarc\u00f3 la necesidad de formarse a partir de la demanda del sector privado: \u00abCon ese planteo logramos formalizar el encuentro en la primera articulaci\u00f3n publico privada. En San Juan se nos hace muy f\u00e1cil esta articulaci\u00f3n p\u00fablico-privado y eso habla muy bien de la provincia. No pasa as\u00ed seguramente en muchos lugares, pero ac\u00e1 se nos est\u00e1 haciendo bastante f\u00e1cil\u00bb.<\/p>\n<p>Agreg\u00f3 que \u201cpoder lograr esto es un sue\u00f1o, porque la expectativa del ciudadano es tener un trabajo digno y desde el sector privado est\u00e1 la necesidad de que la gente se capacite\u201d.<\/p>\n<p>&nbsp;<\/p>\n<p><iframe loading=\"lazy\" title=\"Acto de Lanzamiento y Firma de Convenio  de \u201cPrograma Vincular\u201d\" width=\"800\" height=\"450\" src=\"https:\/\/www.youtube.com\/embed\/zDCLe4ESoOY?feature=oembed\" frameborder=\"0\" allow=\"accelerometer; autoplay; clipboard-write; encrypted-media; gyroscope; picture-in-picture\" allowfullscreen><\/iframe><\/p>\n","protected":false},"excerpt":{"rendered":"<p>El gobernador de San Juan, Dr. Sergio U\u00f1ac, presidi\u00f3 en la tarde de este martes del acto de lanzamiento del<\/p>\n","protected":false},"author":3,"featured_media":47780,"comment_status":"closed","ping_status":"closed","sticky":false,"template":"","format":"video","meta":{"_acf_changed":false,"_seopress_robots_primary_cat":"none","_seopress_titles_title":"","_seopress_titles_desc":"","_seopress_robots_index":"","colormag_page_container_layout":"default_layout","colormag_page_sidebar_layout":"default_layout","footnotes":""},"categories":[1,7],"tags":[],"class_list":["post-47778","post","type-post","status-publish","format-video","has-post-thumbnail","hentry","category-destacadas","category-videos","post_format-post-format-video"],"acf":[],"_links":{"self":[{"href":"https:\/\/vocesparalelas.com.ar\/sitio\/wp-json\/wp\/v2\/posts\/47778","targetHints":{"allow":["GET"]}}],"collection":[{"href":"https:\/\/vocesparalelas.com.ar\/sitio\/wp-json\/wp\/v2\/posts"}],"about":[{"href":"https:\/\/vocesparalelas.com.ar\/sitio\/wp-json\/wp\/v2\/types\/post"}],"author":[{"embeddable":true,"href":"https:\/\/vocesparalelas.com.ar\/sitio\/wp-json\/wp\/v2\/users\/3"}],"replies":[{"embeddable":true,"href":"https:\/\/vocesparalelas.com.ar\/sitio\/wp-json\/wp\/v2\/comments?post=47778"}],"version-history":[{"count":1,"href":"https:\/\/vocesparalelas.com.ar\/sitio\/wp-json\/wp\/v2\/posts\/47778\/revisions"}],"predecessor-version":[{"id":47782,"href":"https:\/\/vocesparalelas.com.ar\/sitio\/wp-json\/wp\/v2\/posts\/47778\/revisions\/47782"}],"wp:featuredmedia":[{"embeddable":true,"href":"https:\/\/vocesparalelas.com.ar\/sitio\/wp-json\/wp\/v2\/media\/47780"}],"wp:attachment":[{"href":"https:\/\/vocesparalelas.com.ar\/sitio\/wp-json\/wp\/v2\/media?parent=47778"}],"wp:term":[{"taxonomy":"category","embeddable":true,"href":"https:\/\/vocesparalelas.com.ar\/sitio\/wp-json\/wp\/v2\/categories?post=47778"},{"taxonomy":"post_tag","embeddable":true,"href":"https:\/\/vocesparalelas.com.ar\/sitio\/wp-json\/wp\/v2\/tags?post=47778"}],"curies":[{"name":"wp","href":"https:\/\/api.w.org\/{rel}","templated":true}]}}