{"id":47768,"date":"2022-04-12T18:42:45","date_gmt":"2022-04-12T21:42:45","guid":{"rendered":"https:\/\/vocesparalelas.com.ar\/sitio\/?p=47768"},"modified":"2022-04-13T01:09:44","modified_gmt":"2022-04-13T04:09:44","slug":"hacia-la-disertacion-sobre-energias-renovables-de-san-juan","status":"publish","type":"post","link":"https:\/\/vocesparalelas.com.ar\/sitio\/hacia-la-disertacion-sobre-energias-renovables-de-san-juan\/","title":{"rendered":"Hacia la disertaci\u00f3n sobre energ\u00edas renovables de San Juan"},"content":{"rendered":"<p>El gobernador de San Juan, Dr. Sergio U\u00f1ac se reuni\u00f3 en Buenos Aires con referentes empresariales y sindicales de la provincial de Neuqu\u00e9n, quienes, interesados en el desarrollo de energ\u00edas renovables que lleva adelante San Juan.<\/p>\n<p>En esa instancia, invitaron al mandatario a disertar en un coloquio sobre energ\u00edas no convencionales que se desarrolla en Mayo de 2022.<\/p>\n<p>El encuentro se realiz\u00f3 en la Casa de San Juan en Buenos Aires, participaron Manuel Ar\u00e9valo, secretario general del Sindicato del Personal Jer\u00e1rquico y Profesional del Petr\u00f3leo y Gas Privado de Neuqu\u00e9n, R\u00edo Negro y La Pampa; Ram\u00f3n Alberto Fern\u00e1ndez, secretario gremial del Centro Empleados de Comercio del Neuqu\u00e9n; Cristian Berguese, presidente de la C\u00e1mara Empresarial Industria Petrolera y Afines de Neuqu\u00e9n; Mauricio Uribe, presidente de la Federaci\u00f3n de C\u00e1maras de Empresas del Sector Energ\u00e9tico de Neuqu\u00e9n; Claudio Urcera, de la C\u00e1mara Patag\u00f3nica de Empresas de Servicios Petroleros y Guillermo Pereyra, referente de la Azul y Blanca del Movimiento Popular Neuquino, presidente de la Mutual de Empleados y Obreros Petroleros Privados, presidente de Ospepri y presidente de la ART Mutual.<\/p>\n<p>Durante la reuni\u00f3n, los referentes neuquinos, vinculados mayormente al sector petrolero y en especial a Vaca Muerta, mostraron su inter\u00e9s en el modelo San Juan, destacando que la Provincia cuenta con una administraci\u00f3n ordenada y herramientas necesarias para que sector privado pueda generar mano de obra genuina, fortaleciendo el c\u00edrculo vicioso de la econom\u00eda.<\/p>\n<p>Los dirigentes realizaron un an\u00e1lisis de la actual coyuntura energ\u00e9tica y minera, principalmente en el desarrollo de las energ\u00edas renovables que lleva adelante San Juan y de la inversi\u00f3n de m\u00e1s de 90 millones de d\u00f3lares que YPF Luz har\u00e1 en la provincial con la construcci\u00f3n del parque solar m\u00e1s grande del pa\u00eds.<\/p>\n<p><img loading=\"lazy\" decoding=\"async\" class=\"alignnone size-full wp-image-47771\" src=\"https:\/\/vocesparalelas.com.ar\/sitio\/wp-content\/uploads\/2022\/04\/UNAC-NEUQUEN.jpg\" alt=\"\" width=\"800\" height=\"530\" srcset=\"https:\/\/vocesparalelas.com.ar\/sitio\/wp-content\/uploads\/2022\/04\/UNAC-NEUQUEN.jpg 800w, https:\/\/vocesparalelas.com.ar\/sitio\/wp-content\/uploads\/2022\/04\/UNAC-NEUQUEN-300x199.jpg 300w, https:\/\/vocesparalelas.com.ar\/sitio\/wp-content\/uploads\/2022\/04\/UNAC-NEUQUEN-768x509.jpg 768w\" sizes=\"auto, (max-width: 800px) 100vw, 800px\" \/><\/p>\n<p>Tras el encuentro, Guillermo Pereyra destac\u00f3 la sinergia entre el Gobierno provincial y los sectores laboral y empresarial al asegurar que \u00abla idea es ver c\u00f3mo es una provincia bien administrada y sin d\u00e9ficit. Est\u00e1 muy bien aprender de los que saben gestionar\u00bb.<\/p>\n<p>En ese contexto, el gobernador sanjuanino fue invitado a participar pr\u00f3ximamente en un coloquio sobre energ\u00edas no convencionales, en el que expondr\u00e1 los avances en el desarrollo de energ\u00eda solar que han posicionado a la provincial como l\u00edder del sector a nivel nacional, concentrando el 46 % de los parques solares en operaci\u00f3n del pa\u00eds, con 16 plantas en operaci\u00f3n y liderando adem\u00e1s la generaci\u00f3n de energ\u00eda fotovoltaica concentrando el 31,9 % de toda la energ\u00eda solar producida en el pa\u00eds.<\/p>\n<p>Adem\u00e1s, Pereyra agreg\u00f3 que durante la visita de U\u00f1ac, buscar\u00e1n que el gobernador pueda \u201cinteractuar e intercambiar ideas con el sector empresario pyme local y con los trabajadores agremiados para enriquecer una propuesta de trabajo y crecimiento\u201d.<\/p>\n","protected":false},"excerpt":{"rendered":"<p>El gobernador de San Juan, Dr. Sergio U\u00f1ac se reuni\u00f3 en Buenos Aires con referentes empresariales y sindicales de la<\/p>\n","protected":false},"author":3,"featured_media":47770,"comment_status":"closed","ping_status":"closed","sticky":false,"template":"","format":"standard","meta":{"_acf_changed":false,"_seopress_robots_primary_cat":"none","_seopress_titles_title":"","_seopress_titles_desc":"","_seopress_robots_index":"","colormag_page_container_layout":"default_layout","colormag_page_sidebar_layout":"default_layout","footnotes":""},"categories":[1],"tags":[],"class_list":["post-47768","post","type-post","status-publish","format-standard","has-post-thumbnail","hentry","category-destacadas"],"acf":[],"_links":{"self":[{"href":"https:\/\/vocesparalelas.com.ar\/sitio\/wp-json\/wp\/v2\/posts\/47768","targetHints":{"allow":["GET"]}}],"collection":[{"href":"https:\/\/vocesparalelas.com.ar\/sitio\/wp-json\/wp\/v2\/posts"}],"about":[{"href":"https:\/\/vocesparalelas.com.ar\/sitio\/wp-json\/wp\/v2\/types\/post"}],"author":[{"embeddable":true,"href":"https:\/\/vocesparalelas.com.ar\/sitio\/wp-json\/wp\/v2\/users\/3"}],"replies":[{"embeddable":true,"href":"https:\/\/vocesparalelas.com.ar\/sitio\/wp-json\/wp\/v2\/comments?post=47768"}],"version-history":[{"count":1,"href":"https:\/\/vocesparalelas.com.ar\/sitio\/wp-json\/wp\/v2\/posts\/47768\/revisions"}],"predecessor-version":[{"id":47773,"href":"https:\/\/vocesparalelas.com.ar\/sitio\/wp-json\/wp\/v2\/posts\/47768\/revisions\/47773"}],"wp:featuredmedia":[{"embeddable":true,"href":"https:\/\/vocesparalelas.com.ar\/sitio\/wp-json\/wp\/v2\/media\/47770"}],"wp:attachment":[{"href":"https:\/\/vocesparalelas.com.ar\/sitio\/wp-json\/wp\/v2\/media?parent=47768"}],"wp:term":[{"taxonomy":"category","embeddable":true,"href":"https:\/\/vocesparalelas.com.ar\/sitio\/wp-json\/wp\/v2\/categories?post=47768"},{"taxonomy":"post_tag","embeddable":true,"href":"https:\/\/vocesparalelas.com.ar\/sitio\/wp-json\/wp\/v2\/tags?post=47768"}],"curies":[{"name":"wp","href":"https:\/\/api.w.org\/{rel}","templated":true}]}}